{"id":630,"date":"2021-03-01T05:47:35","date_gmt":"2021-03-01T05:47:35","guid":{"rendered":"https:\/\/muvaclinares.es\/?p=630"},"modified":"2021-03-07T08:09:27","modified_gmt":"2021-03-07T08:09:27","slug":"entrevista-a-eduardo-palomares-en-el-observador","status":"publish","type":"post","link":"https:\/\/muvacandalucia.es\/index.php\/2021\/03\/01\/entrevista-a-eduardo-palomares-en-el-observador\/","title":{"rendered":"Entrevista a Eduardo Palomares en &#8220;El observador&#8221;"},"content":{"rendered":"<p>Nos ha parecido del m\u00e1ximo inter\u00e9s compartir con nuestros lectores la entrevista a Eduardo Palomares (EDUMA) publicada por &#8220;El observador&#8221;. Reproducimos a continuaci\u00f3n algunos de los primeros p\u00e1rrafos. El resto podr\u00e1 leerlo en el enlace adjunto. Merece la pena. Gracias a Eduardo por su labor a lo largo de toda\u00a0 una vida y a <em>El observador<\/em> y a Javier Esturillo por tan merecido homenaje y meritorio trabajo.<\/p>\n<div class=\"td_block_wrap tdb_title tdi_219_c4c tdb-single-title td-pb-border-top td_block_template_1\" data-td-block-uid=\"tdi_219_c4c\">\n<div class=\"tdb-block-inner td-fix-index\">\n<h2 class=\"tdb-title-text\">\u00abEl arte no solo es pintar, sino saber descubrir sentimientos y transmitirlos\u00bb<\/h2>\n<\/div>\n<\/div>\n<div class=\"td_block_wrap tdb_single_author tdi_220_7bd td-pb-border-top td_block_template_1 tdb-post-meta\" data-td-block-uid=\"tdi_220_7bd\">\n<div class=\"tdb-block-inner td-fix-index\">\n<div class=\"tdb-author-name-wrap\"><span class=\"tdb-author-by\">Por<\/span> <a class=\"tdb-author-name\" href=\"https:\/\/eocomarca.es\/author\/javier-esturillo\/\">Javier Esturillo<\/a><\/div>\n<\/div>\n<\/div>\n<div class=\"td_block_wrap tdb_single_date tdi_221_b04 td-pb-border-top td_block_template_1 tdb-post-meta\" data-td-block-uid=\"tdi_221_b04\">\n<div class=\"tdb-block-inner td-fix-index\"><i class=\"td-icon-line1-thin\"><\/i><time class=\"entry-date updated td-module-date\" datetime=\"2021-02-28T10:06:52+01:00\">28 de febrero de 2021<\/time><\/div>\n<\/div>\n<div class=\"td_block_wrap tdb_single_post_share tdi_222_4bb td-pb-border-top td_block_template_1\" data-td-block-uid=\"tdi_222_4bb\">\n<div id=\"tdi_222_4bb\" class=\"td-post-sharing tdb-block td-ps-bg td-ps-padding td-ps-rounded td-post-sharing-style4 \">\n<div class=\"td-post-sharing-visible\">\n<div class=\"td-social-sharing-button td-social-sharing-button-js td-social-handler td-social-share-text\">\n<div class=\"td-social-but-icon\"><\/div>\n<\/div>\n<\/div>\n<\/div>\n<\/div>\n<div class=\"td_block_wrap tdb_single_content tdi_223_b0e td-pb-border-top td_block_template_1 td-post-content tagdiv-type\" data-td-block-uid=\"tdi_223_b0e\">\n<div class=\"tdb-block-inner td-fix-index\">\n<p><strong>Eduardo Palomares Fern\u00e1ndez<\/strong> (Linares, 1954) es quiz\u00e1 una de las personas que m\u00e1s sabe de arte en la provincia. A mediados de la d\u00e9cada de los 70 fund\u00f3 la <strong>Galer\u00eda Eduma<\/strong>, todo un referente cultural de la ciudad y de Andaluc\u00eda hasta su cierre hace unos a\u00f1os.<\/p>\n<p>En la actualidad, dirige la sala de exposiciones de <a href=\"https:\/\/gourmetcazorla.es\/\"><strong>Gourmet Cazorla<\/strong><\/a>, en el Pol\u00edgono de Los Rubiales. Un espacio de primer nivel por el que ya han pasado muestras de incalculable valor para un municipio de poco m\u00e1s de 57.000 habitantes.<\/p>\n<p>Adem\u00e1s de su amplia y relevante <strong>experiencia como galerista<\/strong>, es un <strong>gran amante<\/strong> del <strong>\u00e1mbito de la cultura<\/strong> en todas sus disciplinas.<\/p>\n<p>Reunidos en el marco de la exposici\u00f3n <strong>\u2018Redescubriendo\u2019<\/strong> sobre el <strong>patrimonio pict\u00f3rico del Ayuntamiento de Linares<\/strong>, <strong>conversamos<\/strong> con \u00e9l sobre <strong>un amplio abanico de asuntos<\/strong> relacionados con el arte y la ciudad: los prejuicios de los linarenses, la relaci\u00f3n entre pol\u00edtica y cultura, la naturaleza potencialmente perniciosa del empleo institucional, la creciente intolerancia a la frustraci\u00f3n en la sociedad actual, el aumento de la mediocridad, etc.<\/p>\n<p>Tambi\u00e9n abordamos la figura de dos linarenses ilustres: <strong>Miguel P\u00e9rez Aguilera<\/strong> y <strong>Sebasti\u00e1n Palomo Linares<\/strong>, del que fue su representante y amigo personal hasta su muerte.<\/p>\n<p>A veces coquetea con la grandilocuencia y otras con la pol\u00e9mica. Pero, sobre todo, <strong>habla claro<\/strong>, sin hipotecas con el poder, con la profesi\u00f3n o con el p\u00fablico. Se\u00f1alando a quienes provocan que, a pesar del \u00e9xito y la reputaci\u00f3n, llevar un exposici\u00f3n adelante siga siendo casi sin\u00f3nimo de ruina econ\u00f3mica&#8230;<\/p>\n<p><img decoding=\"async\" loading=\"lazy\" class=\"aligncenter wp-image-13307 size-full lazyloaded\" src=\"https:\/\/eocomarca.es\/wp-content\/uploads\/2021\/02\/EDUARDO_PALOMARES_ENTREVISTA_LINARES-8.jpg\" sizes=\"(max-width: 1394px) 100vw, 1394px\" srcset=\"https:\/\/eocomarca.es\/wp-content\/uploads\/2021\/02\/EDUARDO_PALOMARES_ENTREVISTA_LINARES-8.jpg 1394w, https:\/\/eocomarca.es\/wp-content\/uploads\/2021\/02\/EDUARDO_PALOMARES_ENTREVISTA_LINARES-8-300x188.jpg 300w, https:\/\/eocomarca.es\/wp-content\/uploads\/2021\/02\/EDUARDO_PALOMARES_ENTREVISTA_LINARES-8-1024x643.jpg 1024w, https:\/\/eocomarca.es\/wp-content\/uploads\/2021\/02\/EDUARDO_PALOMARES_ENTREVISTA_LINARES-8-768x482.jpg 768w, https:\/\/eocomarca.es\/wp-content\/uploads\/2021\/02\/EDUARDO_PALOMARES_ENTREVISTA_LINARES-8-696x437.jpg 696w, https:\/\/eocomarca.es\/wp-content\/uploads\/2021\/02\/EDUARDO_PALOMARES_ENTREVISTA_LINARES-8-1068x670.jpg 1068w\" alt=\"\" width=\"1394\" height=\"875\" data-ll-status=\"loaded\" \/><\/p>\n<p>Continue leyendo el art\u00edculo en <a href=\"https:\/\/eocomarca.es\/entrevista-a-eduardo-palomares\/\"><em>El observador<\/em><\/a><\/p>\n<\/div>\n<\/div>\n","protected":false},"excerpt":{"rendered":"<p>Nos ha parecido del m\u00e1ximo inter\u00e9s compartir con nuestros lectores la entrevista a Eduardo Palomares (EDUMA) publicada por &#8220;El observador&#8221;. Reproducimos a continuaci\u00f3n algunos de los primeros p\u00e1rrafos. El resto&hellip;<\/p>\n","protected":false},"author":1,"featured_media":631,"comment_status":"open","ping_status":"open","sticky":false,"template":"","format":"standard","meta":[],"categories":[214],"tags":[222,224,223],"jetpack_featured_media_url":"https:\/\/muvacandalucia.es\/wp-content\/uploads\/2021\/03\/Imagen-Eduardo-Palomares.jpg","_links":{"self":[{"href":"https:\/\/muvacandalucia.es\/index.php\/wp-json\/wp\/v2\/posts\/630"}],"collection":[{"href":"https:\/\/muvacandalucia.es\/index.php\/wp-json\/wp\/v2\/posts"}],"about":[{"href":"https:\/\/muvacandalucia.es\/index.php\/wp-json\/wp\/v2\/types\/post"}],"author":[{"embeddable":true,"href":"https:\/\/muvacandalucia.es\/index.php\/wp-json\/wp\/v2\/users\/1"}],"replies":[{"embeddable":true,"href":"https:\/\/muvacandalucia.es\/index.php\/wp-json\/wp\/v2\/comments?post=630"}],"version-history":[{"count":1,"href":"https:\/\/muvacandalucia.es\/index.php\/wp-json\/wp\/v2\/posts\/630\/revisions"}],"predecessor-version":[{"id":632,"href":"https:\/\/muvacandalucia.es\/index.php\/wp-json\/wp\/v2\/posts\/630\/revisions\/632"}],"wp:featuredmedia":[{"embeddable":true,"href":"https:\/\/muvacandalucia.es\/index.php\/wp-json\/wp\/v2\/media\/631"}],"wp:attachment":[{"href":"https:\/\/muvacandalucia.es\/index.php\/wp-json\/wp\/v2\/media?parent=630"}],"wp:term":[{"taxonomy":"category","embeddable":true,"href":"https:\/\/muvacandalucia.es\/index.php\/wp-json\/wp\/v2\/categories?post=630"},{"taxonomy":"post_tag","embeddable":true,"href":"https:\/\/muvacandalucia.es\/index.php\/wp-json\/wp\/v2\/tags?post=630"}],"curies":[{"name":"wp","href":"https:\/\/api.w.org\/{rel}","templated":true}]}}