{"id":605,"date":"2021-02-06T10:39:58","date_gmt":"2021-02-06T10:39:58","guid":{"rendered":"https:\/\/muvaclinares.es\/?p=605"},"modified":"2021-02-06T10:39:58","modified_gmt":"2021-02-06T10:39:58","slug":"jose-luis-alvarado-rus","status":"publish","type":"post","link":"https:\/\/muvacandalucia.es\/index.php\/2021\/02\/06\/jose-luis-alvarado-rus\/","title":{"rendered":"Jos\u00e9 Luis Alvarado Rus"},"content":{"rendered":"<p align=\"LEFT\"><span style=\"font-family: BerkeleyStd-Medium, serif;\"><span style=\"font-size: small;\">Jos\u00e9 Luis Alvarado Rus, es natural de <span style=\"font-family: BerkeleyStd-Book, serif;\">Linares donde nac\u00ed\u00f3 en 1936) hijo y heredero de la tradici\u00f3n pict\u00f3rica de su padre y abuelo, ambos pintores autodidactas como el mismo Jose Luis. El linarense, que alcanz\u00f3 en vida un alto reconocimiento en nuestra ciudad inicia su andadura en la pintura de la mano de su padre y realiza varias exposiciones individuales y colectivas.<\/span><\/span><\/span><\/p>\n<p align=\"LEFT\"><span style=\"font-family: BerkeleyStd-Medium, serif;\"><span style=\"font-size: small;\"><span style=\"font-family: BerkeleyStd-Book, serif;\">Su producci\u00f3n es muy variada y abarca la representaci\u00f3n paisaj\u00edstica y la figurativa obteniendo algunos premios con un estilo que mantiene \u201cun velo de nostalgia y un acabado con justificados empastes de gratas sensaciones\u201d (Viribay, 2011:423). <\/span><span style=\"color: #1a181c;\"><span style=\"font-family: BerkeleyStd-Book, serif;\">En una entrevista del 11 de mayo de 1969 recogida por Almansa Moreno (VVAA, 2016: 51) el artista nos define su pintura con las siguientes palabras: <\/span><\/span><span style=\"color: #1a181c;\"><span style=\"font-family: BerkeleyStd-BookItalic, serif;\"><i>\u201cla pintura que yo hago la considero corriente, con algunos detalles que me salen de dentro, \u00bfMi estilo? <\/i><\/span><\/span><span style=\"color: #1a181c;\"><span style=\"font-family: BerkeleyStd-Book, serif;\"><i>Es cl\u00e1sico modernizado. Lo mismo en paisaje que en la figura\u201d.<\/i><\/span><\/span><\/span><\/span><\/p>\n<p align=\"LEFT\"><span style=\"font-family: BerkeleyStd-Book, serif;\"><span style=\"font-size: small;\"><i>De alg\u00fan modo, como sucede en And\u00fajar con el Santuario de la Virgen de la Cabeza, en Linares, aunque de otro modo y proporci\u00f3n, el Santuario de la Virgen de Linarejos centra la atenci\u00f3n, iniciando la decoraci\u00f3n de su b\u00f3veda el mural de la nave central, realizado por el pintor catal\u00e1n Carulla Serra, antes de iniciar Ba\u00f1os su conocida decoraci\u00f3n parietal<\/i><\/span><\/span><span style=\"font-family: BerkeleyStd-Book, serif;\"><span style=\"font-size: small;\"> (Viribay, 2011:423).<\/span><\/span><\/p>\n<p align=\"LEFT\"><span style=\"color: #1a181c;\"><span style=\"font-family: BerkeleyStd-Book, serif;\"><span style=\"font-size: small;\">Pertenece a la Asociaci\u00f3n de Artistas Pl\u00e1sticos de Ja\u00e9n (Aplaja) y ha participado como jurado en diferentes exposiciones del Ayuntamiento de Linares (como el XXX Concurso de Pintura \u201cExaltaci\u00f3n al trabajo\u201d, en mayo de 1970). Con su obra expuesta en la galer\u00eda de su propiedad dispuesta en su propio domicilio, recibe numerosos encargos. <\/span><\/span><\/span><\/p>\n<p align=\"LEFT\"><span style=\"color: #1a181c;\"><span style=\"font-family: BerkeleyStd-Book, serif;\"><span style=\"font-size: small;\">De su producci\u00f3n, podemos destacar el cartel de la Feria de San Agust\u00edn de 1977 en el que seg\u00fan recoge, en su <\/span><\/span><\/span><a href=\"http:\/\/www.centrodeestudioslinarenses.es\/imagenes.php?galeria_id=1.\">rese\u00f1a de esta obra de Alvarado<\/a><span style=\"color: #1a181c;\"><span style=\"font-family: BerkeleyStd-Book, serif;\"><span style=\"font-size: small;\">, la WEB del Centro de Estudios Linarenses, <\/span><\/span><\/span><span style=\"color: #1a181c;\"><span style=\"font-family: Palatino-Roman, serif;\"><span style=\"font-size: small;\">\u201cAlvarado no duda en humanizar el escudo de Linares, dot\u00e1ndolo de unas esbozadas piernas, que no son m\u00e1s que dos l\u00ednaes de color negro y dos brazos que sujetan unas cata\u00f1uelas, otorgndo una personalidad aplastante a su boceto; tampoco le falta a esta humanizaci\u00f3n, de un escudo tan partcular como el de Linares, el socorrido sombrero cordob\u00e9s que denota aires feriales. El predomimio de los colores verde y blanco son una clara alusi\u00f3n a Andaluc\u00eda y su presentida autonom\u00eda, m\u00e1s que palpable al ver ese ramo de claeles, que bien podr\u00eda representar las provincias andaluzas\u201d. <\/span><\/span><\/span><\/p>\n<figure id=\"attachment_606\" aria-describedby=\"caption-attachment-606\" style=\"width: 337px\" class=\"wp-caption alignright\"><img decoding=\"async\" loading=\"lazy\" class=\"size-full wp-image-606\" src=\"https:\/\/muvacandalucia.es\/wp-content\/uploads\/2021\/02\/Cartel-feria-1977.jpg\" alt=\"Cartel de Feria 1977\" width=\"337\" height=\"480\" srcset=\"https:\/\/muvacandalucia.es\/wp-content\/uploads\/2021\/02\/Cartel-feria-1977.jpg 337w, https:\/\/muvacandalucia.es\/wp-content\/uploads\/2021\/02\/Cartel-feria-1977-211x300.jpg 211w\" sizes=\"(max-width: 337px) 100vw, 337px\" \/><figcaption id=\"caption-attachment-606\" class=\"wp-caption-text\">Jose Luis Alvarado Rus. Cartel de Feria 1977<\/figcaption><\/figure>\n<p align=\"LEFT\">BIBLIOGRAF\u00cdA<\/p>\n<p><span style=\"font-family: Palatino-Roman, serif;\"><span style=\"font-size: small;\"><span style=\"color: #1a181c;\">ALMANSA MORENO, Jos\u00e9 Manuel; ROBLES MART\u00cdN, Juan Manuel (Coord.): <\/span><span style=\"color: #1a181c;\"><span style=\"font-family: Palatino-Italic, serif;\"><i>50 a\u00f1os de artes pl\u00e1sticas en Ja\u00e9n Creaci\u00f3n,<\/i><\/span><\/span><span style=\"font-family: Palatino-Italic, serif;\"><i>medios y espacios (1960-2010). <\/i><\/span>Ja\u00e9n: Instituto de Estudios Giennenses y Diputaci\u00f3n Provincial de Ja\u00e9n, 2016, p. 51<\/span><\/span><\/p>\n<p><span style=\"font-family: Palatino-Roman, serif;\"><span style=\"font-size: small;\"><span style=\"font-family: BerkeleyStd-Book, serif;\">VIRIBAY ABAD, Miguel. Aproximaci\u00f3n a la pintura en Ja\u00e9n: 1900-1960. <\/span><span style=\"font-family: BerkeleyStd-Book, serif;\"><i>Bolet\u00edn del Instituto de Estudios Giennenses<\/i><\/span><span style=\"font-family: BerkeleyStd-Book, serif;\">, 2011, no 204, p. 423<\/span><\/span><\/span><\/p>\n","protected":false},"excerpt":{"rendered":"<p>Jos\u00e9 Luis Alvarado Rus, es natural de Linares donde nac\u00ed\u00f3 en 1936) hijo y heredero de la tradici\u00f3n pict\u00f3rica de su padre y abuelo, ambos pintores autodidactas como el mismo&hellip;<\/p>\n","protected":false},"author":1,"featured_media":606,"comment_status":"open","ping_status":"open","sticky":false,"template":"","format":"standard","meta":[],"categories":[9],"tags":[212,54,22,211,210,14,13],"jetpack_featured_media_url":"https:\/\/muvacandalucia.es\/wp-content\/uploads\/2021\/02\/Cartel-feria-1977.jpg","_links":{"self":[{"href":"https:\/\/muvacandalucia.es\/index.php\/wp-json\/wp\/v2\/posts\/605"}],"collection":[{"href":"https:\/\/muvacandalucia.es\/index.php\/wp-json\/wp\/v2\/posts"}],"about":[{"href":"https:\/\/muvacandalucia.es\/index.php\/wp-json\/wp\/v2\/types\/post"}],"author":[{"embeddable":true,"href":"https:\/\/muvacandalucia.es\/index.php\/wp-json\/wp\/v2\/users\/1"}],"replies":[{"embeddable":true,"href":"https:\/\/muvacandalucia.es\/index.php\/wp-json\/wp\/v2\/comments?post=605"}],"version-history":[{"count":1,"href":"https:\/\/muvacandalucia.es\/index.php\/wp-json\/wp\/v2\/posts\/605\/revisions"}],"predecessor-version":[{"id":607,"href":"https:\/\/muvacandalucia.es\/index.php\/wp-json\/wp\/v2\/posts\/605\/revisions\/607"}],"wp:featuredmedia":[{"embeddable":true,"href":"https:\/\/muvacandalucia.es\/index.php\/wp-json\/wp\/v2\/media\/606"}],"wp:attachment":[{"href":"https:\/\/muvacandalucia.es\/index.php\/wp-json\/wp\/v2\/media?parent=605"}],"wp:term":[{"taxonomy":"category","embeddable":true,"href":"https:\/\/muvacandalucia.es\/index.php\/wp-json\/wp\/v2\/categories?post=605"},{"taxonomy":"post_tag","embeddable":true,"href":"https:\/\/muvacandalucia.es\/index.php\/wp-json\/wp\/v2\/tags?post=605"}],"curies":[{"name":"wp","href":"https:\/\/api.w.org\/{rel}","templated":true}]}}