{"id":577,"date":"2021-01-25T06:33:29","date_gmt":"2021-01-25T06:33:29","guid":{"rendered":"https:\/\/muvaclinares.es\/?p=577"},"modified":"2021-01-25T06:46:26","modified_gmt":"2021-01-25T06:46:26","slug":"urbano-mingorance-y-su-amada-granada","status":"publish","type":"post","link":"https:\/\/muvacandalucia.es\/index.php\/2021\/01\/25\/urbano-mingorance-y-su-amada-granada\/","title":{"rendered":"Urbano Mingorance y su amada Granada"},"content":{"rendered":"<p>Pintor de origen granadino, cuya formaci\u00f3n se desarroll\u00f3 bajo el magisterio de Rafael Latorre Viedma, en torno a un taller ubicado en la Carretera del Darro de la ciudad de la Alhambra. Comparti\u00f3 su formaci\u00f3n con otros artistas granadinos de principios del siglo XX, como Joaqu\u00edn Urbano Mingorance o Francisco Carrasco y D\u00edaz, quienes a\u00f1os m\u00e1s tarde tambi\u00e9n estar\u00e1n presentes en el concurso de pintura de Linares en varias ocasiones.<br \/>\nJos\u00e9 Mar\u00eda Fern\u00e1ndez-Pi\u00f1ar Rocha particip\u00f3 por primera vez en el Concurso de Bellas Artes de Linares en 1942 y present\u00f3 siete obras, todas ellas paisajes, y ser\u00eda <em>Desde un balc\u00f3n Albaic\u00edn (Paisaje de Granada)<\/em>, la que obtuvo el primer premio de ese a\u00f1o. Este lienzo recrea una interesante vista desde el balc\u00f3n de uno de los barrios m\u00e1s antiguos de la ciudad nazar\u00ed, mostrando al espectador la riqueza natural y patrimonial en torno a la Alhambra.<br \/>\nDesde esta edici\u00f3n hasta la de 1954 la presencia de Jos\u00e9 Mar\u00eda Fern\u00e1ndez-Pi\u00f1ar Rocha en el concurso de Bellas Artes de Linares fue constante, exceptuando \u00fanicamente en 1946. Entre todas ellas colg\u00f3 en las paredes de la exposici\u00f3n un total de casi cuarenta obras. Su aportaci\u00f3n se centr\u00f3 en acuarelas y \u00f3leos de tem\u00e1tica paisaj\u00edstica, muy probablemente influenciada por su maestro. Como caracter\u00edstica general, todos sus cuadros captan a la perfecci\u00f3n la armon\u00eda existente entre diversos espacios ajardinados y los principales elementos patrimoniales de Granada y Almer\u00eda.<br \/>\nA lo largo de su carrera, Fern\u00e1ndez-Pi\u00f1ar Rocha particip\u00f3 en varias exposiciones colectivas, destacando el XX Sal\u00f3n de Oto\u00f1o celebrado en el Museo de Arte Moderno en 1946. En lo profesional, Jos\u00e9 Mar\u00eda Fern\u00e1ndez-Pi\u00f1ar Rocha ejerci\u00f3 como profesor en la Escuela de Artes y Oficios Art\u00edsticos de Almer\u00eda hasta 1954.<br \/>\n<strong>BIBLIOGRAF\u00cdA<\/strong><br \/>\nAR\u00c1NEGA CASTILLA, Francisco Miguel; MANTAS FERN\u00c1NDEZ, Rafael: \u00abExposiciones de Bellas Artes en Linares, 1942-1957. Historia de la actividad expositiva y su repercusi\u00f3n\u00bb. <em>Siete esquinas, n\u00ba 7<\/em>. Linares: CEL, 2014, pp. 31-62.<br \/>\nCAPARR\u00d3S MASEGOSA, Mar\u00eda Dolores: \u00abExposiciones de bellas artes en Granada (1905-1909)\u00bb<em> Cuadernos de arte de la Universidad de Granada<\/em>, n\u00ba35, 2004, pp. 163-181<br \/>\n\u00abExposiciones de bellas artes en Granada (1910-1917)\u00bb <em>Cuadernos de arte de la Universidad de Granada<\/em>, n\u00ba36, 2005, pp. 245-262<br \/>\nVV.AA.: <em>Pinacoteca Municipal de Linares<\/em>. Linares, Ayuntamiento de Linares, \u00c1rea de Cultura, 1994, p. 13.<br \/>\nCAPARR\u00d3S MASEGOSA, Mar\u00eda Dolores. \u00abExposiciones de bellas artes en Granada (1905-1909)\u00bb. <em>Cuadernos de arte de la Universidad de Granada<\/em>, n\u00ba 35, 2004, pp. 163-181.<\/p>\n<p>Informaci\u00f3n extra\u00edda de: AR\u00c1NEGA CASTILLA, Francisco Miguel; MANTAS FERN\u00c1NDEZ, Rafael. [Cat\u00e1logo de la Exposici\u00f3n \u201cRedescubriendo\u201d. Exposici\u00f3n del Patrimonio Pict\u00f3rico del Ayuntamiento de Linares]. Linares: Servicio de publicaciones Ayto. Linares y CEL, 2020<\/p>\n<p>Jos\u00e9 Mar\u00eda Fern\u00e1ndez-Pi\u00f1ar Rocha (Granada, 1884 &#8211; \u2020). <em>Desde un balc\u00f3n Albaiz\u00edn<\/em> (Primer premio de 1942, secci\u00f3n \u00f3leos)<br \/>\n\u00d3leo sobre lienzo, 72&#215;58 cm.<\/p>\n<p>&nbsp;<\/p>\n<figure id=\"attachment_578\" aria-describedby=\"caption-attachment-578\" style=\"width: 460px\" class=\"wp-caption aligncenter\"><img decoding=\"async\" loading=\"lazy\" class=\"wp-image-578\" src=\"https:\/\/muvacandalucia.es\/wp-content\/uploads\/2021\/01\/DSC08909.jpg\" alt=\"Jos\u00e9 Mar\u00eda Fern\u00e1ndez-Pi\u00f1ar Rocha (Granada, 1884 - \u2020) Desde un balc\u00f3n Albaiz\u00edn (Primer premio de 1942, secci\u00f3n \u00f3leos) \u00d3leo sobre lienzo, 72x58 cm.\" width=\"460\" height=\"573\" srcset=\"https:\/\/muvacandalucia.es\/wp-content\/uploads\/2021\/01\/DSC08909.jpg 1942w, https:\/\/muvacandalucia.es\/wp-content\/uploads\/2021\/01\/DSC08909-241x300.jpg 241w, https:\/\/muvacandalucia.es\/wp-content\/uploads\/2021\/01\/DSC08909-821x1024.jpg 821w, https:\/\/muvacandalucia.es\/wp-content\/uploads\/2021\/01\/DSC08909-768x957.jpg 768w, https:\/\/muvacandalucia.es\/wp-content\/uploads\/2021\/01\/DSC08909-1232x1536.jpg 1232w, https:\/\/muvacandalucia.es\/wp-content\/uploads\/2021\/01\/DSC08909-1643x2048.jpg 1643w\" sizes=\"(max-width: 460px) 100vw, 460px\" \/><figcaption id=\"caption-attachment-578\" class=\"wp-caption-text\">Desde una balc\u00f3n Albaiz\u00edn<\/figcaption><\/figure>\n","protected":false},"excerpt":{"rendered":"<p>Pintor de origen granadino, cuya formaci\u00f3n se desarroll\u00f3 bajo el magisterio de Rafael Latorre Viedma, en torno a un taller ubicado en la Carretera del Darro de la ciudad de&hellip;<\/p>\n","protected":false},"author":1,"featured_media":578,"comment_status":"open","ping_status":"open","sticky":false,"template":"","format":"standard","meta":[],"categories":[11],"tags":[207,209,208,74,206,64,37],"jetpack_featured_media_url":"https:\/\/muvacandalucia.es\/wp-content\/uploads\/2021\/01\/DSC08909.jpg","_links":{"self":[{"href":"https:\/\/muvacandalucia.es\/index.php\/wp-json\/wp\/v2\/posts\/577"}],"collection":[{"href":"https:\/\/muvacandalucia.es\/index.php\/wp-json\/wp\/v2\/posts"}],"about":[{"href":"https:\/\/muvacandalucia.es\/index.php\/wp-json\/wp\/v2\/types\/post"}],"author":[{"embeddable":true,"href":"https:\/\/muvacandalucia.es\/index.php\/wp-json\/wp\/v2\/users\/1"}],"replies":[{"embeddable":true,"href":"https:\/\/muvacandalucia.es\/index.php\/wp-json\/wp\/v2\/comments?post=577"}],"version-history":[{"count":2,"href":"https:\/\/muvacandalucia.es\/index.php\/wp-json\/wp\/v2\/posts\/577\/revisions"}],"predecessor-version":[{"id":582,"href":"https:\/\/muvacandalucia.es\/index.php\/wp-json\/wp\/v2\/posts\/577\/revisions\/582"}],"wp:featuredmedia":[{"embeddable":true,"href":"https:\/\/muvacandalucia.es\/index.php\/wp-json\/wp\/v2\/media\/578"}],"wp:attachment":[{"href":"https:\/\/muvacandalucia.es\/index.php\/wp-json\/wp\/v2\/media?parent=577"}],"wp:term":[{"taxonomy":"category","embeddable":true,"href":"https:\/\/muvacandalucia.es\/index.php\/wp-json\/wp\/v2\/categories?post=577"},{"taxonomy":"post_tag","embeddable":true,"href":"https:\/\/muvacandalucia.es\/index.php\/wp-json\/wp\/v2\/tags?post=577"}],"curies":[{"name":"wp","href":"https:\/\/api.w.org\/{rel}","templated":true}]}}