{"id":575,"date":"2021-01-25T06:17:33","date_gmt":"2021-01-25T06:17:33","guid":{"rendered":"https:\/\/muvaclinares.es\/?p=575"},"modified":"2021-01-25T07:10:30","modified_gmt":"2021-01-25T07:10:30","slug":"una-puesta-de-sol-del-granadino-joaquin-urbano","status":"publish","type":"post","link":"https:\/\/muvacandalucia.es\/index.php\/2021\/01\/25\/una-puesta-de-sol-del-granadino-joaquin-urbano\/","title":{"rendered":"Una puesta de sol del granadino Joaqu\u00edn Urbano"},"content":{"rendered":"<p>Nuevamente tenemos un autor nacido en Granada y formado en el taller de Rafael Latorre Viedma, al igual que Jos\u00e9 Mar\u00eda Fern\u00e1ndez-Pi\u00f1ar Rocha, que compagin\u00f3 su faceta de pintor con la de restaurador.<br \/>\nEs evidente la influencia de su maestro en la tem\u00e1tica de las obras, ya que Urbano Mingorance realiz\u00f3 gran parte de su obra sobre paisajes granadinos. Ejemplo de ello, son las numerosas muestras colectivas en las que particip\u00f3, como la Exposici\u00f3n Regional de Arte Moderno celebrada en la Casa de los Tiros de Granada el a\u00f1o 1929, en donde present\u00f3 varios paisajes de Granada.<br \/>\nCentr\u00e1ndonos en Linares, \u00fanicamente concurri\u00f3 al concurso de 1944, que ese a\u00f1o se denomin\u00f3 III Exposici\u00f3n de Bellas Artes, Artesan\u00eda e Industria. Su aportaci\u00f3n fueron tres acuarelas,<em> Adelfas<\/em>, <em>Jard\u00edn Granadino<\/em>, <em>Generalife<\/em> y un \u00f3leo titulado <em>Puesta de Sol<\/em>, que ser\u00eda galardonado con el primer premio. En esta obra se presenta una vista de un espacio ajardinado, en primer plano, con abundante vegetaci\u00f3n en la que priman los verdes, amarillos y\u00a0 blancos. Al fondo se aprecia la Alhambra y la silueta de la<br \/>\nciudad de Granada, muy difuminada por la lejan\u00eda que la hace casi imperceptible.<br \/>\nTras el concurso, la obra adorn\u00f3 las paredes del despacho del secretario del Ayuntamiento y en la d\u00e9cada de los noventa se traslad\u00f3 al despacho del alcalde en la primera planta del Consistorio Municipal.<br \/>\n<strong>BIBLIOGRAF\u00cdA<\/strong><br \/>\nAR\u00c1NEGA CASTILLA, Francisco Miguel; MANTAS FERN\u00c1NDEZ, Rafael: \u00abExposiciones de Bellas Artes en Linares, 1942-1957. Historia de la actividad expositiva y su repercusi\u00f3n\u00bb. <em>Siete esquinas<\/em>, n\u00ba 7. Linares: CEL, 2014, pp. 31-62.<br \/>\nAROSTEGUI MEJIAS, Antonio; L\u00d3PEZ RUIZ, Antonio: <em>Arte granadino actual. 60 a\u00f1os de arte granadino (1900-1962)<\/em>. Tomo I [\u00fanico]. Granada, Aula de Cultura del Movimiento, 1974.<br \/>\nCAPARR\u00d3S MASEGOSA, Mar\u00eda Dolores: \u00abExposiciones de bellas artes en Granada (1910-1917)\u00bb <em>Cuadernos de arte de la Universidad de Granada<\/em>, n\u00ba36, 2005, pp. 245-262<br \/>\nVV.AA.: <em>Pinacoteca Municipal de Linares<\/em>. Linares, Ayuntamiento de Linares, \u00c1rea de Cultura, 1994, p. 16.<br \/>\nCAPARR\u00d3S MASEGOSA, Mar\u00eda Dolores. \u00abExposiciones de bellas artes en Granada (1905-1909)\u00bb. <em>Cuadernos de arte de la Universidad de Granada,<\/em> n\u00ba 35, 2004, pp. 163-181.<\/p>\n<p>Informaci\u00f3n extra\u00edda de: AR\u00c1NEGA CASTILLA, Francisco Miguel; MANTAS FERN\u00c1NDEZ, Rafael. [Cat\u00e1logo de la Exposici\u00f3n \u201cRedescubriendo\u201d. Exposici\u00f3n del Patrimonio Pict\u00f3rico del Ayuntamiento de Linares]. Linares: Servicio de publicaciones Ayto. Linares y CEL, 2020<\/p>\n<p>Joaqu\u00edn Urbano Mingorance (Granada, 1887 &#8211; \u2020)<br \/>\nPuesta de Sol (Primer premio de 1944, secci\u00f3n \u00f3leos)<br \/>\n\u00d3leo sobre lienzo, 78&#215;65 cm.<\/p>\n<figure id=\"attachment_361\" aria-describedby=\"caption-attachment-361\" style=\"width: 450px\" class=\"wp-caption aligncenter\"><img decoding=\"async\" loading=\"lazy\" class=\"wp-image-361\" src=\"https:\/\/muvacandalucia.es\/wp-content\/uploads\/2021\/01\/DSC08915-scaled.jpg\" alt=\"Joaqu\u00edn Urbano Mingorance (Granada, 1887 - \u2020) Puesta de Sol (Primer premio de 1944, secci\u00f3n \u00f3leos) \u00d3leo sobre lienzo, 78x65 cm.\" width=\"450\" height=\"526\" srcset=\"https:\/\/muvacandalucia.es\/wp-content\/uploads\/2021\/01\/DSC08915-scaled.jpg 2191w, https:\/\/muvacandalucia.es\/wp-content\/uploads\/2021\/01\/DSC08915-257x300.jpg 257w, https:\/\/muvacandalucia.es\/wp-content\/uploads\/2021\/01\/DSC08915-877x1024.jpg 877w, https:\/\/muvacandalucia.es\/wp-content\/uploads\/2021\/01\/DSC08915-768x897.jpg 768w, https:\/\/muvacandalucia.es\/wp-content\/uploads\/2021\/01\/DSC08915-1315x1536.jpg 1315w, https:\/\/muvacandalucia.es\/wp-content\/uploads\/2021\/01\/DSC08915-1753x2048.jpg 1753w\" sizes=\"(max-width: 450px) 100vw, 450px\" \/><figcaption id=\"caption-attachment-361\" class=\"wp-caption-text\">Puesta de sol<\/figcaption><\/figure>\n","protected":false},"excerpt":{"rendered":"<p>Nuevamente tenemos un autor nacido en Granada y formado en el taller de Rafael Latorre Viedma, al igual que Jos\u00e9 Mar\u00eda Fern\u00e1ndez-Pi\u00f1ar Rocha, que compagin\u00f3 su faceta de pintor con&hellip;<\/p>\n","protected":false},"author":1,"featured_media":361,"comment_status":"open","ping_status":"open","sticky":false,"template":"","format":"standard","meta":[],"categories":[11],"tags":[204,137,74,203,64,205,37],"jetpack_featured_media_url":"https:\/\/muvacandalucia.es\/wp-content\/uploads\/2021\/01\/DSC08915-scaled.jpg","_links":{"self":[{"href":"https:\/\/muvacandalucia.es\/index.php\/wp-json\/wp\/v2\/posts\/575"}],"collection":[{"href":"https:\/\/muvacandalucia.es\/index.php\/wp-json\/wp\/v2\/posts"}],"about":[{"href":"https:\/\/muvacandalucia.es\/index.php\/wp-json\/wp\/v2\/types\/post"}],"author":[{"embeddable":true,"href":"https:\/\/muvacandalucia.es\/index.php\/wp-json\/wp\/v2\/users\/1"}],"replies":[{"embeddable":true,"href":"https:\/\/muvacandalucia.es\/index.php\/wp-json\/wp\/v2\/comments?post=575"}],"version-history":[{"count":2,"href":"https:\/\/muvacandalucia.es\/index.php\/wp-json\/wp\/v2\/posts\/575\/revisions"}],"predecessor-version":[{"id":585,"href":"https:\/\/muvacandalucia.es\/index.php\/wp-json\/wp\/v2\/posts\/575\/revisions\/585"}],"wp:featuredmedia":[{"embeddable":true,"href":"https:\/\/muvacandalucia.es\/index.php\/wp-json\/wp\/v2\/media\/361"}],"wp:attachment":[{"href":"https:\/\/muvacandalucia.es\/index.php\/wp-json\/wp\/v2\/media?parent=575"}],"wp:term":[{"taxonomy":"category","embeddable":true,"href":"https:\/\/muvacandalucia.es\/index.php\/wp-json\/wp\/v2\/categories?post=575"},{"taxonomy":"post_tag","embeddable":true,"href":"https:\/\/muvacandalucia.es\/index.php\/wp-json\/wp\/v2\/tags?post=575"}],"curies":[{"name":"wp","href":"https:\/\/api.w.org\/{rel}","templated":true}]}}