{"id":573,"date":"2021-01-25T06:09:10","date_gmt":"2021-01-25T06:09:10","guid":{"rendered":"https:\/\/muvaclinares.es\/?p=573"},"modified":"2021-01-25T06:09:10","modified_gmt":"2021-01-25T06:09:10","slug":"el-paisaje-de-otinar-que-fascino-a-rufino-martos","status":"publish","type":"post","link":"https:\/\/muvacandalucia.es\/index.php\/2021\/01\/25\/el-paisaje-de-otinar-que-fascino-a-rufino-martos\/","title":{"rendered":"El paisaje de Oti\u00f1ar que fascin\u00f3 a Rufino Martos"},"content":{"rendered":"<p>Natural de Ja\u00e9n, Rufino Martos Ortiz comenz\u00f3 su formaci\u00f3n en la Escuela de Artes y Oficios de la ciudad del Santo Reino bajo la tutela de Jos\u00e9 Nogu\u00e9 y Mass\u00f3. Durante esta primera etapa su producci\u00f3n es pr\u00f3xima al realismo, sin embargo, gracias a la obtenci\u00f3n de numerosas becas complet\u00f3 su aprendizaje en busca de la definici\u00f3n de un estilo personal. Destaca la estancia pensionada por la Diputaci\u00f3n Provincial de Ja\u00e9n en la Escuela Superior de Bellas Artes de San Fernando de Madrid, entre 1934 y<br \/>\n1935, que le permiti\u00f3 recibir clases de Eduardo Mart\u00ednez V\u00e1zquez, siendo clave en su obra al acercarse hacia un realismo en clave impresionista.<br \/>\nConcluido su magisterio, a lo largo de su vida compagin\u00f3 la actividad art\u00edstica con la docente, primero como profesor de Dibujo Art\u00edstico en la Escuela de Artes y Oficios de Ja\u00e9n, entre 1944 y 1950, y posteriormente en la Escuela de Artes y Oficios de Palencia, tras obtener la plaza de profesor de<br \/>\nT\u00e9rmino de Dibujo Art\u00edstico. Dos a\u00f1os despu\u00e9s se traslad\u00f3 a la Escuela de Artes y Oficios Mateo Inurria de C\u00f3rdoba, permaneciendo en dicha ciudad hasta su fallecimiento.<br \/>\nLa producci\u00f3n de Rufino Martos, centrada en el estudio de la luz y el color, en torno al paisaje de las tierras y sierras giennenses, ha estado presente en galer\u00edas y espacios expositivos de toda Espa\u00f1a, siendo reconocida en numerosas ocasiones, tal y como sucedi\u00f3 en el concurso de Bellas Artes de Linares, donde Rufino Martos particip\u00f3 en varias ocasiones. En 1944, lo hizo con dos dibujos, obteniendo el Primer Premio de Dibujo con <em>Nocturno<\/em>, un carboncillo con unos interesantes contrastes lum\u00ednicos. En<br \/>\n1945 repiti\u00f3 con un total de veintisiete cuadros, recibiendo el Primer Premio de Pintura con un \u00f3leo sobre lienzo titulado <em>El barranco<\/em>, que representa las diferentes intensidades lum\u00ednicas de un abrupto paisaje de las inmediaciones de Oti\u00f1ar. Pasados unos a\u00f1os, en 1948, regres\u00f3 a la ciudad minera con el lienzo <em>Paisaje de Cazorla<\/em>, con el que gan\u00f3 el segundo premio. Finalmente, la \u00faltima vez que present\u00f3 una tela fue en 1950, titulada <em>Alturas de Cazorla<\/em>.<br \/>\n<strong>BIBLIOGRAF\u00cdA<\/strong><br \/>\nALMANSA MORENO, Jos\u00e9 Manuel; ROBLES MART\u00cdN, Juan Manuel (Coord.): <em>50 a\u00f1os de artes pl\u00e1sticas en Ja\u00e9n Creaci\u00f3n, medios y espacios (1960-2010)<\/em>. Ja\u00e9n: Instituto de Estudios Giennenses y Diputaci\u00f3n Provincial de Ja\u00e9n, 2016, pp. 357-358.<br \/>\nAR\u00c1NEGA CASTILLA, Francisco Miguel; MANTAS FERN\u00c1NDEZ, Rafael: \u00abExposiciones de Bellas Artes en Linares, 1942-1957. Historia de la actividad expositiva y su repercusi\u00f3n\u00bb. <em>Siete esquinas<\/em>, n\u00ba 7. Linares: CEL, 2014, pp. 31-62.<br \/>\nVV.AA.: <em>Pinacoteca Municipal de Linares<\/em>. Linares, Ayuntamiento de Linares, \u00c1rea de Cultura, 1994, p. 18.<\/p>\n<p>Informaci\u00f3n extra\u00edda de: AR\u00c1NEGA CASTILLA, Francisco Miguel; MANTAS FERN\u00c1NDEZ, Rafael. [Cat\u00e1logo de la Exposici\u00f3n \u201cRedescubriendo\u201d. Exposici\u00f3n del Patrimonio Pict\u00f3rico del Ayuntamiento de Linares]. Linares: Servicio de publicaciones Ayto. Linares y CEL, 2020<\/p>\n<p>Rufino Martos Ortiz (Ja\u00e9n, 1912 &#8211; C\u00f3rdoba, 1993)<br \/>\nEl Barranco (Primer premio de 1945, secci\u00f3n \u00f3leos)<br \/>\n\u00d3leo sobre lienzo, 80&#215;100 cm.<\/p>\n<figure id=\"attachment_362\" aria-describedby=\"caption-attachment-362\" style=\"width: 460px\" class=\"wp-caption aligncenter\"><img decoding=\"async\" loading=\"lazy\" class=\"wp-image-362\" src=\"https:\/\/muvacandalucia.es\/wp-content\/uploads\/2021\/01\/DSC08917-scaled.jpg\" alt=\"Rufino Martos Ortiz (Ja\u00e9n, 1912 - C\u00f3rdoba, 1993) El Barranco (Primer premio de 1945, secci\u00f3n \u00f3leos) \u00d3leo sobre lienzo, 80x100 cm.\" width=\"460\" height=\"348\" srcset=\"https:\/\/muvacandalucia.es\/wp-content\/uploads\/2021\/01\/DSC08917-scaled.jpg 2560w, https:\/\/muvacandalucia.es\/wp-content\/uploads\/2021\/01\/DSC08917-300x227.jpg 300w, https:\/\/muvacandalucia.es\/wp-content\/uploads\/2021\/01\/DSC08917-1024x776.jpg 1024w, https:\/\/muvacandalucia.es\/wp-content\/uploads\/2021\/01\/DSC08917-768x582.jpg 768w, https:\/\/muvacandalucia.es\/wp-content\/uploads\/2021\/01\/DSC08917-1536x1163.jpg 1536w, https:\/\/muvacandalucia.es\/wp-content\/uploads\/2021\/01\/DSC08917-2048x1551.jpg 2048w\" sizes=\"(max-width: 460px) 100vw, 460px\" \/><figcaption id=\"caption-attachment-362\" class=\"wp-caption-text\">El barranco<\/figcaption><\/figure>\n","protected":false},"excerpt":{"rendered":"<p>Natural de Ja\u00e9n, Rufino Martos Ortiz comenz\u00f3 su formaci\u00f3n en la Escuela de Artes y Oficios de la ciudad del Santo Reino bajo la tutela de Jos\u00e9 Nogu\u00e9 y Mass\u00f3.&hellip;<\/p>\n","protected":false},"author":1,"featured_media":362,"comment_status":"open","ping_status":"open","sticky":false,"template":"","format":"standard","meta":[],"categories":[11],"tags":[200,198,201,83,202,23,64,37,199],"jetpack_featured_media_url":"https:\/\/muvacandalucia.es\/wp-content\/uploads\/2021\/01\/DSC08917-scaled.jpg","_links":{"self":[{"href":"https:\/\/muvacandalucia.es\/index.php\/wp-json\/wp\/v2\/posts\/573"}],"collection":[{"href":"https:\/\/muvacandalucia.es\/index.php\/wp-json\/wp\/v2\/posts"}],"about":[{"href":"https:\/\/muvacandalucia.es\/index.php\/wp-json\/wp\/v2\/types\/post"}],"author":[{"embeddable":true,"href":"https:\/\/muvacandalucia.es\/index.php\/wp-json\/wp\/v2\/users\/1"}],"replies":[{"embeddable":true,"href":"https:\/\/muvacandalucia.es\/index.php\/wp-json\/wp\/v2\/comments?post=573"}],"version-history":[{"count":1,"href":"https:\/\/muvacandalucia.es\/index.php\/wp-json\/wp\/v2\/posts\/573\/revisions"}],"predecessor-version":[{"id":574,"href":"https:\/\/muvacandalucia.es\/index.php\/wp-json\/wp\/v2\/posts\/573\/revisions\/574"}],"wp:featuredmedia":[{"embeddable":true,"href":"https:\/\/muvacandalucia.es\/index.php\/wp-json\/wp\/v2\/media\/362"}],"wp:attachment":[{"href":"https:\/\/muvacandalucia.es\/index.php\/wp-json\/wp\/v2\/media?parent=573"}],"wp:term":[{"taxonomy":"category","embeddable":true,"href":"https:\/\/muvacandalucia.es\/index.php\/wp-json\/wp\/v2\/categories?post=573"},{"taxonomy":"post_tag","embeddable":true,"href":"https:\/\/muvacandalucia.es\/index.php\/wp-json\/wp\/v2\/tags?post=573"}],"curies":[{"name":"wp","href":"https:\/\/api.w.org\/{rel}","templated":true}]}}