{"id":558,"date":"2021-01-24T16:52:14","date_gmt":"2021-01-24T16:52:14","guid":{"rendered":"https:\/\/muvaclinares.es\/?p=558"},"modified":"2021-01-25T07:06:05","modified_gmt":"2021-01-25T07:06:05","slug":"el-bodegon-clasico-en-mariano-yzquierdo","status":"publish","type":"post","link":"https:\/\/muvacandalucia.es\/index.php\/2021\/01\/24\/el-bodegon-clasico-en-mariano-yzquierdo\/","title":{"rendered":"El bodeg\u00f3n clasico en Mariano Yzquierdo"},"content":{"rendered":"<p>Pintor formado en la Escuela de Bellas Artes de San Jorge de Barcelona y en la de San Fernando de Madrid. En 1922 fue nombrado director de la Escuela de Artes Aplicadas y Oficios Art\u00edsticos de La Coru\u00f1a. Dieciocho a\u00f1os despu\u00e9s, en 1940, alcanz\u00f3 la plaza de catedr\u00e1tico de dibujo art\u00edstico en Madrid, de la que llegar\u00e1 a ser director.<br \/>\nSe especializ\u00f3 en temas costumbristas y ejemplo de ello ser\u00eda <em>Faciendo Filloas<\/em>, de tem\u00e1tica gallega, que present\u00f3 en la VI Exposici\u00f3n de Bellas Artes de Linares, de 1946, junto con <em>Calidades<\/em>, un bodeg\u00f3n que ser\u00eda galardonado con el primer premio por su correcto estudio de las texturas de las flores, uvas y naranjas de sus naturalezas muertas.<br \/>\nYzquierdo Vivas se especializ\u00f3, tambi\u00e9n, en temas hist\u00f3ricos y costumbristas. Muestra de ello son sus obras que se conservan en instituciones como el Museo del Ej\u00e9rcito o la Academia Militar de Zaragoza. Particip\u00f3 en las Exposiciones Nacionales de Bellas Artes, en las que obtuvo diversos galardones, en las ediciones de 1922, 1945 y 1950. Asimismo, consigui\u00f3 la medalla en el Sal\u00f3n<br \/>\nde Oto\u00f1o de 1949, el mismo a\u00f1o que recibi\u00f3 el Premio del Ministerio de Educaci\u00f3n Nacional.<br \/>\nEl cuadro ocup\u00f3 uno de los despachos de la oficina de Urbanismo del Ayuntamiento de Linares.<br \/>\n<strong>BIBLIOGRAF\u00cdA<\/strong><br \/>\nAR\u00c1NEGA CASTILLA, Francisco Miguel; MANTAS FERN\u00c1NDEZ, Rafael: \u00abExposiciones de Bellas Artes en Linares, 1942-1957. Historia de la actividad expositiva y su repercusi\u00f3n\u00bb. <em>Siete esquinas<\/em>, n\u00ba 7. Linares: Centro de Estudios Linarenses, 2014, pp. 31-62.<br \/>\nPANTORBA, Bernardino de: <em>Historia y cr\u00edtica de las Exposiciones Nacionales de Bellas Artes celebradas en Espa\u00f1a<\/em>. Madrid: Jes\u00fas Ram\u00f3n Garc\u00eda-Rama, 1980, p. 422.<br \/>\nVV.AA.: <em>Pinacoteca Municipal de Linares<\/em>. Linares, Ayuntamiento de Linares, \u00c1rea de Cultura, 1994, p. 23.<\/p>\n<p><strong>Informaci\u00f3n extra\u00edda de: AR\u00c1NEGA CASTILLA, Francisco Miguel; MANTAS FERN\u00c1NDEZ, Rafael. [Cat\u00e1logo de la Exposici\u00f3n \u201cRedescubriendo\u201d. Exposici\u00f3n del Patrimonio Pict\u00f3rico del Ayuntamiento de Linares]. Linares: Servicio de publicaciones Ayto. Linares y CEL, 2020<\/strong><\/p>\n<p>Mariano Yzquierdo Vivas (Puerto Pr\u00edncipe, Cuba, 1893 &#8211; Madrid, 1985). <em>Calidades<\/em> (Primer premio de 1946, secci\u00f3n \u00f3leos). \u00d3leo sobre lienzo, 74&#215;58 cm.<\/p>\n<figure id=\"attachment_360\" aria-describedby=\"caption-attachment-360\" style=\"width: 450px\" class=\"wp-caption aligncenter\"><img decoding=\"async\" loading=\"lazy\" class=\"wp-image-360\" src=\"https:\/\/muvacandalucia.es\/wp-content\/uploads\/2021\/01\/DSC08914.jpg\" alt=\"Mariano Yzquierdo Vivas (Puerto Pr\u00edncipe, Cuba, 1893 - Madrid, 1985) Calidades (Primer premio de 1946, secci\u00f3n \u00f3leos) \u00d3leo sobre lienzo, 74x58 cm.\" width=\"450\" height=\"586\" srcset=\"https:\/\/muvacandalucia.es\/wp-content\/uploads\/2021\/01\/DSC08914.jpg 1916w, https:\/\/muvacandalucia.es\/wp-content\/uploads\/2021\/01\/DSC08914-230x300.jpg 230w, https:\/\/muvacandalucia.es\/wp-content\/uploads\/2021\/01\/DSC08914-786x1024.jpg 786w, https:\/\/muvacandalucia.es\/wp-content\/uploads\/2021\/01\/DSC08914-768x1000.jpg 768w, https:\/\/muvacandalucia.es\/wp-content\/uploads\/2021\/01\/DSC08914-1179x1536.jpg 1179w, https:\/\/muvacandalucia.es\/wp-content\/uploads\/2021\/01\/DSC08914-1572x2048.jpg 1572w\" sizes=\"(max-width: 450px) 100vw, 450px\" \/><figcaption id=\"caption-attachment-360\" class=\"wp-caption-text\">Calidades<\/figcaption><\/figure>\n<p>&nbsp;<\/p>\n","protected":false},"excerpt":{"rendered":"<p>Pintor formado en la Escuela de Bellas Artes de San Jorge de Barcelona y en la de San Fernando de Madrid. En 1922 fue nombrado director de la Escuela de&hellip;<\/p>\n","protected":false},"author":1,"featured_media":360,"comment_status":"open","ping_status":"open","sticky":false,"template":"","format":"standard","meta":[],"categories":[11],"tags":[195,46,196,197,194,42,192,64,193,37],"jetpack_featured_media_url":"https:\/\/muvacandalucia.es\/wp-content\/uploads\/2021\/01\/DSC08914.jpg","_links":{"self":[{"href":"https:\/\/muvacandalucia.es\/index.php\/wp-json\/wp\/v2\/posts\/558"}],"collection":[{"href":"https:\/\/muvacandalucia.es\/index.php\/wp-json\/wp\/v2\/posts"}],"about":[{"href":"https:\/\/muvacandalucia.es\/index.php\/wp-json\/wp\/v2\/types\/post"}],"author":[{"embeddable":true,"href":"https:\/\/muvacandalucia.es\/index.php\/wp-json\/wp\/v2\/users\/1"}],"replies":[{"embeddable":true,"href":"https:\/\/muvacandalucia.es\/index.php\/wp-json\/wp\/v2\/comments?post=558"}],"version-history":[{"count":2,"href":"https:\/\/muvacandalucia.es\/index.php\/wp-json\/wp\/v2\/posts\/558\/revisions"}],"predecessor-version":[{"id":584,"href":"https:\/\/muvacandalucia.es\/index.php\/wp-json\/wp\/v2\/posts\/558\/revisions\/584"}],"wp:featuredmedia":[{"embeddable":true,"href":"https:\/\/muvacandalucia.es\/index.php\/wp-json\/wp\/v2\/media\/360"}],"wp:attachment":[{"href":"https:\/\/muvacandalucia.es\/index.php\/wp-json\/wp\/v2\/media?parent=558"}],"wp:term":[{"taxonomy":"category","embeddable":true,"href":"https:\/\/muvacandalucia.es\/index.php\/wp-json\/wp\/v2\/categories?post=558"},{"taxonomy":"post_tag","embeddable":true,"href":"https:\/\/muvacandalucia.es\/index.php\/wp-json\/wp\/v2\/tags?post=558"}],"curies":[{"name":"wp","href":"https:\/\/api.w.org\/{rel}","templated":true}]}}