{"id":553,"date":"2021-01-24T16:40:55","date_gmt":"2021-01-24T16:40:55","guid":{"rendered":"https:\/\/muvaclinares.es\/?p=553"},"modified":"2021-01-25T08:00:13","modified_gmt":"2021-01-25T08:00:13","slug":"el-joven-calderero-que-atrajo-la-atencion-de-francisco-banos","status":"publish","type":"post","link":"https:\/\/muvacandalucia.es\/index.php\/2021\/01\/24\/el-joven-calderero-que-atrajo-la-atencion-de-francisco-banos\/","title":{"rendered":"El joven calderero que atrajo la atenci\u00f3n de Francisco Ba\u00f1os"},"content":{"rendered":"<p>El nombre de Francisco Ba\u00f1os ha estado especialmente vinculado al concurso de pintura de Linares, ya que a lo largo de sus diferentes etapas ha desempe\u00f1ado diferentes roles. Durante las primeras ediciones, cuando era un pintor con una carrera prometedora, particip\u00f3 con obras de tem\u00e1tica figurativa y un estilo centrado en el estudio de la realidad, como por ejemplo podemos ver en <em>Bodeg\u00f3n<\/em> (1945), <em>Calderero<\/em> (1946) y <em>Ni\u00f1o pescador<\/em> (1949), galardonados con el tercer y primer premio de la secci\u00f3n de<br \/>\n\u00f3leos respectivamente. Mucho m\u00e1s interesante es el carboncillo <em>Desnudos<\/em>, (1951) cuyos trazos firmes a la hora de construir los vol\u00famenes de sus figuras femeninas fueron un buen argumento para reconocer este dibujo con el primer premio de dicha secci\u00f3n.<\/p>\n<p><strong>Informaci\u00f3n extra\u00edda de: AR\u00c1NEGA CASTILLA, Francisco Miguel; MANTAS FERN\u00c1NDEZ, Rafael. [Cat\u00e1logo de la Exposici\u00f3n \u201cRedescubriendo\u201d. Exposici\u00f3n del Patrimonio Pict\u00f3rico del Ayuntamiento de Linares]. Linares: Servicio de publicaciones Ayto. Linares y CEL, 2020<\/strong><\/p>\n<p>Francisco Ba\u00f1os Martos (Linares, 1928 &#8211; Valencia, 2006)<br \/>\nCalderero (Adquisici\u00f3n del Excmo. Ayuntamiento de Linares en 1946). \u00d3leo sobre lienzo, 125&#215;105 cm.<\/p>\n<figure id=\"attachment_384\" aria-describedby=\"caption-attachment-384\" style=\"width: 450px\" class=\"wp-caption aligncenter\"><img decoding=\"async\" loading=\"lazy\" class=\"wp-image-384\" src=\"https:\/\/muvacandalucia.es\/wp-content\/uploads\/2021\/01\/DSC08970-scaled.jpg\" alt=\"Francisco Ba\u00f1os Martos (Linares, 1928 - Valencia, 2006) Calderero (Adquisici\u00f3n del Excmo. Ayuntamiento de Linares en 1946) \u00d3leo sobre lienzo, 125x105 cm.\" width=\"450\" height=\"541\" srcset=\"https:\/\/muvacandalucia.es\/wp-content\/uploads\/2021\/01\/DSC08970-scaled.jpg 2131w, https:\/\/muvacandalucia.es\/wp-content\/uploads\/2021\/01\/DSC08970-250x300.jpg 250w, https:\/\/muvacandalucia.es\/wp-content\/uploads\/2021\/01\/DSC08970-852x1024.jpg 852w, https:\/\/muvacandalucia.es\/wp-content\/uploads\/2021\/01\/DSC08970-768x923.jpg 768w, https:\/\/muvacandalucia.es\/wp-content\/uploads\/2021\/01\/DSC08970-1278x1536.jpg 1278w, https:\/\/muvacandalucia.es\/wp-content\/uploads\/2021\/01\/DSC08970-1704x2048.jpg 1704w\" sizes=\"(max-width: 450px) 100vw, 450px\" \/><figcaption id=\"caption-attachment-384\" class=\"wp-caption-text\">Calderero<\/figcaption><\/figure>\n<h2 class=\"western\">Otras obras del mismo autor en Redescubriendo<\/h2>\n<h2 class=\"western\"><a href=\"https:\/\/muvacandalucia.es\/index.php\/2021\/01\/23\/la-mina-siempre-presente-en-el-linarense-francisco-banos\/\">La mina siempre presente en el linarense Francisco Ba\u00f1os<\/a><\/h2>\n<h2 class=\"western\"><a href=\"https:\/\/muvacandalucia.es\/index.php\/2021\/01\/23\/un-doble-desnudo-que-nos-muestra-a-francisco-banos-en-su-estilo-mas-puro\/\">Un doble desnudo que nos muestra a Francisco Ba\u00f1os en su estilo m\u00e1s puro<\/a><\/h2>\n<h2 class=\"western\"><a href=\"https:\/\/muvacandalucia.es\/index.php\/2021\/01\/23\/el-nino-pescador-que-capto-la-mirada-de-francisco-banos\/\">El ni\u00f1o pescador que capt\u00f3 la mirada de Francisco Ba\u00f1os<\/a><\/h2>\n<h2 class=\"western\"><\/h2>\n<p>&nbsp;<\/p>\n","protected":false},"excerpt":{"rendered":"<p>El nombre de Francisco Ba\u00f1os ha estado especialmente vinculado al concurso de pintura de Linares, ya que a lo largo de sus diferentes etapas ha desempe\u00f1ado diferentes roles. Durante las&hellip;<\/p>\n","protected":false},"author":1,"featured_media":384,"comment_status":"open","ping_status":"open","sticky":false,"template":"","format":"standard","meta":[],"categories":[11],"tags":[151,46,113,191,150,14,64,37,180],"jetpack_featured_media_url":"https:\/\/muvacandalucia.es\/wp-content\/uploads\/2021\/01\/DSC08970-scaled.jpg","_links":{"self":[{"href":"https:\/\/muvacandalucia.es\/index.php\/wp-json\/wp\/v2\/posts\/553"}],"collection":[{"href":"https:\/\/muvacandalucia.es\/index.php\/wp-json\/wp\/v2\/posts"}],"about":[{"href":"https:\/\/muvacandalucia.es\/index.php\/wp-json\/wp\/v2\/types\/post"}],"author":[{"embeddable":true,"href":"https:\/\/muvacandalucia.es\/index.php\/wp-json\/wp\/v2\/users\/1"}],"replies":[{"embeddable":true,"href":"https:\/\/muvacandalucia.es\/index.php\/wp-json\/wp\/v2\/comments?post=553"}],"version-history":[{"count":7,"href":"https:\/\/muvacandalucia.es\/index.php\/wp-json\/wp\/v2\/posts\/553\/revisions"}],"predecessor-version":[{"id":593,"href":"https:\/\/muvacandalucia.es\/index.php\/wp-json\/wp\/v2\/posts\/553\/revisions\/593"}],"wp:featuredmedia":[{"embeddable":true,"href":"https:\/\/muvacandalucia.es\/index.php\/wp-json\/wp\/v2\/media\/384"}],"wp:attachment":[{"href":"https:\/\/muvacandalucia.es\/index.php\/wp-json\/wp\/v2\/media?parent=553"}],"wp:term":[{"taxonomy":"category","embeddable":true,"href":"https:\/\/muvacandalucia.es\/index.php\/wp-json\/wp\/v2\/categories?post=553"},{"taxonomy":"post_tag","embeddable":true,"href":"https:\/\/muvacandalucia.es\/index.php\/wp-json\/wp\/v2\/tags?post=553"}],"curies":[{"name":"wp","href":"https:\/\/api.w.org\/{rel}","templated":true}]}}