{"id":538,"date":"2021-01-23T13:38:44","date_gmt":"2021-01-23T13:38:44","guid":{"rendered":"https:\/\/muvaclinares.es\/?p=538"},"modified":"2021-01-25T07:01:06","modified_gmt":"2021-01-25T07:01:06","slug":"el-virtuosismo-de-gonzalez-saez-en-su-torera","status":"publish","type":"post","link":"https:\/\/muvacandalucia.es\/index.php\/2021\/01\/23\/el-virtuosismo-de-gonzalez-saez-en-su-torera\/","title":{"rendered":"El virtuosismo de Gonz\u00e1lez-S\u00e1ez en su &#8220;Torera&#8221;"},"content":{"rendered":"<p>Pintor formado en la Escuela de Bellas Artes de San Jorge de Barcelona y en la de San Fernando de Madrid. En 1922 fue nombrado director de la Escuela de Artes Aplicadas y Oficios Art\u00edsticos de La Coru\u00f1a. Dieciocho a\u00f1os despu\u00e9s, en 1940, alcanz\u00f3 la plaza de catedr\u00e1tico de dibujo art\u00edstico en Madrid, de la que llegar\u00e1 a ser director.<br \/>\nEl 16 de enero de 1903 nacer\u00edan en Ayamonte (Huelva) los pintores Rafael y Joaqu\u00edn Gonz\u00e1lez-S\u00e1enz Lerdo de Tejada. Tras el fallecimiento de su padre, cuando los dos hermanos contaban con diecis\u00e9is a\u00f1os de edad, se trasladaron a Sevilla donde inician su formaci\u00f3n en la Escuela de Artes y Oficios y de Bellas Artes. En ella recibir\u00e1n clases de grandes maestros como Virgilio Mattoni<br \/>\nde la Fuente, Gonzalo Bilbao Mart\u00ednez y Manuel Gonz\u00e1lez, quienes dotar\u00e1n a ambos pintores de una correcta t\u00e9cnica para desarrollar una pintura, generalmente, de tem\u00e1tica costumbrista.<br \/>\nAmbos hermanos participaron en la VII Exposici\u00f3n de Bellas Artes de 1947 con tres obras. Joaqu\u00edn lo hizo con <em>El cazador de puerta<\/em> y <em>Carmen la Macarena<\/em>, mientras que Rafael present\u00f3 un \u00f3leo sobre lienzo titulado Torera, que posteriormente fue galardonado con el primer premio del concurso de ese a\u00f1o.<br \/>\nClaramente podemos definir a Rafael como un pintor que se inspira en temas relacionados con el folclore y la tradici\u00f3n popular andaluza. Un buen ejemplo de ello es el cuadro <em>Torera<\/em>, donde nos muestra a una hermosa mujer de rasgos sure\u00f1os ataviada con una chaquetilla y un capote de paseo, que contempla el reflejo de su rostro en un peque\u00f1o espejo que sujeta con su mano derecha. El virtuosismo de la t\u00e9cnica pict\u00f3rica de este excelente cuadro se observa en la calidad de los bordados en la chaqueta, hombreras<br \/>\ny capote de mano.<br \/>\nLa carrera profesional de Rafael Gonz\u00e1lez-S\u00e1enz Lerdo de Tejada se centr\u00f3 en la educaci\u00f3n, pues fue profesor en la Escuela Superior de Bellas Artes de Barcelona y posteriormente en la de Madrid hasta su fallecimiento en 1962.<br \/>\n<strong>BIBLIOGRAF\u00cdA<\/strong><br \/>\nAR\u00c1NEGA CASTILLA, Francisco Miguel; MANTAS FERN\u00c1NDEZ, Rafael: \u00abExposiciones de Bellas Artes en Linares, 1942-1957. Historia de la actividad expositiva y su repercusi\u00f3n\u00bb. <em>Siete esquinas<\/em>, n\u00ba 7. Linares: CEL, 2014, pp. 31-62.<br \/>\nLAFITA GORDILLO, Teresa: \u00abAproximaci\u00f3n a la obra gr\u00e1fica del pintor Joaqu\u00edn Gonz\u00e1lez S\u00e1enz Lerdo de Tejada\u00bb. <em>Laboratorio de arte<\/em>, n\u00ba19. Sevilla: Universidad de Sevilla, 2006, pp. 527-538.<br \/>\nVV.AA.: <em>Pinacoteca Municipal de Linares<\/em>. Linares, Ayuntamiento de Linares, \u00c1rea de Cultura, 1994, p. 25.<\/p>\n<p><strong>Informaci\u00f3n extra\u00edda de: AR\u00c1NEGA CASTILLA, Francisco Miguel; MANTAS FERN\u00c1NDEZ, Rafael. [Cat\u00e1logo de la Exposici\u00f3n \u201cRedescubriendo\u201d. Exposici\u00f3n del Patrimonio Pict\u00f3rico del Ayuntamiento de Linares]. Linares: Servicio de publicaciones Ayto. Linares y CEL, 2020<\/strong><\/p>\n<p>Rafael Gonz\u00e1lez-S\u00e1enz Lerdo de Tejada (Ayamonte, Huelva, 1903 &#8211; Madrid, 1962)<br \/>\nTorera (Primer premio de 1947, secci\u00f3n \u00f3leos)<br \/>\n\u00d3leo sobre lienzo, 96&#215;70 cm.<\/p>\n<figure id=\"attachment_379\" aria-describedby=\"caption-attachment-379\" style=\"width: 460px\" class=\"wp-caption aligncenter\"><img decoding=\"async\" loading=\"lazy\" class=\"wp-image-379\" src=\"https:\/\/muvacandalucia.es\/wp-content\/uploads\/2021\/01\/DSC08958-scaled.jpg\" alt=\"Rafael Gonz\u00e1lez-S\u00e1enz Lerdo de Tejada (Ayamonte, Huelva, 1903 - Madrid, 1962) Torera (Primer premio de 1947, secci\u00f3n \u00f3leos) \u00d3leo sobre lienzo, 96x70 cm.\" width=\"460\" height=\"650\" srcset=\"https:\/\/muvacandalucia.es\/wp-content\/uploads\/2021\/01\/DSC08958-scaled.jpg 1812w, https:\/\/muvacandalucia.es\/wp-content\/uploads\/2021\/01\/DSC08958-212x300.jpg 212w, https:\/\/muvacandalucia.es\/wp-content\/uploads\/2021\/01\/DSC08958-725x1024.jpg 725w, https:\/\/muvacandalucia.es\/wp-content\/uploads\/2021\/01\/DSC08958-768x1085.jpg 768w, https:\/\/muvacandalucia.es\/wp-content\/uploads\/2021\/01\/DSC08958-1087x1536.jpg 1087w, https:\/\/muvacandalucia.es\/wp-content\/uploads\/2021\/01\/DSC08958-1450x2048.jpg 1450w\" sizes=\"(max-width: 460px) 100vw, 460px\" \/><figcaption id=\"caption-attachment-379\" class=\"wp-caption-text\">Torera<\/figcaption><\/figure>\n<p>&nbsp;<\/p>\n<p>&nbsp;<\/p>\n","protected":false},"excerpt":{"rendered":"<p>Pintor formado en la Escuela de Bellas Artes de San Jorge de Barcelona y en la de San Fernando de Madrid. En 1922 fue nombrado director de la Escuela de&hellip;<\/p>\n","protected":false},"author":1,"featured_media":379,"comment_status":"open","ping_status":"open","sticky":false,"template":"","format":"standard","meta":[],"categories":[11],"tags":[188,189,186,187,42,64,185,37,190],"jetpack_featured_media_url":"https:\/\/muvacandalucia.es\/wp-content\/uploads\/2021\/01\/DSC08958-scaled.jpg","_links":{"self":[{"href":"https:\/\/muvacandalucia.es\/index.php\/wp-json\/wp\/v2\/posts\/538"}],"collection":[{"href":"https:\/\/muvacandalucia.es\/index.php\/wp-json\/wp\/v2\/posts"}],"about":[{"href":"https:\/\/muvacandalucia.es\/index.php\/wp-json\/wp\/v2\/types\/post"}],"author":[{"embeddable":true,"href":"https:\/\/muvacandalucia.es\/index.php\/wp-json\/wp\/v2\/users\/1"}],"replies":[{"embeddable":true,"href":"https:\/\/muvacandalucia.es\/index.php\/wp-json\/wp\/v2\/comments?post=538"}],"version-history":[{"count":4,"href":"https:\/\/muvacandalucia.es\/index.php\/wp-json\/wp\/v2\/posts\/538\/revisions"}],"predecessor-version":[{"id":542,"href":"https:\/\/muvacandalucia.es\/index.php\/wp-json\/wp\/v2\/posts\/538\/revisions\/542"}],"wp:featuredmedia":[{"embeddable":true,"href":"https:\/\/muvacandalucia.es\/index.php\/wp-json\/wp\/v2\/media\/379"}],"wp:attachment":[{"href":"https:\/\/muvacandalucia.es\/index.php\/wp-json\/wp\/v2\/media?parent=538"}],"wp:term":[{"taxonomy":"category","embeddable":true,"href":"https:\/\/muvacandalucia.es\/index.php\/wp-json\/wp\/v2\/categories?post=538"},{"taxonomy":"post_tag","embeddable":true,"href":"https:\/\/muvacandalucia.es\/index.php\/wp-json\/wp\/v2\/tags?post=538"}],"curies":[{"name":"wp","href":"https:\/\/api.w.org\/{rel}","templated":true}]}}