{"id":536,"date":"2021-01-23T13:09:50","date_gmt":"2021-01-23T13:09:50","guid":{"rendered":"https:\/\/muvaclinares.es\/?p=536"},"modified":"2021-01-23T13:09:50","modified_gmt":"2021-01-23T13:09:50","slug":"el-retrato-de-un-anticuario-le-da-el-triunfo-a-amalio-garcia","status":"publish","type":"post","link":"https:\/\/muvacandalucia.es\/index.php\/2021\/01\/23\/el-retrato-de-un-anticuario-le-da-el-triunfo-a-amalio-garcia\/","title":{"rendered":"El retrato de un anticuario le da el triunfo a Amalio Garc\u00eda"},"content":{"rendered":"<p>Desde muy joven mostr\u00f3 un gran inter\u00e9s por la pintura y no es de extra\u00f1ar que con catorce a\u00f1os ya participara en exposiciones y comenzar\u00e1n las primeras cr\u00edticas positivas a su obra. En 1941 fue becado, por el Ayuntamiento de Granada, para continuar su formaci\u00f3n en Madrid y comienza a cosechar sus primeros premios y reconocimientos.<br \/>\nA finales de la d\u00e9cada de 1940 comienza a participar en sus primeras exposiciones colectivas fuera de Granada. En 1947 present\u00f3 diez dibujos en la Exposici\u00f3n de Bellas Artes de Linares, siendo galardonado con un diploma de primera clase por su dibujo titulado <em>El Partal (Alhambra)<\/em>. Volver\u00eda a participar en las ediciones de 1949, con su cuadro <em>Campesinos manchegos<\/em>, influenciado por sus ra\u00edces castellanas, y su dibujo de la <em>Puerta del Perd\u00f3n<\/em> de Granada. En 1950 present\u00f3 su cuadro <em>\u00c9l tocando<\/em> para la Zambra, uno de los cuadros m\u00e1s caros presentados al concurso, pero verdaderamente su mayor triunfo fue <em>El<\/em><br \/>\n<em>Chamarilero<\/em> que obtuvo el premio de nuestra exposici\u00f3n en 1948. Se trata de una obra de una enorme calidad en el estudio de la luz y de las cualidades t\u00e1ctiles de los diversos objetos que se ubican tras el anticuario, destacando los reflejos de la luz sobre el metal de los jarrones. Asimismo, resulta interesante la carga psicol\u00f3gica del personaje que mira fijamente al espectador, tras haber sido interrumpido en su lectura. Es por ello, que este \u00f3leo se considera uno de los de mayor valor de la colecci\u00f3n linarense.<br \/>\nEntre 1949 y 1950, Amalio Garc\u00eda del Moral se puso en contacto con el Ayuntamiento de Linares para solicitar la cesi\u00f3n de <em>El Chamarilero<\/em> para que formaran parte de unas exposiciones, una de ellas en la Biblioteca Nacional de Madrid. Durante esos a\u00f1os, el autor y el consistorio municipal intercambiaron correspondencia relacionada con la gesti\u00f3n de los permisos y los seguros de la obra.<br \/>\n<strong>BIBLIOGRAF\u00cdA<\/strong><br \/>\nAR\u00c1NEGA CASTILLA, Francisco Miguel; MANTAS FERN\u00c1NDEZ, Rafael: \u00abExposiciones de Bellas Artes en Linares, 1942-1957. Historia de la actividad expositiva y su repercusi\u00f3n\u00bb. <em>Siete esquinas<\/em>, n\u00ba 7. Linares: CEL, 2014, pp. 31-62.<br \/>\nGARC\u00cdA DEL MORAL Y MORAL, M\u00aa Jos\u00e9: <em>La obra pict\u00f3rica y po\u00e9tica de mi padre, Amalio Garc\u00eda del Moral y Garrido y su proyecci\u00f3n en mi formaci\u00f3n y mi obra<\/em>. (Tesis doctoral). Universidad Complutens de Madrid. Facultad de Bellas Artes, Departamento de dibujo, 1991.<br \/>\nGARC\u00cdA DEL MORAL Y MORAL, M\u00aa Jos\u00e9; CABALLERO CALAVIA, Manuel (eds.): <em>Mirada hacia la luz: andadura vital y est\u00e9tica de Amalio<\/em>. Sevilla: Fundaci\u00f3n Cajasol, Obra Social, 2007.<br \/>\nVV.AA.: <em>Pinacoteca Municipal de Linares<\/em>. Linares, Ayuntamiento de Linares, \u00c1rea de Cultura, 1994, p. 28.<\/p>\n<p><strong>Informaci\u00f3n extra\u00edda de: AR\u00c1NEGA CASTILLA, Francisco Miguel; MANTAS FERN\u00c1NDEZ, Rafael. [Cat\u00e1logo de la Exposici\u00f3n \u201cRedescubriendo\u201d. Exposici\u00f3n del Patrimonio Pict\u00f3rico del Ayuntamiento de Linares]. Linares: Servicio de publicaciones Ayto. Linares y CEL, 2020<\/strong><\/p>\n<p>Amalio Garc\u00eda del Moral (Granada, 1922 &#8211; Sevilla, 1995)<br \/>\nChamarilero (Primer premio de 1948, secci\u00f3n \u00f3leos)<br \/>\n\u00d3leo sobre lienzo, 162&#215;146 cm<\/p>\n<p>&nbsp;<\/p>\n<figure id=\"attachment_377\" aria-describedby=\"caption-attachment-377\" style=\"width: 460px\" class=\"wp-caption aligncenter\"><img decoding=\"async\" loading=\"lazy\" class=\"wp-image-377\" src=\"https:\/\/muvacandalucia.es\/wp-content\/uploads\/2021\/01\/DSC08953-scaled.jpg\" alt=\"Amalio Garc\u00eda del Moral (Granada, 1922 - Sevilla, 1995) Chamarilero (Primer premio de 1948, secci\u00f3n \u00f3leos) \u00d3leo sobre lienzo, 162x146 cm\" width=\"460\" height=\"510\" srcset=\"https:\/\/muvacandalucia.es\/wp-content\/uploads\/2021\/01\/DSC08953-scaled.jpg 2309w, https:\/\/muvacandalucia.es\/wp-content\/uploads\/2021\/01\/DSC08953-271x300.jpg 271w, https:\/\/muvacandalucia.es\/wp-content\/uploads\/2021\/01\/DSC08953-924x1024.jpg 924w, https:\/\/muvacandalucia.es\/wp-content\/uploads\/2021\/01\/DSC08953-768x851.jpg 768w, https:\/\/muvacandalucia.es\/wp-content\/uploads\/2021\/01\/DSC08953-1385x1536.jpg 1385w, https:\/\/muvacandalucia.es\/wp-content\/uploads\/2021\/01\/DSC08953-1847x2048.jpg 1847w\" sizes=\"(max-width: 460px) 100vw, 460px\" \/><figcaption id=\"caption-attachment-377\" class=\"wp-caption-text\">El chamarilero<\/figcaption><\/figure>\n","protected":false},"excerpt":{"rendered":"<p>Desde muy joven mostr\u00f3 un gran inter\u00e9s por la pintura y no es de extra\u00f1ar que con catorce a\u00f1os ya participara en exposiciones y comenzar\u00e1n las primeras cr\u00edticas positivas a&hellip;<\/p>\n","protected":false},"author":1,"featured_media":377,"comment_status":"open","ping_status":"open","sticky":false,"template":"","format":"standard","meta":[],"categories":[11],"tags":[141,86,183,182,184,74,64,37,162],"jetpack_featured_media_url":"https:\/\/muvacandalucia.es\/wp-content\/uploads\/2021\/01\/DSC08953-scaled.jpg","_links":{"self":[{"href":"https:\/\/muvacandalucia.es\/index.php\/wp-json\/wp\/v2\/posts\/536"}],"collection":[{"href":"https:\/\/muvacandalucia.es\/index.php\/wp-json\/wp\/v2\/posts"}],"about":[{"href":"https:\/\/muvacandalucia.es\/index.php\/wp-json\/wp\/v2\/types\/post"}],"author":[{"embeddable":true,"href":"https:\/\/muvacandalucia.es\/index.php\/wp-json\/wp\/v2\/users\/1"}],"replies":[{"embeddable":true,"href":"https:\/\/muvacandalucia.es\/index.php\/wp-json\/wp\/v2\/comments?post=536"}],"version-history":[{"count":1,"href":"https:\/\/muvacandalucia.es\/index.php\/wp-json\/wp\/v2\/posts\/536\/revisions"}],"predecessor-version":[{"id":537,"href":"https:\/\/muvacandalucia.es\/index.php\/wp-json\/wp\/v2\/posts\/536\/revisions\/537"}],"wp:featuredmedia":[{"embeddable":true,"href":"https:\/\/muvacandalucia.es\/index.php\/wp-json\/wp\/v2\/media\/377"}],"wp:attachment":[{"href":"https:\/\/muvacandalucia.es\/index.php\/wp-json\/wp\/v2\/media?parent=536"}],"wp:term":[{"taxonomy":"category","embeddable":true,"href":"https:\/\/muvacandalucia.es\/index.php\/wp-json\/wp\/v2\/categories?post=536"},{"taxonomy":"post_tag","embeddable":true,"href":"https:\/\/muvacandalucia.es\/index.php\/wp-json\/wp\/v2\/tags?post=536"}],"curies":[{"name":"wp","href":"https:\/\/api.w.org\/{rel}","templated":true}]}}