{"id":533,"date":"2021-01-23T12:47:03","date_gmt":"2021-01-23T12:47:03","guid":{"rendered":"https:\/\/muvaclinares.es\/?p=533"},"modified":"2021-01-25T08:01:01","modified_gmt":"2021-01-25T08:01:01","slug":"el-nino-pescador-que-capto-la-mirada-de-francisco-banos","status":"publish","type":"post","link":"https:\/\/muvacandalucia.es\/index.php\/2021\/01\/23\/el-nino-pescador-que-capto-la-mirada-de-francisco-banos\/","title":{"rendered":"El ni\u00f1o pescador que capt\u00f3 la mirada de Francisco Ba\u00f1os"},"content":{"rendered":"<p>Cuando Francisco Ba\u00f1os es un artista y un docente reconocido en el contexto nacional, cambia su papel<br \/>\ndentro del concurso desempe\u00f1ando la labor de jurado, cargo que ostent\u00f3 durante muchos a\u00f1os. La relaci\u00f3n entre Francisco Ba\u00f1os y el concurso fue reconocida por el Ayuntamiento de Linares, cuando en 2005 lo renombr\u00f3 como Bienal de Pintura \u201cFrancisco Ba\u00f1os\u201d, manteniendo la misma denominaci\u00f3n en 2008, siendo \u00e9sta la \u00faltima edici\u00f3n celebrada hasta la fecha.<br \/>\n<strong>BIBLIOGRAF\u00cdA<\/strong><br \/>\nALMANSA MORENO, Jos\u00e9 Manuel; ROBLES MART\u00cdN, Juan Manuel (Coord.): <em>50 a\u00f1os de artes pl\u00e1sticas en Ja\u00e9n Creaci\u00f3n, <\/em><em>medios y espacios (1960-2010)<\/em>. Ja\u00e9n: Instituto de Estudios Giennenses y Diputaci\u00f3n Provincial de Ja\u00e9n, 2016, pp. 75-79.<br \/>\nANTOL\u00cdN PAZ, Mario; MORALES Y MAR\u00cdN, Jos\u00e9 Luis; RINC\u00d3N GARC\u00cdA, Wifredo (dir.): <em>Diccionario de pintores y<\/em><br \/>\n<em>escultores espa\u00f1oles del siglo XX<\/em>. Madrid: Forum Artis, 1994-1996. Tomo II, p. 307.<br \/>\nAR\u00c1NEGA CASTILLA, Francisco Miguel; MANTAS FERN\u00c1NDEZ, Rafael: \u00abExposiciones de Bellas Artes en Linares, 1942-1957. Historia de la actividad expositiva y su repercusi\u00f3n\u00bb. <em>Siete esquinas<\/em>, n\u00ba 7. Linares: CEL, 2014, pp. 31-62.<br \/>\nVV.AA: Ba\u00f1os: <em>La ley de la buena forma<\/em>. Ja\u00e9n: Universidad Polit\u00e9cnica de Valencia y Universidad de Ja\u00e9n, 2004.<br \/>\nVV.AA.: <em>Pinacoteca Municipal de Linares<\/em>. Linares, Ayuntamiento de Linares, \u00c1rea de Cultura, 1994, pp. 20, 24, 30, 38, 53, 136, 151, 152, 153, 154.<\/p>\n<p><strong>Informaci\u00f3n extra\u00edda de: AR\u00c1NEGA CASTILLA, Francisco Miguel; MANTAS FERN\u00c1NDEZ, Rafael. [Cat\u00e1logo de la Exposici\u00f3n \u201cRedescubriendo\u201d. Exposici\u00f3n del Patrimonio Pict\u00f3rico del Ayuntamiento de Linares]. Linares: Servicio de publicaciones Ayto. Linares y CEL, 2020<\/strong><\/p>\n<p>Francisco Ba\u00f1os Martos (Linares, 1928 &#8211; Valencia, 2006)<br \/>\nNi\u00f1o pescador (Primer premio de 1949, secci\u00f3n \u00f3leos)<br \/>\n\u00d3leo sobre lienzo, 130&#215;80 cm.<\/p>\n<figure id=\"attachment_402\" aria-describedby=\"caption-attachment-402\" style=\"width: 460px\" class=\"wp-caption aligncenter\"><img decoding=\"async\" loading=\"lazy\" class=\"wp-image-402\" src=\"https:\/\/muvacandalucia.es\/wp-content\/uploads\/2021\/01\/DSC09221-scaled.jpg\" alt=\"Francisco Ba\u00f1os Martos (Linares, 1928 - Valencia, 2006) Ni\u00f1o pescador (Primer premio de 1949, secci\u00f3n \u00f3leos) \u00d3leo sobre lienzo, 130x80 cm.\" width=\"460\" height=\"763\" srcset=\"https:\/\/muvacandalucia.es\/wp-content\/uploads\/2021\/01\/DSC09221-scaled.jpg 1544w, https:\/\/muvacandalucia.es\/wp-content\/uploads\/2021\/01\/DSC09221-181x300.jpg 181w, https:\/\/muvacandalucia.es\/wp-content\/uploads\/2021\/01\/DSC09221-618x1024.jpg 618w, https:\/\/muvacandalucia.es\/wp-content\/uploads\/2021\/01\/DSC09221-768x1273.jpg 768w, https:\/\/muvacandalucia.es\/wp-content\/uploads\/2021\/01\/DSC09221-927x1536.jpg 927w, https:\/\/muvacandalucia.es\/wp-content\/uploads\/2021\/01\/DSC09221-1236x2048.jpg 1236w\" sizes=\"(max-width: 460px) 100vw, 460px\" \/><figcaption id=\"caption-attachment-402\" class=\"wp-caption-text\">El ni\u00f1o pescador<\/figcaption><\/figure>\n<h2 class=\"western\">Otras obras del mismo autor en Redescubriendo<\/h2>\n<h2 class=\"western\"><a href=\"https:\/\/muvacandalucia.es\/index.php\/2021\/01\/23\/la-mina-siempre-presente-en-el-linarense-francisco-banos\/\">La mina siempre presente en el linarense Francisco Ba\u00f1os<\/a><\/h2>\n<h2 class=\"western\"><a href=\"https:\/\/muvacandalucia.es\/index.php\/2021\/01\/23\/un-doble-desnudo-que-nos-muestra-a-francisco-banos-en-su-estilo-mas-puro\/\">Un doble desnudo que nos muestra a Francisco Ba\u00f1os en su estilo m\u00e1s puro<\/a><\/h2>\n<h2 class=\"western\"><a href=\"https:\/\/muvacandalucia.es\/index.php\/2021\/01\/24\/el-joven-calderero-que-atrajo-la-atencion-de-francisco-banos\/\">El joven calderero que atrajo la atenci\u00f3n de Francisco Ba\u00f1os<\/a><\/h2>\n","protected":false},"excerpt":{"rendered":"<p>Cuando Francisco Ba\u00f1os es un artista y un docente reconocido en el contexto nacional, cambia su papel dentro del concurso desempe\u00f1ando la labor de jurado, cargo que ostent\u00f3 durante muchos&hellip;<\/p>\n","protected":false},"author":1,"featured_media":402,"comment_status":"open","ping_status":"open","sticky":false,"template":"","format":"standard","meta":[],"categories":[11],"tags":[151,49,113,150,14,181,64,37,180],"jetpack_featured_media_url":"https:\/\/muvacandalucia.es\/wp-content\/uploads\/2021\/01\/DSC09221-scaled.jpg","_links":{"self":[{"href":"https:\/\/muvacandalucia.es\/index.php\/wp-json\/wp\/v2\/posts\/533"}],"collection":[{"href":"https:\/\/muvacandalucia.es\/index.php\/wp-json\/wp\/v2\/posts"}],"about":[{"href":"https:\/\/muvacandalucia.es\/index.php\/wp-json\/wp\/v2\/types\/post"}],"author":[{"embeddable":true,"href":"https:\/\/muvacandalucia.es\/index.php\/wp-json\/wp\/v2\/users\/1"}],"replies":[{"embeddable":true,"href":"https:\/\/muvacandalucia.es\/index.php\/wp-json\/wp\/v2\/comments?post=533"}],"version-history":[{"count":2,"href":"https:\/\/muvacandalucia.es\/index.php\/wp-json\/wp\/v2\/posts\/533\/revisions"}],"predecessor-version":[{"id":594,"href":"https:\/\/muvacandalucia.es\/index.php\/wp-json\/wp\/v2\/posts\/533\/revisions\/594"}],"wp:featuredmedia":[{"embeddable":true,"href":"https:\/\/muvacandalucia.es\/index.php\/wp-json\/wp\/v2\/media\/402"}],"wp:attachment":[{"href":"https:\/\/muvacandalucia.es\/index.php\/wp-json\/wp\/v2\/media?parent=533"}],"wp:term":[{"taxonomy":"category","embeddable":true,"href":"https:\/\/muvacandalucia.es\/index.php\/wp-json\/wp\/v2\/categories?post=533"},{"taxonomy":"post_tag","embeddable":true,"href":"https:\/\/muvacandalucia.es\/index.php\/wp-json\/wp\/v2\/tags?post=533"}],"curies":[{"name":"wp","href":"https:\/\/api.w.org\/{rel}","templated":true}]}}