{"id":525,"date":"2021-01-23T08:54:46","date_gmt":"2021-01-23T08:54:46","guid":{"rendered":"https:\/\/muvaclinares.es\/?p=525"},"modified":"2021-01-25T08:01:45","modified_gmt":"2021-01-25T08:01:45","slug":"un-doble-desnudo-que-nos-muestra-a-francisco-banos-en-su-estilo-mas-puro","status":"publish","type":"post","link":"https:\/\/muvacandalucia.es\/index.php\/2021\/01\/23\/un-doble-desnudo-que-nos-muestra-a-francisco-banos-en-su-estilo-mas-puro\/","title":{"rendered":"Un doble desnudo que nos muestra a Francisco Ba\u00f1os en su estilo m\u00e1s puro"},"content":{"rendered":"<p>El linarense Francisco Ba\u00f1os Martos, hijo de un minero y de una ama de casa, mostr\u00f3 desde su ni\u00f1ez gran destreza en el dibujo, como demuestra la representaci\u00f3n del cad\u00e1ver del torero Manolete en 1947.<br \/>\nGracias a sus buenas dotes art\u00edsticas, recibi\u00f3 una beca otorgada por el Ayuntamiento de Linares para ingresar en la Escuela Superior de Bellas Artes de San Fernando de Madrid, donde recibi\u00f3 magisterio de Rafael Hidalgo de Caviedes, a quien inmortaliz\u00f3 en cuadros como <em>Corrigiendo al maestro<\/em> (Ayuntamiento de Linares), obra donada al consistorio municipal en 1946, y <em>Retrato de mi profesor<\/em> (Museo Provincial de Ja\u00e9n). Su formaci\u00f3n se vio enriquecida con el viaje que realiz\u00f3 a Francia en 1953.<br \/>\nAdem\u00e1s de su faceta art\u00edstica, Francisco Ba\u00f1os destac\u00f3 por su dilatada trayectoria en la ense\u00f1anza.<br \/>\nDicha actividad comenz\u00f3 en 1961, cuando regres\u00f3 a Linares y desarroll\u00f3 la labor docente como profesor de dibujo en institutos, siendo continuada al a\u00f1o siguiente en el centro Santa Catalina de Alejandr\u00eda de Ja\u00e9n. Poco tiempo despu\u00e9s, en 1964 logr\u00f3 la c\u00e1tedra en la Escuela Superior de Bellas Artes de Valencia, llegando a ocupar el cargo de subdirector. De sus aulas han salido un nutrido repertorio de pintores de primera l\u00ednea del panorama nacional.<br \/>\nEl estilo de Francisco Ba\u00f1os es muy personal y f\u00e1cilmente reconocible, a trav\u00e9s de una pintura figurativa de un lenguaje pr\u00f3ximo al postcubismo. De su producci\u00f3n destacan las pinturas murales de tem\u00e1tica religiosa que decoran las paredes y los presbiterios de importantes iglesias de la provincia como son el del Santuario de la Virgen de Linarejos de Linares o la iglesia de Cristo Rey de Ja\u00e9n. Su pintura de caballete est\u00e1 repartida en colecciones de todo el mundo. Adem\u00e1s de los murales de tem\u00e1tica religiosa desarroll\u00f3 una amplia producci\u00f3n de caballete, abordando bodegones, figuras, paisajes, retratos y composiciones abstractas.<\/p>\n<p><strong>Informaci\u00f3n extra\u00edda de: AR\u00c1NEGA CASTILLA, Francisco Miguel; MANTAS FERN\u00c1NDEZ, Rafael. [Cat\u00e1logo de la Exposici\u00f3n \u201cRedescubriendo\u201d. Exposici\u00f3n del Patrimonio Pict\u00f3rico del Ayuntamiento de Linares]. Linares: Servicio de publicaciones Ayto. Linares y CEL, 2020<\/strong><\/p>\n<p>Francisco Ba\u00f1os Martos (Linares, Ja\u00e9n, 1928 &#8211; Valencia, 2006)<br \/>\n<em>Desnudo<\/em> (Primer premio de 1951, secci\u00f3n dibujo)<br \/>\nCarboncillo sobre papel, 138&#215;95 cm.<\/p>\n<figure id=\"attachment_386\" aria-describedby=\"caption-attachment-386\" style=\"width: 460px\" class=\"wp-caption aligncenter\"><img decoding=\"async\" loading=\"lazy\" class=\"wp-image-386\" src=\"https:\/\/muvacandalucia.es\/wp-content\/uploads\/2021\/01\/DSC08975-scaled.jpg\" alt=\"Francisco Ba\u00f1os Martos (Linares, Ja\u00e9n, 1928 - Valencia, 2006) Desnudo (Primer premio de 1951, secci\u00f3n dibujo) Carboncillo sobre papel, 138x95 cm.\" width=\"460\" height=\"667\" srcset=\"https:\/\/muvacandalucia.es\/wp-content\/uploads\/2021\/01\/DSC08975-scaled.jpg 1765w, https:\/\/muvacandalucia.es\/wp-content\/uploads\/2021\/01\/DSC08975-207x300.jpg 207w, https:\/\/muvacandalucia.es\/wp-content\/uploads\/2021\/01\/DSC08975-706x1024.jpg 706w, https:\/\/muvacandalucia.es\/wp-content\/uploads\/2021\/01\/DSC08975-768x1114.jpg 768w, https:\/\/muvacandalucia.es\/wp-content\/uploads\/2021\/01\/DSC08975-1059x1536.jpg 1059w, https:\/\/muvacandalucia.es\/wp-content\/uploads\/2021\/01\/DSC08975-1412x2048.jpg 1412w\" sizes=\"(max-width: 460px) 100vw, 460px\" \/><figcaption id=\"caption-attachment-386\" class=\"wp-caption-text\">Desnudo<\/figcaption><\/figure>\n<h2 class=\"western\">Otras obras del mismo autor en Redescubriendo<\/h2>\n<h2 class=\"western\"><a href=\"https:\/\/muvacandalucia.es\/index.php\/2021\/01\/23\/la-mina-siempre-presente-en-el-linarense-francisco-banos\/\">La mina siempre presente en el linarense Francisco Ba\u00f1os<\/a><\/h2>\n<h2 class=\"western\"><a href=\"https:\/\/muvacandalucia.es\/index.php\/2021\/01\/23\/el-nino-pescador-que-capto-la-mirada-de-francisco-banos\/\">El ni\u00f1o pescador que capt\u00f3 la mirada de Francisco Ba\u00f1os<\/a><\/h2>\n<h2 class=\"western\"><a href=\"https:\/\/muvacandalucia.es\/index.php\/2021\/01\/24\/el-joven-calderero-que-atrajo-la-atencion-de-francisco-banos\/\">El joven calderero que atrajo la atenci\u00f3n de Francisco Ba\u00f1os<\/a><\/h2>\n","protected":false},"excerpt":{"rendered":"<p>El linarense Francisco Ba\u00f1os Martos, hijo de un minero y de una ama de casa, mostr\u00f3 desde su ni\u00f1ez gran destreza en el dibujo, como demuestra la representaci\u00f3n del cad\u00e1ver&hellip;<\/p>\n","protected":false},"author":1,"featured_media":386,"comment_status":"open","ping_status":"open","sticky":false,"template":"","format":"standard","meta":[],"categories":[11],"tags":[151,174,176,173,175,150,23,14,37],"jetpack_featured_media_url":"https:\/\/muvacandalucia.es\/wp-content\/uploads\/2021\/01\/DSC08975-scaled.jpg","_links":{"self":[{"href":"https:\/\/muvacandalucia.es\/index.php\/wp-json\/wp\/v2\/posts\/525"}],"collection":[{"href":"https:\/\/muvacandalucia.es\/index.php\/wp-json\/wp\/v2\/posts"}],"about":[{"href":"https:\/\/muvacandalucia.es\/index.php\/wp-json\/wp\/v2\/types\/post"}],"author":[{"embeddable":true,"href":"https:\/\/muvacandalucia.es\/index.php\/wp-json\/wp\/v2\/users\/1"}],"replies":[{"embeddable":true,"href":"https:\/\/muvacandalucia.es\/index.php\/wp-json\/wp\/v2\/comments?post=525"}],"version-history":[{"count":3,"href":"https:\/\/muvacandalucia.es\/index.php\/wp-json\/wp\/v2\/posts\/525\/revisions"}],"predecessor-version":[{"id":595,"href":"https:\/\/muvacandalucia.es\/index.php\/wp-json\/wp\/v2\/posts\/525\/revisions\/595"}],"wp:featuredmedia":[{"embeddable":true,"href":"https:\/\/muvacandalucia.es\/index.php\/wp-json\/wp\/v2\/media\/386"}],"wp:attachment":[{"href":"https:\/\/muvacandalucia.es\/index.php\/wp-json\/wp\/v2\/media?parent=525"}],"wp:term":[{"taxonomy":"category","embeddable":true,"href":"https:\/\/muvacandalucia.es\/index.php\/wp-json\/wp\/v2\/categories?post=525"},{"taxonomy":"post_tag","embeddable":true,"href":"https:\/\/muvacandalucia.es\/index.php\/wp-json\/wp\/v2\/tags?post=525"}],"curies":[{"name":"wp","href":"https:\/\/api.w.org\/{rel}","templated":true}]}}