{"id":523,"date":"2021-01-23T08:39:12","date_gmt":"2021-01-23T08:39:12","guid":{"rendered":"https:\/\/muvaclinares.es\/?p=523"},"modified":"2021-01-25T07:38:17","modified_gmt":"2021-01-25T07:38:17","slug":"pablo-coronado-nos-presenta-a-marta-y-beatriz","status":"publish","type":"post","link":"https:\/\/muvacandalucia.es\/index.php\/2021\/01\/23\/pablo-coronado-nos-presenta-a-marta-y-beatriz\/","title":{"rendered":"Pablo Coronado nos presenta a Marta y Beatriz"},"content":{"rendered":"<p>Fue un artista polifac\u00e9tico, pintor, cartelista, decorador, ilustrador y escultor, que sin lugar a dudas fue uno de los creadores granadinos m\u00e1s destacados de su \u00e9poca. Como escultor se hizo famoso por el <em>Monumento al Cardenal Belluga<\/em> (1948), que se encuentra en Motril. En su faceta como dise\u00f1ador destacan sus sellos conmemorativos de la Cruz Roja Francesa. Como cartelista resultan de inter\u00e9s sus m\u00e1s de una docena de premios, como el recogido en el concurso de carteles de feria de Linares de 1955,<br \/>\ntitulado <em>Mensaje<\/em>.<br \/>\nSu faceta como pintor comenz\u00f3 a desarrollarse desde 1944 en la que empez\u00f3 a realizar excelentes \u00f3leos con tem\u00e1tica femenina. En la d\u00e9cada de los 50 del siglo pasado, estaba en boga la Exposici\u00f3n de Bellas Artes de Linares y no es de extra\u00f1ar que artistas como Coronado presentaran sus obras. En 1952 particip\u00f3 con el cuadro <em>La Espera<\/em>, que parece que gust\u00f3 al jurado y al p\u00fablico linarense. Un a\u00f1o m\u00e1s tarde, en 1953, volvieron a ensalzar los cuadros presentados al mismo certamen, titulados: <em>Bailarina,<\/em><br \/>\n<em>El jarro blanco<\/em> y <em>Marta y Beatriz<\/em>. El jurado se decidi\u00f3 por <em>Marta y Beatriz<\/em>. Fernando Arcas en un art\u00edculo de la revista Linares dec\u00eda lo siguiente: \u201cquiz\u00e1 la raz\u00f3n no haya sido s\u00f3lo su mayor complejidad, sino porque es el que m\u00e1s define su estilo y se desprende de influencias extra\u00f1as\u201d (<em>ARCAS<\/em>, 1953, p. 12). Sobresale la definici\u00f3n de la figura femenina del segundo plano, cuyos contornos y vol\u00famenes est\u00e1n mejor definidos, mientras que la joven que juega a las cartas, en primer plano, muestra un rostro con l\u00edneas<br \/>\nmuy marcadas que parece una m\u00e1scara fr\u00eda e inexpresiva.<br \/>\nEl cuadro fue colocado en la Oficina T\u00e9cnica de los aparejadores en el Ayuntamiento de Linares. La obra fue restaurada en 1995, al estar rajada la tela sobre la cabeza de la figura femenina de la izquierda y por deformaciones producidas por el destensado de la tela.<br \/>\n<strong>BIBLIOGRAF\u00cdA<\/strong><br \/>\nAR\u00c1NEGA CASTILLA, Francisco Miguel; MANTAS FERN\u00c1NDEZ, Rafael: \u00abExposiciones de Bellas Artes en Linares, 1942-1957. Historia de la actividad expositiva y su repercusi\u00f3n\u00bb. <em>Siete esquinas<\/em>, n\u00ba 7. Linares: CEL, 2014, pp. 31-62.<br \/>\nARCAS, Fernando: \u00abLa exposici\u00f3n de Bellas Artes\u00bb. Linares, n\u00ba27. Linares.[s.n.]. 1953, pp. 12-13<br \/>\nSESMERO RUIZ, Juli\u00e1n: <em>Diccionario de Pintores, Escultores y Grabadores en M\u00e1laga Siglo XX<\/em>. M\u00e1laga: Real Academia de Bellas Artes de San Telmo, 2003, pp. 119-120.<br \/>\nPALOMO D\u00cdAZ, Francisco: <em>Pablo Coronado. Pintor de la Mujer.<\/em> M\u00e1laga: Universidad de M\u00e1laga, 1981.<br \/>\nVV.AA.: <em>Pinacoteca Municipal de Linares<\/em>. Linares, Ayuntamiento de Linares, \u00c1rea de Cultura, 1994, p. 41.<\/p>\n<p><strong>Informaci\u00f3n extra\u00edda de: AR\u00c1NEGA CASTILLA, Francisco Miguel; MANTAS FERN\u00c1NDEZ, Rafael. [Cat\u00e1logo de la Exposici\u00f3n \u201cRedescubriendo\u201d. Exposici\u00f3n del Patrimonio Pict\u00f3rico del Ayuntamiento de Linares]. Linares: Servicio de publicaciones Ayto. Linares y CEL, 2020<\/strong><\/p>\n<p>Pablo Coronado Mart\u00edn (Motril, Granada, 1898 &#8211; Puerto de la Torre, M\u00e1laga, 1970)<br \/>\nMarta y Beatriz (Primer premio de 1953, secci\u00f3n \u00f3leos)<br \/>\n\u00d3leo sobre lienzo, 100&#215;85 cm.<\/p>\n<p>&nbsp;<\/p>\n<figure id=\"attachment_380\" aria-describedby=\"caption-attachment-380\" style=\"width: 460px\" class=\"wp-caption aligncenter\"><img decoding=\"async\" loading=\"lazy\" class=\"wp-image-380\" src=\"https:\/\/muvacandalucia.es\/wp-content\/uploads\/2021\/01\/DSC08960-scaled.jpg\" alt=\"Pablo Coronado Mart\u00edn (Motril, Granada, 1898 - Puerto de la Torre, M\u00e1laga, 1970) Marta y Beatriz (Primer premio de 1953, secci\u00f3n \u00f3leos) \u00d3leo sobre lienzo, 100x85 cm.\" width=\"460\" height=\"543\" srcset=\"https:\/\/muvacandalucia.es\/wp-content\/uploads\/2021\/01\/DSC08960-scaled.jpg 2167w, https:\/\/muvacandalucia.es\/wp-content\/uploads\/2021\/01\/DSC08960-254x300.jpg 254w, https:\/\/muvacandalucia.es\/wp-content\/uploads\/2021\/01\/DSC08960-867x1024.jpg 867w, https:\/\/muvacandalucia.es\/wp-content\/uploads\/2021\/01\/DSC08960-768x907.jpg 768w, https:\/\/muvacandalucia.es\/wp-content\/uploads\/2021\/01\/DSC08960-1300x1536.jpg 1300w, https:\/\/muvacandalucia.es\/wp-content\/uploads\/2021\/01\/DSC08960-1733x2048.jpg 1733w\" sizes=\"(max-width: 460px) 100vw, 460px\" \/><figcaption id=\"caption-attachment-380\" class=\"wp-caption-text\">Marta y Beatriz<\/figcaption><\/figure>\n","protected":false},"excerpt":{"rendered":"<p>Fue un artista polifac\u00e9tico, pintor, cartelista, decorador, ilustrador y escultor, que sin lugar a dudas fue uno de los creadores granadinos m\u00e1s destacados de su \u00e9poca. Como escultor se hizo&hellip;<\/p>\n","protected":false},"author":1,"featured_media":380,"comment_status":"open","ping_status":"open","sticky":false,"template":"","format":"standard","meta":[],"categories":[11],"tags":[171,80,74,172,170,64,169,37],"jetpack_featured_media_url":"https:\/\/muvacandalucia.es\/wp-content\/uploads\/2021\/01\/DSC08960-scaled.jpg","_links":{"self":[{"href":"https:\/\/muvacandalucia.es\/index.php\/wp-json\/wp\/v2\/posts\/523"}],"collection":[{"href":"https:\/\/muvacandalucia.es\/index.php\/wp-json\/wp\/v2\/posts"}],"about":[{"href":"https:\/\/muvacandalucia.es\/index.php\/wp-json\/wp\/v2\/types\/post"}],"author":[{"embeddable":true,"href":"https:\/\/muvacandalucia.es\/index.php\/wp-json\/wp\/v2\/users\/1"}],"replies":[{"embeddable":true,"href":"https:\/\/muvacandalucia.es\/index.php\/wp-json\/wp\/v2\/comments?post=523"}],"version-history":[{"count":1,"href":"https:\/\/muvacandalucia.es\/index.php\/wp-json\/wp\/v2\/posts\/523\/revisions"}],"predecessor-version":[{"id":524,"href":"https:\/\/muvacandalucia.es\/index.php\/wp-json\/wp\/v2\/posts\/523\/revisions\/524"}],"wp:featuredmedia":[{"embeddable":true,"href":"https:\/\/muvacandalucia.es\/index.php\/wp-json\/wp\/v2\/media\/380"}],"wp:attachment":[{"href":"https:\/\/muvacandalucia.es\/index.php\/wp-json\/wp\/v2\/media?parent=523"}],"wp:term":[{"taxonomy":"category","embeddable":true,"href":"https:\/\/muvacandalucia.es\/index.php\/wp-json\/wp\/v2\/categories?post=523"},{"taxonomy":"post_tag","embeddable":true,"href":"https:\/\/muvacandalucia.es\/index.php\/wp-json\/wp\/v2\/tags?post=523"}],"curies":[{"name":"wp","href":"https:\/\/api.w.org\/{rel}","templated":true}]}}