{"id":520,"date":"2021-01-23T08:19:05","date_gmt":"2021-01-23T08:19:05","guid":{"rendered":"https:\/\/muvaclinares.es\/?p=520"},"modified":"2021-01-23T08:19:49","modified_gmt":"2021-01-23T08:19:49","slug":"un-desnudo-que-burla-la-censura-del-regimen-con-su-candidez","status":"publish","type":"post","link":"https:\/\/muvacandalucia.es\/index.php\/2021\/01\/23\/un-desnudo-que-burla-la-censura-del-regimen-con-su-candidez\/","title":{"rendered":"Un desnudo que burla la censura del R\u00e9gimen con su candidez"},"content":{"rendered":"<p>Desde su infancia sinti\u00f3 vocaci\u00f3n por la pintura, lo cual le hizo entrar como aprendiz del pintor Luis Gordillo. Sin dejar a su maestro, asisti\u00f3 a la Escuela de Artes y Oficios de Madrid y se form\u00f3 con Jos\u00e9 Lapayese Bruna y Enrique Mart\u00ednez Cubells, entre otros.<br \/>\nTras la Guerra Civil, ayud\u00f3 en el taller de orfebrer\u00eda de la familia, pero pronto se dedic\u00f3 exclusivamente a la pintura y comenz\u00f3 una fruct\u00edfera etapa realizando miniaturistas, llegando a ser considerado uno de los mejores del \u00e1mbito espa\u00f1ol. En 1949 decidi\u00f3 cambiar de estilo y abandon\u00f3 las miniaturas, comenzando a exponer grandes \u00f3leos, como los que se pudieron admirar ese mismo a\u00f1o en su primera<br \/>\nexposici\u00f3n en la Sala Dardo de Madrid.<br \/>\nYa en 1954 particip\u00f3 con tres obras, <em>Ni\u00f1o tocando la arm\u00f3nica<\/em>, <em>Florero<\/em> y <em>Desnudo de las zapatillas rojas<\/em>, obra<br \/>\nesta \u00faltima con la que obtuvo el primer premio en la XIII Exposici\u00f3n de Bellas Artes y Artesan\u00eda de Linares. El cuadro fue descrito en la revista Linares de la siguiente manera: \u201cmuestra una adolescente desnuda, y, sin embargo, el cr\u00edtico dijo que era \u00abun cuadro indiscutible por su nobleza, por su gracia, por su sencillez, por la delicada expresi\u00f3n de inocencia e ingenuidad con que ha sabido animar el modelo\u00bb. Estimamos exacto el juicio, porque en toda la obra de Mirasierras se da la gracia, la nobleza,<br \/>\nel \u00e1ngel, y ha de ser atrevido el tema &#8211; como en el \u00abDesnudo de las zapatillas rojas\u00bb &#8211; y su pincel ser\u00e1<br \/>\nun perfecto auxiliar del artista que \u00abve con ojos puros\u00bb. Mirasierras, porque s\u00ed, vierte en torno suyo una esencia po\u00e9tica, y la obra que le brota de las manos creadoras est\u00e1 como llena de esa esencia, de esa poes\u00eda que le hace no de ayer ni de hoy, sino de siempre\u201d (Desconocido, 1955, pp. 18-19).<br \/>\nNuevamente Mirasierras volver\u00eda al concurso linarense en 1957 presentando <em>Ni\u00f1o escribiendo<\/em>, <em>Bodeg\u00f3n<\/em> y <em>Paisaje del Guadarrama<\/em>, esta \u00faltima obra ser\u00eda regalada por el autor al Excmo. Ayuntamiento de Linares.<br \/>\n<strong>BIBLIOGRAF\u00cdA<\/strong><br \/>\nAR\u00c1NEGA CASTILLA, Francisco Miguel; MANTAS FERN\u00c1NDEZ, Rafael: \u00abExposiciones de Bellas Artes en Linares, 1942-1957. Historia de la actividad expositiva y su repercusi\u00f3n\u00bb. <em>Siete esquinas<\/em>, n\u00ba 7. Linares: CEL, 2014, pp. 31-62.<br \/>\nDESCONOCIDO: \u00abMirasierras Cicujano habla para nuestra revista\u00bb. Linares, n\u00ba51. <em>Linares<\/em>.[s.n.]. 1955, pp. 18-19.<br \/>\nSESMERO RUIZ, Juli\u00e1n: <em>Diccionario de Pintores, Escultores y Grabadores en M\u00e1laga Siglo XX<\/em>. M\u00e1laga: Real Academia de Bellas Artes de San Telmo, 2003, pp. 119-120.<br \/>\nMART\u00cdNEZ LANZAS, Eloy: <em>Cat\u00e1logo retratos miniaturas colecci\u00f3n Mart\u00ednez Lanzas de las Heras<\/em>. Tarragona: L&#8217;Autor, 2011.<br \/>\nVV.AA.: <em>Pinacoteca Municipal de Linares<\/em>. Linares, Ayuntamiento de Linares, \u00c1rea de Cultura, 1994, p. 44.<\/p>\n<p><strong>Informaci\u00f3n extra\u00edda de: AR\u00c1NEGA CASTILLA, Francisco Miguel; MANTAS FERN\u00c1NDEZ, Rafael. [Cat\u00e1logo de la Exposici\u00f3n \u201cRedescubriendo\u201d. Exposici\u00f3n del Patrimonio Pict\u00f3rico del Ayuntamiento de Linares]. Linares: Servicio de publicaciones Ayto. Linares y CEL, 2020<\/strong><\/p>\n<p>Juan Mirasierras Cicujano (Madrid 1921 &#8211; Madrid 2010)<br \/>\nDesnudo de las zapatillas rojas (Primer premio de 1954, secci\u00f3n \u00f3leos)<br \/>\n\u00d3leo sobre lienzo, 100&#215;85 cm.<\/p>\n<figure id=\"attachment_381\" aria-describedby=\"caption-attachment-381\" style=\"width: 460px\" class=\"wp-caption aligncenter\"><img decoding=\"async\" loading=\"lazy\" class=\"wp-image-381\" src=\"https:\/\/muvacandalucia.es\/wp-content\/uploads\/2021\/01\/DSC08962-scaled.jpg\" alt=\"Juan Mirasierras Cicujano (Madrid 1921 - Madrid 2010) Desnudo de las zapatillas rojas (Primer premio de 1954, secci\u00f3n \u00f3leos) \u00d3leo sobre lienzo, 100x85 cm.\" width=\"460\" height=\"572\" srcset=\"https:\/\/muvacandalucia.es\/wp-content\/uploads\/2021\/01\/DSC08962-scaled.jpg 2058w, https:\/\/muvacandalucia.es\/wp-content\/uploads\/2021\/01\/DSC08962-241x300.jpg 241w, https:\/\/muvacandalucia.es\/wp-content\/uploads\/2021\/01\/DSC08962-823x1024.jpg 823w, https:\/\/muvacandalucia.es\/wp-content\/uploads\/2021\/01\/DSC08962-768x956.jpg 768w, https:\/\/muvacandalucia.es\/wp-content\/uploads\/2021\/01\/DSC08962-1235x1536.jpg 1235w, https:\/\/muvacandalucia.es\/wp-content\/uploads\/2021\/01\/DSC08962-1646x2048.jpg 1646w\" sizes=\"(max-width: 460px) 100vw, 460px\" \/><figcaption id=\"caption-attachment-381\" class=\"wp-caption-text\">Desnudo de las zapatillas rojas<\/figcaption><\/figure>\n","protected":false},"excerpt":{"rendered":"<p>Desde su infancia sinti\u00f3 vocaci\u00f3n por la pintura, lo cual le hizo entrar como aprendiz del pintor Luis Gordillo. Sin dejar a su maestro, asisti\u00f3 a la Escuela de Artes&hellip;<\/p>\n","protected":false},"author":1,"featured_media":381,"comment_status":"open","ping_status":"open","sticky":false,"template":"","format":"standard","meta":[],"categories":[11],"tags":[167,39,168,166,42,64,37],"jetpack_featured_media_url":"https:\/\/muvacandalucia.es\/wp-content\/uploads\/2021\/01\/DSC08962-scaled.jpg","_links":{"self":[{"href":"https:\/\/muvacandalucia.es\/index.php\/wp-json\/wp\/v2\/posts\/520"}],"collection":[{"href":"https:\/\/muvacandalucia.es\/index.php\/wp-json\/wp\/v2\/posts"}],"about":[{"href":"https:\/\/muvacandalucia.es\/index.php\/wp-json\/wp\/v2\/types\/post"}],"author":[{"embeddable":true,"href":"https:\/\/muvacandalucia.es\/index.php\/wp-json\/wp\/v2\/users\/1"}],"replies":[{"embeddable":true,"href":"https:\/\/muvacandalucia.es\/index.php\/wp-json\/wp\/v2\/comments?post=520"}],"version-history":[{"count":2,"href":"https:\/\/muvacandalucia.es\/index.php\/wp-json\/wp\/v2\/posts\/520\/revisions"}],"predecessor-version":[{"id":522,"href":"https:\/\/muvacandalucia.es\/index.php\/wp-json\/wp\/v2\/posts\/520\/revisions\/522"}],"wp:featuredmedia":[{"embeddable":true,"href":"https:\/\/muvacandalucia.es\/index.php\/wp-json\/wp\/v2\/media\/381"}],"wp:attachment":[{"href":"https:\/\/muvacandalucia.es\/index.php\/wp-json\/wp\/v2\/media?parent=520"}],"wp:term":[{"taxonomy":"category","embeddable":true,"href":"https:\/\/muvacandalucia.es\/index.php\/wp-json\/wp\/v2\/categories?post=520"},{"taxonomy":"post_tag","embeddable":true,"href":"https:\/\/muvacandalucia.es\/index.php\/wp-json\/wp\/v2\/tags?post=520"}],"curies":[{"name":"wp","href":"https:\/\/api.w.org\/{rel}","templated":true}]}}