{"id":517,"date":"2021-01-23T07:53:22","date_gmt":"2021-01-23T07:53:22","guid":{"rendered":"https:\/\/muvaclinares.es\/?p=517"},"modified":"2021-03-07T08:10:52","modified_gmt":"2021-03-07T08:10:52","slug":"la-mirada-nostalgica-de-la-planchadora-de-briones","status":"publish","type":"post","link":"https:\/\/muvacandalucia.es\/index.php\/2021\/01\/23\/la-mirada-nostalgica-de-la-planchadora-de-briones\/","title":{"rendered":"La mirada nost\u00e1lgica de la planchadora de Briones"},"content":{"rendered":"<p>Fernando Briones Carmona, hijo de comerciantes, inici\u00f3 su\u00a0 formaci\u00f3n con pintores locales de \u00c9cija, su ciudad natal. Con tan solo quince a\u00f1os, ingres\u00f3 en la Academia de Bellas Artes de San Fernando de Madrid, coincidiendo con Salvador Dal\u00ed. All\u00ed recibi\u00f3 el magisterio de renombrados profesores como Cecilio Pl\u00e1, Jos\u00e9 Benedito, Jos\u00e9 Moreno Carbonero, Julio Romero de Torres o Francisco Esteve Botey. Entre los a\u00f1os 1924 y 1927, continu\u00f3 su aprendizaje con diversas becas y pensiones, destacando la recibida en el Paular. Durante esos a\u00f1os entr\u00f3 en contacto con importantes personalidades del mundo de las artes, como Federico Garc\u00eda Lorca, Manuel de Falla o Daniel V\u00e1zquez D\u00edaz. Posteriormente, en 1930 obtuvo una pensi\u00f3n para estudiar en la Academia de Dibujo de Par\u00eds.<br \/>\nDurante el desarrollo de la Guerra Civil, ingres\u00f3 en el Sindicato de la Ense\u00f1anza FETE y en la Asociaci\u00f3n de Intelectuales Antifascistas que capitaneaba Rafael Alberti, realizando r\u00f3tulos y dibujos.<br \/>\nEn 1937 particip\u00f3 en el Pabell\u00f3n de Espa\u00f1a de la Exposici\u00f3n Internacional de Par\u00eds con un cuadro del fusilamiento de Federico Garc\u00eda Lorca, que a\u00f1os m\u00e1s tarde fue expuesto en el Centro de Arte Reina Sof\u00eda en la conmemoraci\u00f3n de la Exposici\u00f3n de Par\u00eds, y que en la actualidad se encuentra en el Museo de Arte Moderno de Barcelona.<br \/>\nEn los a\u00f1os sucesivos present\u00f3 su obra en prestigiosos cert\u00e1menes, siendo reconocida su maestr\u00eda con la Primera medalla del Sal\u00f3n de Oto\u00f1o de 1946 por <em>Retrato<\/em> o con el Primer premio de Pintura del Concurso Nacional de 1948 con <em>Ba\u00f1istas<\/em>. En Linares obtuvo el Primer premio en la edici\u00f3n de 1955 con <em>Planchadora<\/em>, un \u00f3leo que tiene como protagonista a una figura femenina, en actitud melanc\u00f3lica,<br \/>\nsentada frente a una mesa cubierta con una manta sobre la que plancha la ropa y sobre la que se halla una peque\u00f1a maceta con un geranio.<br \/>\nTras la finalizaci\u00f3n de las Exposiciones Nacionales y Salones de Oto\u00f1o en 1968, y a ra\u00edz de sus desencuentros con la cr\u00edtica espa\u00f1ola, decidi\u00f3 no volver a exponer, ni a vender ning\u00fan cuadro en Espa\u00f1a. Sin embargo, continu\u00f3 pintando y comercializando su obra en el extranjero. En el \u00e1mbito profesional, desde 1950 hasta su jubilaci\u00f3n en 1975 desempe\u00f1\u00f3 el cargo de profesor de t\u00e9rmino de dibujo art\u00edstico de la Escuela de Artes y Oficios Art\u00edsticos de Madrid.<br \/>\n<strong>BIBLIOGRAF\u00cdA<\/strong><br \/>\nAR\u00c1NEGA CASTILLA, Francisco Miguel; MANTAS FERN\u00c1NDEZ, Rafael: \u00abExposiciones de Bellas Artes en Linares, 1942-1957. Historia de la actividad expositiva y su repercusi\u00f3n\u00bb. <em>Siete esquinas<\/em>, n\u00ba 7. Linares: CEL, 2014, pp. 31-62.<br \/>\nVV.AA.: <em>Pinacoteca Municipal de Linares<\/em>. Linares, Ayuntamiento de Linares, \u00c1rea de Cultura, 1994, p. 47.<\/p>\n<p><strong>Informaci\u00f3n extra\u00edda de: AR\u00c1NEGA CASTILLA, Francisco Miguel; MANTAS FERN\u00c1NDEZ, Rafael. [Cat\u00e1logo de la Exposici\u00f3n \u201cRedescubriendo\u201d. Exposici\u00f3n del Patrimonio Pict\u00f3rico del Ayuntamiento de Linares]. Linares: Servicio de publicaciones Ayto. Linares y CEL, 2020<\/strong><\/p>\n<p>Fernando Briones Carmona (\u00c9cija, Sevilla, 1905 &#8211; Madrid, 1988)<br \/>\nPlanchadora (Primer premio de 1955, secci\u00f3n \u00f3leos)<br \/>\n\u00d3leo sobre lienzo, 110&#215;90 cm.<\/p>\n<figure id=\"attachment_395\" aria-describedby=\"caption-attachment-395\" style=\"width: 460px\" class=\"wp-caption aligncenter\"><img decoding=\"async\" loading=\"lazy\" class=\"wp-image-395\" src=\"https:\/\/muvacandalucia.es\/wp-content\/uploads\/2021\/01\/DSC08996-scaled.jpg\" alt=\"Fernando Briones Carmona (\u00c9cija, Sevilla, 1905 - Madrid, 1988) Planchadora (Primer premio de 1955, secci\u00f3n \u00f3leos) \u00d3leo sobre lienzo, 110x90 cm.\" width=\"460\" height=\"560\" srcset=\"https:\/\/muvacandalucia.es\/wp-content\/uploads\/2021\/01\/DSC08996-scaled.jpg 2104w, https:\/\/muvacandalucia.es\/wp-content\/uploads\/2021\/01\/DSC08996-247x300.jpg 247w, https:\/\/muvacandalucia.es\/wp-content\/uploads\/2021\/01\/DSC08996-842x1024.jpg 842w, https:\/\/muvacandalucia.es\/wp-content\/uploads\/2021\/01\/DSC08996-768x934.jpg 768w, https:\/\/muvacandalucia.es\/wp-content\/uploads\/2021\/01\/DSC08996-1263x1536.jpg 1263w, https:\/\/muvacandalucia.es\/wp-content\/uploads\/2021\/01\/DSC08996-1684x2048.jpg 1684w\" sizes=\"(max-width: 460px) 100vw, 460px\" \/><figcaption id=\"caption-attachment-395\" class=\"wp-caption-text\">La planchadora<\/figcaption><\/figure>\n","protected":false},"excerpt":{"rendered":"<p>Fernando Briones Carmona, hijo de comerciantes, inici\u00f3 su\u00a0 formaci\u00f3n con pintores locales de \u00c9cija, su ciudad natal. Con tan solo quince a\u00f1os, ingres\u00f3 en la Academia de Bellas Artes de&hellip;<\/p>\n","protected":false},"author":1,"featured_media":395,"comment_status":"open","ping_status":"open","sticky":false,"template":"","format":"standard","meta":[],"categories":[11],"tags":[163,165,161,160,64,164,37,162],"jetpack_featured_media_url":"https:\/\/muvacandalucia.es\/wp-content\/uploads\/2021\/01\/DSC08996-scaled.jpg","_links":{"self":[{"href":"https:\/\/muvacandalucia.es\/index.php\/wp-json\/wp\/v2\/posts\/517"}],"collection":[{"href":"https:\/\/muvacandalucia.es\/index.php\/wp-json\/wp\/v2\/posts"}],"about":[{"href":"https:\/\/muvacandalucia.es\/index.php\/wp-json\/wp\/v2\/types\/post"}],"author":[{"embeddable":true,"href":"https:\/\/muvacandalucia.es\/index.php\/wp-json\/wp\/v2\/users\/1"}],"replies":[{"embeddable":true,"href":"https:\/\/muvacandalucia.es\/index.php\/wp-json\/wp\/v2\/comments?post=517"}],"version-history":[{"count":2,"href":"https:\/\/muvacandalucia.es\/index.php\/wp-json\/wp\/v2\/posts\/517\/revisions"}],"predecessor-version":[{"id":519,"href":"https:\/\/muvacandalucia.es\/index.php\/wp-json\/wp\/v2\/posts\/517\/revisions\/519"}],"wp:featuredmedia":[{"embeddable":true,"href":"https:\/\/muvacandalucia.es\/index.php\/wp-json\/wp\/v2\/media\/395"}],"wp:attachment":[{"href":"https:\/\/muvacandalucia.es\/index.php\/wp-json\/wp\/v2\/media?parent=517"}],"wp:term":[{"taxonomy":"category","embeddable":true,"href":"https:\/\/muvacandalucia.es\/index.php\/wp-json\/wp\/v2\/categories?post=517"},{"taxonomy":"post_tag","embeddable":true,"href":"https:\/\/muvacandalucia.es\/index.php\/wp-json\/wp\/v2\/tags?post=517"}],"curies":[{"name":"wp","href":"https:\/\/api.w.org\/{rel}","templated":true}]}}