{"id":514,"date":"2021-01-23T07:34:26","date_gmt":"2021-01-23T07:34:26","guid":{"rendered":"https:\/\/muvaclinares.es\/?p=514"},"modified":"2021-01-23T07:36:32","modified_gmt":"2021-01-23T07:36:32","slug":"y-carmela-nos-contempla-de-la-mano-de-jose-suarez-peregrin","status":"publish","type":"post","link":"https:\/\/muvacandalucia.es\/index.php\/2021\/01\/23\/y-carmela-nos-contempla-de-la-mano-de-jose-suarez-peregrin\/","title":{"rendered":"Y Carmela nos contempla de la mano de  Jos\u00e9 Su\u00e1rez Peregr\u00edn"},"content":{"rendered":"<p>Nuevamente tenemos un representante de la escuela de pintores granadinos que desde muy joven comienza a destacar en el mundo art\u00edstico. Una de sus primera obras fue el cartel anunciador de la fiesta del Corpus Christi de Granada de 1924. Destaca la t\u00e9cnica y colorido que, un adolescente Su\u00e1rez, incorpora a un cartel innovador.<br \/>\nCon dieciocho a\u00f1os recibi\u00f3 una beca de estudio, del Ayuntamiento de Granada, que le permiti\u00f3 participar en la Exposici\u00f3n Regional de Bellas Artes de Granada de 1926. Se form\u00f3 en la Escuela de Artes y Oficios de Granada en la que recibi\u00f3 clase de maestros como Gabriel Morcillo Raya.<br \/>\nEn 1932 realiz\u00f3 una de sus obras m\u00e1s conocidas, <em>Acr\u00f3batas (Saltimbanquis)<\/em>, premiada con la tercera medalla en la Exposici\u00f3n Nacional de ese mismo a\u00f1o y que le facilit\u00f3 una nueva beca de pintura de la Fundaci\u00f3n Conde de Cartagena. Posteriormente fue propuesto para continuar su formaci\u00f3n en Italia.<br \/>\nYa en los a\u00f1os 50 ejerce como profesor en la Escuela Central de Artes y Oficios de Madrid, junto a otros<br \/>\nartistas como Antonio Sol\u00eds \u00c1vila.<br \/>\nSu\u00e1rez particip\u00f3 en Linares en la XV Exposici\u00f3n de Bellas Artes y Artesan\u00eda de 1956 y present\u00f3 dos obras: <em>Estudio<\/em> y <em>Carmela la gitana<\/em>, renombrada al ganar como <em>Carmen la gitana<\/em>. Un retrato de medio cuerpo y pose semifrontal de una joven sentada que gira su rostro hacia su derecha y cuyos ojos muestran una mirada seria. Su pelo, no es especialmente largo, cae por su hombro derecho y descansa sobre una chaquetilla roja que cubre un traje de faralaes. Se observa un mant\u00f3n de encaje negro que abraza a la figura y que destaca por su gran detalle. Su\u00e1rez utiliza un fondo pict\u00f3rico neutro configurado a trav\u00e9s de la aplicaci\u00f3n de colores, entre los que predominan el azul y el gris. En el margen inferior izquierdo se aprecia un paisaje urbano difuminado.<br \/>\n<strong>BIBLIOGRAF\u00cdA<\/strong><br \/>\nAR\u00c1NEGA CASTILLA, Francisco Miguel; MANTAS FERN\u00c1NDEZ, Rafael: \u00abExposiciones de Bellas Artes en Linares, 1942- 1957. Historia de la actividad expositiva y su repercusi\u00f3n\u00bb. <em>Siete esquinas<\/em>, n\u00ba 7. Linares: CEL, 2014, pp. 31-62.<br \/>\nCAPARR\u00d3S MASEGOSA, Mar\u00eda Dolores: \u00abExposiciones de bellas artes en Granada, el final de un ciclo (1920-1936)\u00bb. <em>Cuadernos de arte de la Universidad de Granada<\/em>, n\u00ba 38, 2007, pp. 231-248.<br \/>\nPANTORBA, Bernardino de: <em>Historia y cr\u00edtica de las Exposiciones Nacionales de Bellas Artes celebradas en Espa\u00f1a<\/em>, Madrid, Jes\u00fas Ram\u00f3n Garc\u00eda-Rama, 1980, p. 306-310.<br \/>\nVV.AA.: <em>Pinacoteca Municipal de Linares<\/em>. Linares, Ayuntamiento de Linares, \u00c1rea de Cultura, 1994, p. 50.<\/p>\n<p><strong>Informaci\u00f3n extra\u00edda de: AR\u00c1NEGA CASTILLA, Francisco Miguel; MANTAS FERN\u00c1NDEZ, Rafael. [Cat\u00e1logo de la Exposici\u00f3n \u201cRedescubriendo\u201d. Exposici\u00f3n del Patrimonio Pict\u00f3rico del Ayuntamiento de Linares]. Linares: Servicio de publicaciones Ayto. Linares y CEL, 2020<\/strong><\/p>\n<p>Jos\u00e9 Su\u00e1rez Peregr\u00edn (Granada, 1908 &#8211; \u2020)<br \/>\nCarmen la gitana (Primer premio de 1956, secci\u00f3n \u00f3leos)<br \/>\n\u00d3leo sobre lienzo, 95&#215;75 cm.<\/p>\n<figure id=\"attachment_368\" aria-describedby=\"caption-attachment-368\" style=\"width: 460px\" class=\"wp-caption aligncenter\"><img decoding=\"async\" loading=\"lazy\" class=\"wp-image-368\" src=\"https:\/\/muvacandalucia.es\/wp-content\/uploads\/2021\/01\/DSC08930-scaled.jpg\" alt=\"Jos\u00e9 Su\u00e1rez Peregr\u00edn (Granada, 1908 - \u2020) Carmen la gitana (Primer premio de 1956, secci\u00f3n \u00f3leos) \u00d3leo sobre lienzo, 95x75 cm.\" width=\"460\" height=\"581\" srcset=\"https:\/\/muvacandalucia.es\/wp-content\/uploads\/2021\/01\/DSC08930-scaled.jpg 2027w, https:\/\/muvacandalucia.es\/wp-content\/uploads\/2021\/01\/DSC08930-238x300.jpg 238w, https:\/\/muvacandalucia.es\/wp-content\/uploads\/2021\/01\/DSC08930-811x1024.jpg 811w, https:\/\/muvacandalucia.es\/wp-content\/uploads\/2021\/01\/DSC08930-768x970.jpg 768w, https:\/\/muvacandalucia.es\/wp-content\/uploads\/2021\/01\/DSC08930-1216x1536.jpg 1216w, https:\/\/muvacandalucia.es\/wp-content\/uploads\/2021\/01\/DSC08930-1622x2048.jpg 1622w\" sizes=\"(max-width: 460px) 100vw, 460px\" \/><figcaption id=\"caption-attachment-368\" class=\"wp-caption-text\">Carmen la gitana<\/figcaption><\/figure>\n","protected":false},"excerpt":{"rendered":"<p>Nuevamente tenemos un representante de la escuela de pintores granadinos que desde muy joven comienza a destacar en el mundo art\u00edstico. Una de sus primera obras fue el cartel anunciador&hellip;<\/p>\n","protected":false},"author":1,"featured_media":368,"comment_status":"open","ping_status":"open","sticky":false,"template":"","format":"standard","meta":[],"categories":[11],"tags":[158,159,74,157,154,64,37,156],"jetpack_featured_media_url":"https:\/\/muvacandalucia.es\/wp-content\/uploads\/2021\/01\/DSC08930-scaled.jpg","_links":{"self":[{"href":"https:\/\/muvacandalucia.es\/index.php\/wp-json\/wp\/v2\/posts\/514"}],"collection":[{"href":"https:\/\/muvacandalucia.es\/index.php\/wp-json\/wp\/v2\/posts"}],"about":[{"href":"https:\/\/muvacandalucia.es\/index.php\/wp-json\/wp\/v2\/types\/post"}],"author":[{"embeddable":true,"href":"https:\/\/muvacandalucia.es\/index.php\/wp-json\/wp\/v2\/users\/1"}],"replies":[{"embeddable":true,"href":"https:\/\/muvacandalucia.es\/index.php\/wp-json\/wp\/v2\/comments?post=514"}],"version-history":[{"count":2,"href":"https:\/\/muvacandalucia.es\/index.php\/wp-json\/wp\/v2\/posts\/514\/revisions"}],"predecessor-version":[{"id":516,"href":"https:\/\/muvacandalucia.es\/index.php\/wp-json\/wp\/v2\/posts\/514\/revisions\/516"}],"wp:featuredmedia":[{"embeddable":true,"href":"https:\/\/muvacandalucia.es\/index.php\/wp-json\/wp\/v2\/media\/368"}],"wp:attachment":[{"href":"https:\/\/muvacandalucia.es\/index.php\/wp-json\/wp\/v2\/media?parent=514"}],"wp:term":[{"taxonomy":"category","embeddable":true,"href":"https:\/\/muvacandalucia.es\/index.php\/wp-json\/wp\/v2\/categories?post=514"},{"taxonomy":"post_tag","embeddable":true,"href":"https:\/\/muvacandalucia.es\/index.php\/wp-json\/wp\/v2\/tags?post=514"}],"curies":[{"name":"wp","href":"https:\/\/api.w.org\/{rel}","templated":true}]}}