{"id":511,"date":"2021-01-23T07:22:18","date_gmt":"2021-01-23T07:22:18","guid":{"rendered":"https:\/\/muvaclinares.es\/?p=511"},"modified":"2021-01-25T08:02:34","modified_gmt":"2021-01-25T08:02:34","slug":"la-mina-siempre-presente-en-el-linarense-francisco-banos","status":"publish","type":"post","link":"https:\/\/muvacandalucia.es\/index.php\/2021\/01\/23\/la-mina-siempre-presente-en-el-linarense-francisco-banos\/","title":{"rendered":"La mina siempre presente en el linarense Francisco Ba\u00f1os"},"content":{"rendered":"<p>De todas las obras presentadas al concurso la m\u00e1s conocida e ic\u00f3nica de este artista es Los mineros, presentada en 1957 y galardonada con el primer premio en la secci\u00f3n de \u00f3leos. En este lienzo, que actualmente se encuentra en el Sal\u00f3n de Plenos del Ayuntamiento de Linares, se observa la evoluci\u00f3n del estilo de Francisco Ba\u00f1os en una clara apuesta por la figuraci\u00f3n postcubista, de fuertes contornos de sus figuras y deformaci\u00f3n de los planos.<\/p>\n<p><strong>Informaci\u00f3n extra\u00edda de: AR\u00c1NEGA CASTILLA, Francisco Miguel; MANTAS FERN\u00c1NDEZ, Rafael. [Cat\u00e1logo de la Exposici\u00f3n \u201cRedescubriendo\u201d. Exposici\u00f3n del Patrimonio Pict\u00f3rico del Ayuntamiento de Linares]. Linares: Servicio de publicaciones Ayto. Linares y CEL, 2020<\/strong><\/p>\n<p>Francisco Ba\u00f1os Martos (Linares, 1928 &#8211; Valencia, 2006)<br \/>\nLos mineros (Primer premio de 1957, secci\u00f3n \u00f3leos)<br \/>\n\u00d3leo sobre lienzo, 165&#215;290 cm.<\/p>\n<figure id=\"attachment_401\" aria-describedby=\"caption-attachment-401\" style=\"width: 460px\" class=\"wp-caption aligncenter\"><img decoding=\"async\" loading=\"lazy\" class=\"wp-image-401\" src=\"https:\/\/muvacandalucia.es\/wp-content\/uploads\/2021\/01\/DSC09213-scaled.jpg\" alt=\"Francisco Ba\u00f1os Martos (Linares, 1928 - Valencia, 2006) Los mineros (Primer premio de 1957, secci\u00f3n \u00f3leos) \u00d3leo sobre lienzo, 165x290 cm.\" width=\"460\" height=\"254\" srcset=\"https:\/\/muvacandalucia.es\/wp-content\/uploads\/2021\/01\/DSC09213-scaled.jpg 2560w, https:\/\/muvacandalucia.es\/wp-content\/uploads\/2021\/01\/DSC09213-300x166.jpg 300w, https:\/\/muvacandalucia.es\/wp-content\/uploads\/2021\/01\/DSC09213-1024x566.jpg 1024w, https:\/\/muvacandalucia.es\/wp-content\/uploads\/2021\/01\/DSC09213-768x425.jpg 768w, https:\/\/muvacandalucia.es\/wp-content\/uploads\/2021\/01\/DSC09213-1536x849.jpg 1536w, https:\/\/muvacandalucia.es\/wp-content\/uploads\/2021\/01\/DSC09213-2048x1133.jpg 2048w\" sizes=\"(max-width: 460px) 100vw, 460px\" \/><figcaption id=\"caption-attachment-401\" class=\"wp-caption-text\">Mineros<\/figcaption><\/figure>\n<h2 class=\"western\">Otras obras del mismo autor en Redescubriendo<\/h2>\n<h2 class=\"western\"><a href=\"https:\/\/muvacandalucia.es\/index.php\/2021\/01\/23\/un-doble-desnudo-que-nos-muestra-a-francisco-banos-en-su-estilo-mas-puro\/\">Un doble desnudo que nos muestra a Francisco Ba\u00f1os en su estilo m\u00e1s puro<\/a><\/h2>\n<h2 class=\"western\"><a href=\"https:\/\/muvacandalucia.es\/index.php\/2021\/01\/23\/el-nino-pescador-que-capto-la-mirada-de-francisco-banos\/\">El ni\u00f1o pescador que capt\u00f3 la mirada de Francisco Ba\u00f1os<\/a><\/h2>\n<h2 class=\"western\"><a href=\"https:\/\/muvacandalucia.es\/index.php\/2021\/01\/24\/el-joven-calderero-que-atrajo-la-atencion-de-francisco-banos\/\">El joven calderero que atrajo la atenci\u00f3n de Francisco Ba\u00f1os<\/a><\/h2>\n","protected":false},"excerpt":{"rendered":"<p>De todas las obras presentadas al concurso la m\u00e1s conocida e ic\u00f3nica de este artista es Los mineros, presentada en 1957 y galardonada con el primer premio en la secci\u00f3n&hellip;<\/p>\n","protected":false},"author":1,"featured_media":401,"comment_status":"open","ping_status":"open","sticky":false,"template":"","format":"standard","meta":[],"categories":[11],"tags":[151,153,152,150,14,64,37],"jetpack_featured_media_url":"https:\/\/muvacandalucia.es\/wp-content\/uploads\/2021\/01\/DSC09213-scaled.jpg","_links":{"self":[{"href":"https:\/\/muvacandalucia.es\/index.php\/wp-json\/wp\/v2\/posts\/511"}],"collection":[{"href":"https:\/\/muvacandalucia.es\/index.php\/wp-json\/wp\/v2\/posts"}],"about":[{"href":"https:\/\/muvacandalucia.es\/index.php\/wp-json\/wp\/v2\/types\/post"}],"author":[{"embeddable":true,"href":"https:\/\/muvacandalucia.es\/index.php\/wp-json\/wp\/v2\/users\/1"}],"replies":[{"embeddable":true,"href":"https:\/\/muvacandalucia.es\/index.php\/wp-json\/wp\/v2\/comments?post=511"}],"version-history":[{"count":3,"href":"https:\/\/muvacandalucia.es\/index.php\/wp-json\/wp\/v2\/posts\/511\/revisions"}],"predecessor-version":[{"id":596,"href":"https:\/\/muvacandalucia.es\/index.php\/wp-json\/wp\/v2\/posts\/511\/revisions\/596"}],"wp:featuredmedia":[{"embeddable":true,"href":"https:\/\/muvacandalucia.es\/index.php\/wp-json\/wp\/v2\/media\/401"}],"wp:attachment":[{"href":"https:\/\/muvacandalucia.es\/index.php\/wp-json\/wp\/v2\/media?parent=511"}],"wp:term":[{"taxonomy":"category","embeddable":true,"href":"https:\/\/muvacandalucia.es\/index.php\/wp-json\/wp\/v2\/categories?post=511"},{"taxonomy":"post_tag","embeddable":true,"href":"https:\/\/muvacandalucia.es\/index.php\/wp-json\/wp\/v2\/tags?post=511"}],"curies":[{"name":"wp","href":"https:\/\/api.w.org\/{rel}","templated":true}]}}