{"id":508,"date":"2021-01-23T07:10:30","date_gmt":"2021-01-23T07:10:30","guid":{"rendered":"https:\/\/muvaclinares.es\/?p=508"},"modified":"2021-01-25T08:08:49","modified_gmt":"2021-01-25T08:08:49","slug":"venecia-vista-por-un-linarense","status":"publish","type":"post","link":"https:\/\/muvacandalucia.es\/index.php\/2021\/01\/23\/venecia-vista-por-un-linarense\/","title":{"rendered":"Venecia vista por un linarense"},"content":{"rendered":"<p>Este linarense fue uno de los pioneros del dise\u00f1o gr\u00e1fico y uno de los primeros ilustradores en Espa\u00f1a. Entre sus trabajos destacan especialmente los de ilustrador y cartelista. Muestra de ello son: el cartel del cincuentenario de F\u00fatbol Club Barcelona (1949); los dibujos para Loter\u00edas Nacionales de 1969; o las ilustraciones de las cajas de cerillas de la fosforera espa\u00f1ola. Cabe destacar su obra como cartelista para las ferias y fiestas de Valladolid en 1942, 1943, 1944 y 1951. Dada su relevante trayectoria como cartelista, llama la atenci\u00f3n que nunca particip\u00f3 en el concurso de carteles de Linares. Sin embargo, como ilustrador realiz\u00f3 la portada de la revista Oretania publicada en la ciudad minera.<br \/>\nSu producci\u00f3n pict\u00f3rica se centra en la realizaci\u00f3n de acuarelas en las que suele representar paisajes y espacios urbanos. Por ello, es probable que en la IV Exposici\u00f3n de Bellas Artes de Linares de 1945 no fuera Sebasti\u00e1n Rey el que presentara las obras tituladas <em>D. Francisco Goya, Alegr\u00eda, Paisaje pueblerino<\/em> y <em>Retrato<\/em>, aunque as\u00ed aparezcan anunciadas en el cat\u00e1logo de ese a\u00f1o.<br \/>\nCon seguridad sabemos que particip\u00f3 en las ediciones de 1954 y 1959. En la primera presenta dos obras: Embarcaciones pesqueras (San Pol de Mar &#8211; Barcelona) y Puente viejo (Besal\u00fa &#8211; Gerona). En la segunda present\u00f3 las obras tituladas: <em>Tobaruela<\/em> y <em>Canal de Santa B\u00e1rbara<\/em> (Venecia), que gan\u00f3 el primer premio en la secci\u00f3n de acuarelas.<br \/>\nRecuperamos la cr\u00f3nica que para la revista Oretania escribi\u00f3 Mariano de la Paz G\u00f3mez y Rodr\u00edguez: \u201cEn este \u2019Canal de Santa B\u00e1rbara\u2018, de Sebasti\u00e1n Rey Padilla, se ve, se siente, se comprende al artista para el que la acuarela no tiene secretos. Una depurada t\u00e9cnica, un conocimiento del fondo del color, d\u00factil y sumiso en sus manos creadoras, nos ha hecho el regalo de este primer premio de acuarela de la Exposici\u00f3n de Bellas Artes de Linares. Al acierto del Jurado, compartido para muchas personas entendidas en el dif\u00edcil arte de la acuarela, se ha unido aqu\u00ed la sorpresa de que sea linarense el que abra este a\u00f1o la nueva lista de premios de la secci\u00f3n acuarelista, tan digna de aprecio y tan acertadamente iniciada por Rey Padilla\u201d (<em>G\u00d3MEZ Y RODR\u00cdGUEZ<\/em>, 1959, p. 69).<br \/>\n<strong>BIBLIOGRAF\u00cdA<\/strong><br \/>\nALMANSA MORENO, Jos\u00e9 Manuel; ROBLES MART\u00cdN, Juan Manuel (Coord.): <em>50 a\u00f1os de artes pl\u00e1sticas en Ja\u00e9n Creaci\u00f3n, medios y espacios (1960-2010)<\/em>. Ja\u00e9n: Instituto de Estudios Giennenses y Diputaci\u00f3n Provincial de Ja\u00e9n, 2016, p. 495.<br \/>\nG\u00d3MEZ Y RODR\u00cdGUEZ, Mariano de la Paz: \u00abCr\u00f3nica de la XVII Exposici\u00f3n de Pintura Celebrada en Linares (agosto<br \/>\n1959)\u00bb. <em>Revista Oretania<\/em>. n\u00ba 2. (Agosto 1959). pp. 66-70.<br \/>\nVV.AA.: <em>Pinacoteca Municipal de Linares<\/em>. Linares, Ayuntamiento de Linares, \u00c1rea de Cultura, 1994, p. 55.<\/p>\n<p><strong>Informaci\u00f3n extra\u00edda de: AR\u00c1NEGA CASTILLA, Francisco Miguel; MANTAS FERN\u00c1NDEZ, Rafael. [Cat\u00e1logo de la Exposici\u00f3n \u201cRedescubriendo\u201d. Exposici\u00f3n del Patrimonio Pict\u00f3rico del Ayuntamiento de Linares]. Linares: Servicio de publicaciones Ayto. Linares y CEL, 2020<\/strong><\/p>\n<p>Sebasti\u00e1n Rey Padilla (Linares, 1910 &#8211; Madrid, 1973)<br \/>\nCanal de Santa B\u00e1rbara (Primer premio de 1959, secci\u00f3n acuarela)<br \/>\nAcuarela, 38&#215;55 cm.<\/p>\n<figure id=\"attachment_398\" aria-describedby=\"caption-attachment-398\" style=\"width: 460px\" class=\"wp-caption aligncenter\"><img decoding=\"async\" loading=\"lazy\" class=\"wp-image-398\" src=\"https:\/\/muvacandalucia.es\/wp-content\/uploads\/2021\/01\/DSC09003.jpg\" alt=\"Sebasti\u00e1n Rey Padilla (Linares, 1910 - Madrid, 1973) Canal de Santa B\u00e1rbara (Primer premio de 1959, secci\u00f3n acuarela) Acuarela, 38x55 cm.\" width=\"460\" height=\"312\" srcset=\"https:\/\/muvacandalucia.es\/wp-content\/uploads\/2021\/01\/DSC09003.jpg 2095w, https:\/\/muvacandalucia.es\/wp-content\/uploads\/2021\/01\/DSC09003-300x204.jpg 300w, https:\/\/muvacandalucia.es\/wp-content\/uploads\/2021\/01\/DSC09003-1024x696.jpg 1024w, https:\/\/muvacandalucia.es\/wp-content\/uploads\/2021\/01\/DSC09003-768x522.jpg 768w, https:\/\/muvacandalucia.es\/wp-content\/uploads\/2021\/01\/DSC09003-1536x1043.jpg 1536w, https:\/\/muvacandalucia.es\/wp-content\/uploads\/2021\/01\/DSC09003-2048x1391.jpg 2048w\" sizes=\"(max-width: 460px) 100vw, 460px\" \/><figcaption id=\"caption-attachment-398\" class=\"wp-caption-text\">Canal de Santa B\u00e1rbara<\/figcaption><\/figure>\n","protected":false},"excerpt":{"rendered":"<p>Este linarense fue uno de los pioneros del dise\u00f1o gr\u00e1fico y uno de los primeros ilustradores en Espa\u00f1a. Entre sus trabajos destacan especialmente los de ilustrador y cartelista. Muestra de&hellip;<\/p>\n","protected":false},"author":1,"featured_media":398,"comment_status":"open","ping_status":"open","sticky":false,"template":"","format":"standard","meta":[],"categories":[11],"tags":[146,148,87,149,147,14,145],"jetpack_featured_media_url":"https:\/\/muvacandalucia.es\/wp-content\/uploads\/2021\/01\/DSC09003.jpg","_links":{"self":[{"href":"https:\/\/muvacandalucia.es\/index.php\/wp-json\/wp\/v2\/posts\/508"}],"collection":[{"href":"https:\/\/muvacandalucia.es\/index.php\/wp-json\/wp\/v2\/posts"}],"about":[{"href":"https:\/\/muvacandalucia.es\/index.php\/wp-json\/wp\/v2\/types\/post"}],"author":[{"embeddable":true,"href":"https:\/\/muvacandalucia.es\/index.php\/wp-json\/wp\/v2\/users\/1"}],"replies":[{"embeddable":true,"href":"https:\/\/muvacandalucia.es\/index.php\/wp-json\/wp\/v2\/comments?post=508"}],"version-history":[{"count":3,"href":"https:\/\/muvacandalucia.es\/index.php\/wp-json\/wp\/v2\/posts\/508\/revisions"}],"predecessor-version":[{"id":597,"href":"https:\/\/muvacandalucia.es\/index.php\/wp-json\/wp\/v2\/posts\/508\/revisions\/597"}],"wp:featuredmedia":[{"embeddable":true,"href":"https:\/\/muvacandalucia.es\/index.php\/wp-json\/wp\/v2\/media\/398"}],"wp:attachment":[{"href":"https:\/\/muvacandalucia.es\/index.php\/wp-json\/wp\/v2\/media?parent=508"}],"wp:term":[{"taxonomy":"category","embeddable":true,"href":"https:\/\/muvacandalucia.es\/index.php\/wp-json\/wp\/v2\/categories?post=508"},{"taxonomy":"post_tag","embeddable":true,"href":"https:\/\/muvacandalucia.es\/index.php\/wp-json\/wp\/v2\/tags?post=508"}],"curies":[{"name":"wp","href":"https:\/\/api.w.org\/{rel}","templated":true}]}}