{"id":506,"date":"2021-01-22T09:24:57","date_gmt":"2021-01-22T09:24:57","guid":{"rendered":"https:\/\/muvaclinares.es\/?p=506"},"modified":"2021-01-22T09:24:57","modified_gmt":"2021-01-22T09:24:57","slug":"un-amanecer-cualquiera-en-la-paleta-de-domingo-molina","status":"publish","type":"post","link":"https:\/\/muvacandalucia.es\/index.php\/2021\/01\/22\/un-amanecer-cualquiera-en-la-paleta-de-domingo-molina\/","title":{"rendered":"Un amanecer cualquiera en la paleta de Domingo Molina"},"content":{"rendered":"<p>Polifac\u00e9tico artista ubetense que desempe\u00f1\u00f3 su arte como pintor, escultor, muralista e ilustrador, adem\u00e1s de ser un miembro destacado del Grupo Ja\u00e9n de Pintores. Igualmente realiz\u00f3 una importante labor docente como profesor de Dibujo Art\u00edstico en la ciudad de \u00dabeda, siendo maestro de maestros de un amplio n\u00famero de alumnos, entre los que sobresalen Andr\u00e9s Garrido, Bartolom\u00e9 Alvarado o Marcelo G\u00f3ngora Ramos.<br \/>\nEntre 1936 y 1939 arranc\u00f3 su formaci\u00f3n en la Escuela de Artes y Oficios de \u00dabeda bajo el magisterio de Crist\u00f3bal Ruiz Pulido, quien le ense\u00f1\u00f3 las nociones b\u00e1sicas del paisaje y del retrato en la pintura.<br \/>\nDomingo Molina S\u00e1nchez se defin\u00eda como un pintor que no sigue a nadie y es por ello que su carrera estuvo marcada por la b\u00fasqueda y la experimentaci\u00f3n art\u00edstica. En sus inicios su obra se centra en una figuraci\u00f3n pr\u00f3xima al hiperrealismo, sin embargo, posteriormente se sentir\u00e1 atra\u00eddo por la abstracci\u00f3n.<br \/>\nAs\u00ed, el estilo de Domingo Molina S\u00e1nchez es ecl\u00e9ctico y posee una gran variedad de registros, como consecuencia de su esp\u00edritu inquieto e inconformista para acercarse a conocer todo tipo de estilos y movimientos de la vanguardia. Sin embargo, y a pesar de ello, el surrealismo y la pintura metaf\u00edsica tienen un gran peso en toda su producci\u00f3n. En cuanto a su tem\u00e1tica, generalmente gira en torno a la figura humana y a la naturaleza muerta.<br \/>\nEl artista ubetense particip\u00f3 en numerosas exposiciones individuales y colectivas. En la ciudad de Linares sus cuadros estuvieron presentes en varias ocasiones en la Galer\u00eda Eduma, acogiendo unas muestras individuales en 1981 y 1985 y tambi\u00e9n formaron parte de una muestra colectiva de Pintores de Ja\u00e9n en 1997. Asimismo, se present\u00f3 en varias ocasiones a la Exposici\u00f3n de Pintura de la ciudad minera, siendo premiado en dos ocasiones. En 1959 recibi\u00f3 un primer premio por su cuadro <em>Jos\u00e9 Francisco<\/em>, mientras que en 1961 obtuvo el tercer premio por <em>Amanecer en la plaza<\/em>, un interesante \u00f3leo sobre tabla<br \/>\ncon un correcto y apretado concepto del dibujo que antepone la forma sobre el color de la obra.<br \/>\n<strong>BIBLIOGRAF\u00cdA<\/strong><br \/>\nALMANSA MORENO, Jos\u00e9 Manuel; ROBLES MART\u00cdN, Juan Manuel (Coord.): <em>50 a\u00f1os de artes pl\u00e1sticas en Ja\u00e9n Creaci\u00f3n, medios y espacios (1960-2010)<\/em>. Ja\u00e9n: Instituto de Estudios Giennenses y Diputaci\u00f3n Provincial de Ja\u00e9n, 2016, p. 495.<br \/>\nANTOL\u00cdN PAZ, Mario; MORALES Y MAR\u00cdN, Jos\u00e9 Luis; RINC\u00d3N GARC\u00cdA, Wifredo (dir.): <em>Diccionario de pintores y escultores espa\u00f1oles del siglo XX<\/em>. Madrid: Forum Artis, 1994-1996. Tomo IX, p. 2723.<br \/>\nMART\u00cdNEZ CEREZO, Antonio: <em>Molina S\u00e1nchez<\/em>. Madrid: Ministerio de Educaci\u00f3n y Ciencia, Servicio de Publicaciones, 1974.<br \/>\nVV.AA.: <em>Pinacoteca Municipal de Linares<\/em>. Linares, Ayuntamiento de Linares, \u00c1rea de Cultura, 1994, p. 59.<\/p>\n<p><strong>Informaci\u00f3n extra\u00edda de: AR\u00c1NEGA CASTILLA, Francisco Miguel; MANTAS FERN\u00c1NDEZ, Rafael. [Cat\u00e1logo de la Exposici\u00f3n \u201cRedescubriendo\u201d. Exposici\u00f3n del Patrimonio Pict\u00f3rico del Ayuntamiento de Linares]. Linares: Servicio de publicaciones Ayto. Linares y CEL, 2020<\/strong><\/p>\n<p>Domingo Molina S\u00e1nchez (\u00dabeda, 1922 &#8211; 2011)<br \/>\nAmanecer en la plaza (Tercer premio de 1961, secci\u00f3n \u00f3leos)<br \/>\n\u00d3leo sobre tabla, 82&#215;100 cm.<\/p>\n<figure id=\"attachment_369\" aria-describedby=\"caption-attachment-369\" style=\"width: 460px\" class=\"wp-caption aligncenter\"><img decoding=\"async\" loading=\"lazy\" class=\"wp-image-369\" src=\"https:\/\/muvacandalucia.es\/wp-content\/uploads\/2021\/01\/DSC08932-scaled.jpg\" alt=\"Domingo Molina S\u00e1nchez (\u00dabeda, 1922 - 2011) Amanecer en la plaza (Tercer premio de 1961, secci\u00f3n \u00f3leos) \u00d3leo sobre tabla, 82x100 cm.\" width=\"460\" height=\"373\" srcset=\"https:\/\/muvacandalucia.es\/wp-content\/uploads\/2021\/01\/DSC08932-scaled.jpg 2560w, https:\/\/muvacandalucia.es\/wp-content\/uploads\/2021\/01\/DSC08932-300x244.jpg 300w, https:\/\/muvacandalucia.es\/wp-content\/uploads\/2021\/01\/DSC08932-1024x831.jpg 1024w, https:\/\/muvacandalucia.es\/wp-content\/uploads\/2021\/01\/DSC08932-768x623.jpg 768w, https:\/\/muvacandalucia.es\/wp-content\/uploads\/2021\/01\/DSC08932-1536x1247.jpg 1536w, https:\/\/muvacandalucia.es\/wp-content\/uploads\/2021\/01\/DSC08932-2048x1662.jpg 2048w\" sizes=\"(max-width: 460px) 100vw, 460px\" \/><figcaption id=\"caption-attachment-369\" class=\"wp-caption-text\">Amanecer en la plaza<\/figcaption><\/figure>\n","protected":false},"excerpt":{"rendered":"<p>Polifac\u00e9tico artista ubetense que desempe\u00f1\u00f3 su arte como pintor, escultor, muralista e ilustrador, adem\u00e1s de ser un miembro destacado del Grupo Ja\u00e9n de Pintores. Igualmente realiz\u00f3 una importante labor docente&hellip;<\/p>\n","protected":false},"author":1,"featured_media":369,"comment_status":"open","ping_status":"open","sticky":false,"template":"","format":"standard","meta":[],"categories":[11],"tags":[141,144,142,143,140,64,37,77],"jetpack_featured_media_url":"https:\/\/muvacandalucia.es\/wp-content\/uploads\/2021\/01\/DSC08932-scaled.jpg","_links":{"self":[{"href":"https:\/\/muvacandalucia.es\/index.php\/wp-json\/wp\/v2\/posts\/506"}],"collection":[{"href":"https:\/\/muvacandalucia.es\/index.php\/wp-json\/wp\/v2\/posts"}],"about":[{"href":"https:\/\/muvacandalucia.es\/index.php\/wp-json\/wp\/v2\/types\/post"}],"author":[{"embeddable":true,"href":"https:\/\/muvacandalucia.es\/index.php\/wp-json\/wp\/v2\/users\/1"}],"replies":[{"embeddable":true,"href":"https:\/\/muvacandalucia.es\/index.php\/wp-json\/wp\/v2\/comments?post=506"}],"version-history":[{"count":1,"href":"https:\/\/muvacandalucia.es\/index.php\/wp-json\/wp\/v2\/posts\/506\/revisions"}],"predecessor-version":[{"id":507,"href":"https:\/\/muvacandalucia.es\/index.php\/wp-json\/wp\/v2\/posts\/506\/revisions\/507"}],"wp:featuredmedia":[{"embeddable":true,"href":"https:\/\/muvacandalucia.es\/index.php\/wp-json\/wp\/v2\/media\/369"}],"wp:attachment":[{"href":"https:\/\/muvacandalucia.es\/index.php\/wp-json\/wp\/v2\/media?parent=506"}],"wp:term":[{"taxonomy":"category","embeddable":true,"href":"https:\/\/muvacandalucia.es\/index.php\/wp-json\/wp\/v2\/categories?post=506"},{"taxonomy":"post_tag","embeddable":true,"href":"https:\/\/muvacandalucia.es\/index.php\/wp-json\/wp\/v2\/tags?post=506"}],"curies":[{"name":"wp","href":"https:\/\/api.w.org\/{rel}","templated":true}]}}