{"id":502,"date":"2021-01-22T09:02:19","date_gmt":"2021-01-22T09:02:19","guid":{"rendered":"https:\/\/muvaclinares.es\/?p=502"},"modified":"2021-01-25T07:39:25","modified_gmt":"2021-01-25T07:39:25","slug":"los-reflejos-del-mercado","status":"publish","type":"post","link":"https:\/\/muvacandalucia.es\/index.php\/2021\/01\/22\/los-reflejos-del-mercado\/","title":{"rendered":"Los reflejos del mercado"},"content":{"rendered":"<p>Natural de Baeza, Jos\u00e9 Mar\u00eda C\u00f3zar Viedma se traslad\u00f3 pronto a Valencia para iniciar sus estudios en diversas instituciones como el C\u00edrculo de Bellas Artes, la Escuela Profesional Ram\u00f3n Contreras y la Escuela de Arte y Oficios. All\u00ed, asimil\u00f3 el estilo de Sorolla y de la escuela valenciana, cuyo conocimiento e influencia se centra en el uso de la luz y del color, puesto que eran considerados como los pilares fundamentales del paisajismo.<br \/>\nLa producci\u00f3n de C\u00f3zar Viedma se centra en torno al paisaje, g\u00e9nero desarrollado con gran maestr\u00eda a lo largo de toda su carrera que lo acredita como uno de los grandes paisajistas de la provincia de Ja\u00e9n. As\u00ed, su obra, desde una perspectiva impresionista, est\u00e1 marcada por una constante b\u00fasqueda de la captaci\u00f3n de las singularidades de la iluminaci\u00f3n y de la atm\u00f3sfera que envuelven al paisaje de<br \/>\nJa\u00e9n, C\u00f3rdoba y Valencia, puesto que para el artista la luz y el colorido son los factores decisivos en la percepci\u00f3n de la naturaleza.<br \/>\nT\u00e9cnicamente, la pintura de Jos\u00e9 Mar\u00eda C\u00f3zar Viedma pretende captar la realidad con todos sus matices.<br \/>\nPor esta raz\u00f3n, en muchas ocasiones aplica la materia pict\u00f3rica sobre el lienzo con la esp\u00e1tula para crear vol\u00famenes y contrastes que sirven para diferenciar a la pintura de la fotograf\u00eda. De esta forma concibe <em>Reflejos en el mercado<\/em>, obra reconocida con el primer premio en la secci\u00f3n de \u00f3leos de la XIX Exposici\u00f3n de Pintura de Linares en 1963. En ella, C\u00f3zar recoge con gran verosimilitud la atm\u00f3sfera brumosa que envuelve la plaza de un mercado y haciendo gala de su concienzudo estudio de la realidad capta magistralmente los reflejos que se producen en el suelo mojado.<br \/>\nA lo largo de su carrera, ha participado en un gran n\u00famero de exposiciones individuales y colectivas, pero tambi\u00e9n ha sido miembro del jurado de cert\u00e1menes, como sucedi\u00f3 en Linares en la edici\u00f3n de 1965, ya que era una pr\u00e1ctica frecuente durante esos a\u00f1os que el artista que ganaba el primer premio deb\u00eda formar parte del jurado en la siguiente edici\u00f3n.<br \/>\n<em>BIBLIOGRAF\u00cdA<\/em><br \/>\nALMANSA MORENO, Jos\u00e9 Manuel; ROBLES MART\u00cdN, Juan Manuel (Coord.): <em>50 a\u00f1os de artes pl\u00e1sticas en Ja\u00e9n Creaci\u00f3n, medios y espacios (1960-2010)<\/em>. Ja\u00e9n: Instituto de Estudios Giennenses y Diputaci\u00f3n Provincial de Ja\u00e9n, 2016, p. 495.<br \/>\nANTOL\u00cdN PAZ, Mario; MORALES Y MAR\u00cdN, Jos\u00e9 Luis; RINC\u00d3N GARC\u00cdA, Wifredo (dir.): <em>Diccionario de pintores y escultores espa\u00f1oles del siglo XX<\/em>. Madrid: Forum Artis, 1994-1996. Tomo IX, p. 2723.<br \/>\nMART\u00cdNEZ CEREZO, Antonio: <em>Molina S\u00e1nchez<\/em>. Madrid: Ministerio de Educaci\u00f3n y Ciencia, Servicio de Publicaciones,1974.<br \/>\nVV.AA.: <em>Pinacoteca Municipal de Linares<\/em>. Linares, Ayuntamiento de Linares, \u00c1rea de Cultura, 1994, p. 59.<\/p>\n<p><strong>Informaci\u00f3n extra\u00edda de: AR\u00c1NEGA CASTILLA, Francisco Miguel; MANTAS FERN\u00c1NDEZ, Rafael. [Cat\u00e1logo de la Exposici\u00f3n \u201cRedescubriendo\u201d. Exposici\u00f3n del Patrimonio Pict\u00f3rico del Ayuntamiento de Linares]. Linares: Servicio de publicaciones Ayto. Linares y CEL, 2020<\/strong><\/p>\n<p>Jos\u00e9 Mar\u00eda C\u00f3zar Viedma (Baeza, 1944)<br \/>\nReflejos en el mercado (Primer premio de 1963, secci\u00f3n \u00f3leos)<br \/>\n\u00d3leo sobre lienzo, 150&#215;200 cm.<\/p>\n<figure id=\"attachment_371\" aria-describedby=\"caption-attachment-371\" style=\"width: 460px\" class=\"wp-caption aligncenter\"><img decoding=\"async\" loading=\"lazy\" class=\"wp-image-371\" src=\"https:\/\/muvacandalucia.es\/wp-content\/uploads\/2021\/01\/DSC08938-scaled.jpg\" alt=\"Jos\u00e9 Mar\u00eda C\u00f3zar Viedma (Baeza, 1944) Reflejos en el mercado (Primer premio de 1963, secci\u00f3n \u00f3leos) \u00d3leo sobre lienzo, 150x200 cm.\" width=\"460\" height=\"344\" srcset=\"https:\/\/muvacandalucia.es\/wp-content\/uploads\/2021\/01\/DSC08938-scaled.jpg 2560w, https:\/\/muvacandalucia.es\/wp-content\/uploads\/2021\/01\/DSC08938-300x225.jpg 300w, https:\/\/muvacandalucia.es\/wp-content\/uploads\/2021\/01\/DSC08938-1024x766.jpg 1024w, https:\/\/muvacandalucia.es\/wp-content\/uploads\/2021\/01\/DSC08938-768x575.jpg 768w, https:\/\/muvacandalucia.es\/wp-content\/uploads\/2021\/01\/DSC08938-1536x1150.jpg 1536w, https:\/\/muvacandalucia.es\/wp-content\/uploads\/2021\/01\/DSC08938-2048x1533.jpg 2048w\" sizes=\"(max-width: 460px) 100vw, 460px\" \/><figcaption id=\"caption-attachment-371\" class=\"wp-caption-text\">Reflejos en el mercado<\/figcaption><\/figure>\n","protected":false},"excerpt":{"rendered":"<p>Natural de Baeza, Jos\u00e9 Mar\u00eda C\u00f3zar Viedma se traslad\u00f3 pronto a Valencia para iniciar sus estudios en diversas instituciones como el C\u00edrculo de Bellas Artes, la Escuela Profesional Ram\u00f3n Contreras&hellip;<\/p>\n","protected":false},"author":1,"featured_media":371,"comment_status":"open","ping_status":"open","sticky":false,"template":"","format":"standard","meta":[],"categories":[11],"tags":[137,133,136,135,64,37,134],"jetpack_featured_media_url":"https:\/\/muvacandalucia.es\/wp-content\/uploads\/2021\/01\/DSC08938-scaled.jpg","_links":{"self":[{"href":"https:\/\/muvacandalucia.es\/index.php\/wp-json\/wp\/v2\/posts\/502"}],"collection":[{"href":"https:\/\/muvacandalucia.es\/index.php\/wp-json\/wp\/v2\/posts"}],"about":[{"href":"https:\/\/muvacandalucia.es\/index.php\/wp-json\/wp\/v2\/types\/post"}],"author":[{"embeddable":true,"href":"https:\/\/muvacandalucia.es\/index.php\/wp-json\/wp\/v2\/users\/1"}],"replies":[{"embeddable":true,"href":"https:\/\/muvacandalucia.es\/index.php\/wp-json\/wp\/v2\/comments?post=502"}],"version-history":[{"count":3,"href":"https:\/\/muvacandalucia.es\/index.php\/wp-json\/wp\/v2\/posts\/502\/revisions"}],"predecessor-version":[{"id":505,"href":"https:\/\/muvacandalucia.es\/index.php\/wp-json\/wp\/v2\/posts\/502\/revisions\/505"}],"wp:featuredmedia":[{"embeddable":true,"href":"https:\/\/muvacandalucia.es\/index.php\/wp-json\/wp\/v2\/media\/371"}],"wp:attachment":[{"href":"https:\/\/muvacandalucia.es\/index.php\/wp-json\/wp\/v2\/media?parent=502"}],"wp:term":[{"taxonomy":"category","embeddable":true,"href":"https:\/\/muvacandalucia.es\/index.php\/wp-json\/wp\/v2\/categories?post=502"},{"taxonomy":"post_tag","embeddable":true,"href":"https:\/\/muvacandalucia.es\/index.php\/wp-json\/wp\/v2\/tags?post=502"}],"curies":[{"name":"wp","href":"https:\/\/api.w.org\/{rel}","templated":true}]}}