{"id":500,"date":"2021-01-22T08:47:52","date_gmt":"2021-01-22T08:47:52","guid":{"rendered":"https:\/\/muvaclinares.es\/?p=500"},"modified":"2021-01-25T07:41:38","modified_gmt":"2021-01-25T07:41:38","slug":"la-espera-de-joaquin-canete","status":"publish","type":"post","link":"https:\/\/muvacandalucia.es\/index.php\/2021\/01\/22\/la-espera-de-joaquin-canete\/","title":{"rendered":"La espera de Joaqu\u00edn Ca\u00f1ete"},"content":{"rendered":"<p>Jerez es cuna de muchos artistas y uno de ellos fue Joaqu\u00edn Ca\u00f1ete Babot aunque pronto marchar\u00eda a Sevilla para continuar su formaci\u00f3n en la Escuela de Bellas Artes de Santa Isabel de Hungr\u00eda, en 1953. Es all\u00ed donde conocer\u00e1 a la tambi\u00e9n pintora Mar\u00eda Manuela Pozo y que se convertir\u00eda en su esposa tiempo despu\u00e9s.<br \/>\nComenz\u00f3 a participar en varios concursos, que lo llevar\u00eda por la geograf\u00eda espa\u00f1ola, ganando muchos de ellos. En 1959 ya expuso en solitario en el sal\u00f3n de la Academia Jerezana de San Dionisio, donde coincidi\u00f3 con otros artistas jerezanos como Guti\u00e9rrez Montiel o su esposa Mar\u00eda Manuela Pozo Lora, con la que expuso en el I Certamen Nacional de Artes de Jerez en 1962.<br \/>\nEn Linares se present\u00f3 a la XVI Exposici\u00f3n de Bellas Artes y Artesan\u00eda de 1957, con una obra llamada <em>Composici\u00f3n<\/em> y que, como curiosidad, fue la que ten\u00eda un precio de venta m\u00e1s elevado, en concreto ped\u00eda 25.000 pts. Le seguir\u00e1 la edici\u00f3n de 1959, donde present\u00f3 dos obras <em>Figura<\/em> y <em>Cabeza<\/em>. Finalmente en la XIX Exposici\u00f3n de Pintura de 1963 recibi\u00f3 el segundo premio de la secci\u00f3n de \u00f3leos por <em>La Espera<\/em>, aunque tambi\u00e9n present\u00f3 otro cuadro titulado <em>Lecci\u00f3n de canto<\/em>.<br \/>\n<em>La Espera<\/em> es una composici\u00f3n donde se muestra a tres mujeres, una leyendo un peri\u00f3dico, una joven que parece descansar y una tercera que recoge una ligera cortina y observa el exterior a trav\u00e9s de una ventana. La pintura de Ca\u00f1ete Babot agrad\u00f3 al p\u00fablico linarense por su paleta de colores entre los que predominan los de tonalidades claras y suaves.<br \/>\nProfesionalmente Ca\u00f1ete Babot compagin\u00f3 la pintura con sus tareas de profesor de Dibujo en el Instituto Padre Luis Coloma de Jerez de la Frontera. El cuadro decor\u00f3 las paredes de la Concejal\u00eda de Cultura en el Ayuntamiento de Linares.<br \/>\n<strong>BIBLIOGRAF\u00cdA<\/strong><br \/>\nG\u00d3MEZ Y RODR\u00cdGUEZ, Mariano de la Paz: \u00abCr\u00f3nica de la XIX Exposici\u00f3n de Pintura de Linares (agosto 1963)\u00bb. <em>Revista Oretania<\/em>. n\u00ba 14-15. (Mayo-Diciembre. 1963) pp. 71-74.<br \/>\nPAV\u00d3N VILLA, Rosario: <em>Las exposiciones institucionales en Sevilla (1950-200): La Exposici\u00f3n de Oto\u00f1o, estudio hist\u00f3rico-art\u00edstico, sociocultural y cr\u00edtico<\/em> [Tesis Doctoral]. Sevilla: Universidad de Sevilla. 2015.<br \/>\nVV.AA.: <em>Diccionario Enciclop\u00e9dico Ilustrado de la Provincia de C\u00e1diz<\/em>. Madrid, Caja de Ahorros de Jerez, 1985, p. 46.<br \/>\nVV.AA.: <em>Pinacoteca Municipal de Linares<\/em>. Linares, Ayuntamiento de Linares, \u00c1rea de Cultura, 1994, p. 59.<\/p>\n<p><strong>Informaci\u00f3n extra\u00edda de: AR\u00c1NEGA CASTILLA, Francisco Miguel; MANTAS FERN\u00c1NDEZ, Rafael. [Cat\u00e1logo de la Exposici\u00f3n \u201cRedescubriendo\u201d. Exposici\u00f3n del Patrimonio Pict\u00f3rico del Ayuntamiento de Linares]. Linares: Servicio de publicaciones Ayto. Linares y CEL, 2020<\/strong><\/p>\n<p>Joaqu\u00edn Ca\u00f1ete Babot (Jerez de la Frontera, C\u00e1diz, 1933 &#8211; \u2020)<br \/>\nLa espera (Segundo premio de 1963, secci\u00f3n \u00f3leos)<br \/>\n\u00d3leo sobre lienzo, 150&#215;118 cm.<\/p>\n<figure id=\"attachment_383\" aria-describedby=\"caption-attachment-383\" style=\"width: 460px\" class=\"wp-caption aligncenter\"><img decoding=\"async\" loading=\"lazy\" class=\"wp-image-383\" src=\"https:\/\/muvacandalucia.es\/wp-content\/uploads\/2021\/01\/DSC08965-scaled.jpg\" alt=\"Joaqu\u00edn Ca\u00f1ete Babot (Jerez de la Frontera, C\u00e1diz, 1933 - \u2020) La espera (Segundo premio de 1963, secci\u00f3n \u00f3leos) \u00d3leo sobre lienzo, 150x118 cm.\" width=\"460\" height=\"578\" srcset=\"https:\/\/muvacandalucia.es\/wp-content\/uploads\/2021\/01\/DSC08965-scaled.jpg 2036w, https:\/\/muvacandalucia.es\/wp-content\/uploads\/2021\/01\/DSC08965-239x300.jpg 239w, https:\/\/muvacandalucia.es\/wp-content\/uploads\/2021\/01\/DSC08965-814x1024.jpg 814w, https:\/\/muvacandalucia.es\/wp-content\/uploads\/2021\/01\/DSC08965-768x966.jpg 768w, https:\/\/muvacandalucia.es\/wp-content\/uploads\/2021\/01\/DSC08965-1222x1536.jpg 1222w, https:\/\/muvacandalucia.es\/wp-content\/uploads\/2021\/01\/DSC08965-1629x2048.jpg 1629w\" sizes=\"(max-width: 460px) 100vw, 460px\" \/><figcaption id=\"caption-attachment-383\" class=\"wp-caption-text\">La espera<\/figcaption><\/figure>\n","protected":false},"excerpt":{"rendered":"<p>Jerez es cuna de muchos artistas y uno de ellos fue Joaqu\u00edn Ca\u00f1ete Babot aunque pronto marchar\u00eda a Sevilla para continuar su formaci\u00f3n en la Escuela de Bellas Artes de&hellip;<\/p>\n","protected":false},"author":1,"featured_media":383,"comment_status":"open","ping_status":"open","sticky":false,"template":"","format":"standard","meta":[],"categories":[11],"tags":[131,133,130,129,128,132,64,37],"jetpack_featured_media_url":"https:\/\/muvacandalucia.es\/wp-content\/uploads\/2021\/01\/DSC08965-scaled.jpg","_links":{"self":[{"href":"https:\/\/muvacandalucia.es\/index.php\/wp-json\/wp\/v2\/posts\/500"}],"collection":[{"href":"https:\/\/muvacandalucia.es\/index.php\/wp-json\/wp\/v2\/posts"}],"about":[{"href":"https:\/\/muvacandalucia.es\/index.php\/wp-json\/wp\/v2\/types\/post"}],"author":[{"embeddable":true,"href":"https:\/\/muvacandalucia.es\/index.php\/wp-json\/wp\/v2\/users\/1"}],"replies":[{"embeddable":true,"href":"https:\/\/muvacandalucia.es\/index.php\/wp-json\/wp\/v2\/comments?post=500"}],"version-history":[{"count":1,"href":"https:\/\/muvacandalucia.es\/index.php\/wp-json\/wp\/v2\/posts\/500\/revisions"}],"predecessor-version":[{"id":501,"href":"https:\/\/muvacandalucia.es\/index.php\/wp-json\/wp\/v2\/posts\/500\/revisions\/501"}],"wp:featuredmedia":[{"embeddable":true,"href":"https:\/\/muvacandalucia.es\/index.php\/wp-json\/wp\/v2\/media\/383"}],"wp:attachment":[{"href":"https:\/\/muvacandalucia.es\/index.php\/wp-json\/wp\/v2\/media?parent=500"}],"wp:term":[{"taxonomy":"category","embeddable":true,"href":"https:\/\/muvacandalucia.es\/index.php\/wp-json\/wp\/v2\/categories?post=500"},{"taxonomy":"post_tag","embeddable":true,"href":"https:\/\/muvacandalucia.es\/index.php\/wp-json\/wp\/v2\/tags?post=500"}],"curies":[{"name":"wp","href":"https:\/\/api.w.org\/{rel}","templated":true}]}}