{"id":496,"date":"2021-01-22T08:04:00","date_gmt":"2021-01-22T08:04:00","guid":{"rendered":"https:\/\/muvaclinares.es\/?p=496"},"modified":"2021-01-25T07:53:04","modified_gmt":"2021-01-25T07:53:04","slug":"brazam-triunfa-con-su-zoco","status":"publish","type":"post","link":"https:\/\/muvacandalucia.es\/index.php\/2021\/01\/22\/brazam-triunfa-con-su-zoco\/","title":{"rendered":"Brazam triunfa con su Zoco"},"content":{"rendered":"<p>La carrera art\u00edstica de Juan Manuel Garc\u00eda Maldonado, Brazam, ha estado marcada por una cont\u00ednua y constante evoluci\u00f3n de la plasticidad de un estilo basado en la investigaci\u00f3n y en b\u00fasqueda de la modernidad. Se trata por tanto de una figura influyente y renovadora de la pintura granadina de la segunda mitad del siglo XX.<br \/>\nNatural de la localidad Alhama de Granada, comenz\u00f3 su formaci\u00f3n entre 1956 y 1962, asistiendo primero a la Escuela de Artes y Oficios de Granada y posteriormente iniciando sus estudios en la Escuela de Bellas Artes de Sevilla. Durante este periodo expuso su obra varias veces en el Centro Art\u00edstico de Granada, en diversas salas malague\u00f1as de la Costa del Sol y en las salas Amad\u00eds y Tois\u00f3n de Madrid. Es entonces cuando, en 1971, recibe la Beca Castellblanch para cursar estudios en Italia.<br \/>\nPosteriormente continu\u00f3 realizando muestras individuales en espacios destacados como la Galer\u00eda Studium de Valladolid, la Sala Macarr\u00f3n de Madrid, el C\u00edrculo de la Amistad de C\u00f3rdoba o el Palacio de la Madraza de Granada. Al mismo tiempo, entre 1960 y 1980, sus cuadros forman parte de numerosas exposiciones colectivas de ciudades como Granada, Ja\u00e9n, Sevilla, Madrid, Bilbao, Mil\u00e1n o Par\u00eds y en muchas de ellas su pintura es reconocida con importantes premios.<\/p>\n<p>&nbsp;<\/p>\n<p><strong>Informaci\u00f3n extra\u00edda de: AR\u00c1NEGA CASTILLA, Francisco Miguel; MANTAS FERN\u00c1NDEZ, Rafael. [Cat\u00e1logo de la Exposici\u00f3n \u201cRedescubriendo\u201d. Exposici\u00f3n del Patrimonio Pict\u00f3rico del Ayuntamiento de Linares]. Linares: Servicio de publicaciones Ayto. Linares y CEL, 2020<\/strong><\/p>\n<p>Juan Manuel Garc\u00eda Maldonado, \u201cBrazam\u201d (Alhama de Granada, Granada, 1946)<br \/>\n<em>Zoco<\/em> (Primer premio de 1966, secci\u00f3n \u00f3leos)<br \/>\n\u00d3leo sobre lienzo, 112&#215;220 cm.<\/p>\n<figure id=\"attachment_372\" aria-describedby=\"caption-attachment-372\" style=\"width: 460px\" class=\"wp-caption aligncenter\"><img decoding=\"async\" loading=\"lazy\" class=\"wp-image-372\" src=\"https:\/\/muvacandalucia.es\/wp-content\/uploads\/2021\/01\/DSC08941-scaled.jpg\" alt=\"Juan Manuel Garc\u00eda Maldonado, \u201cBrazam\u201d (Alhama de Granada, Granada, 1946) Zoco (Primer premio de 1966, secci\u00f3n \u00f3leos) \u00d3leo sobre lienzo, 112x220 cm.\" width=\"460\" height=\"228\" srcset=\"https:\/\/muvacandalucia.es\/wp-content\/uploads\/2021\/01\/DSC08941-scaled.jpg 2560w, https:\/\/muvacandalucia.es\/wp-content\/uploads\/2021\/01\/DSC08941-300x149.jpg 300w, https:\/\/muvacandalucia.es\/wp-content\/uploads\/2021\/01\/DSC08941-1024x507.jpg 1024w, https:\/\/muvacandalucia.es\/wp-content\/uploads\/2021\/01\/DSC08941-768x380.jpg 768w, https:\/\/muvacandalucia.es\/wp-content\/uploads\/2021\/01\/DSC08941-1536x761.jpg 1536w, https:\/\/muvacandalucia.es\/wp-content\/uploads\/2021\/01\/DSC08941-2048x1015.jpg 2048w\" sizes=\"(max-width: 460px) 100vw, 460px\" \/><figcaption id=\"caption-attachment-372\" class=\"wp-caption-text\">Zoco<\/figcaption><\/figure>\n<h2 class=\"western\">Otras obras del mismo autor en Redescubriendo<\/h2>\n<h2 class=\"western\"><a href=\"https:\/\/muvacandalucia.es\/index.php\/2021\/01\/22\/un-agora-construida-a-base-de-geometria-en-los-planos-de-color\/\">Un \u00c1gora constru\u00edda a base de geometr\u00eda en los planos del color<\/a><\/h2>\n<h2 class=\"western\"><a href=\"https:\/\/muvacandalucia.es\/index.php\/2021\/01\/14\/el-regreso-de-brazam\/\">El regreso de \u201cBrazam\u201d<\/a><\/h2>\n<h2 class=\"western\"><\/h2>\n<h2 class=\"entry-title\"><\/h2>\n","protected":false},"excerpt":{"rendered":"<p>La carrera art\u00edstica de Juan Manuel Garc\u00eda Maldonado, Brazam, ha estado marcada por una cont\u00ednua y constante evoluci\u00f3n de la plasticidad de un estilo basado en la investigaci\u00f3n y en&hellip;<\/p>\n","protected":false},"author":1,"featured_media":372,"comment_status":"open","ping_status":"open","sticky":false,"template":"","format":"standard","meta":[],"categories":[11],"tags":[46,122,60,58,74,57,64,37,121],"jetpack_featured_media_url":"https:\/\/muvacandalucia.es\/wp-content\/uploads\/2021\/01\/DSC08941-scaled.jpg","_links":{"self":[{"href":"https:\/\/muvacandalucia.es\/index.php\/wp-json\/wp\/v2\/posts\/496"}],"collection":[{"href":"https:\/\/muvacandalucia.es\/index.php\/wp-json\/wp\/v2\/posts"}],"about":[{"href":"https:\/\/muvacandalucia.es\/index.php\/wp-json\/wp\/v2\/types\/post"}],"author":[{"embeddable":true,"href":"https:\/\/muvacandalucia.es\/index.php\/wp-json\/wp\/v2\/users\/1"}],"replies":[{"embeddable":true,"href":"https:\/\/muvacandalucia.es\/index.php\/wp-json\/wp\/v2\/comments?post=496"}],"version-history":[{"count":2,"href":"https:\/\/muvacandalucia.es\/index.php\/wp-json\/wp\/v2\/posts\/496\/revisions"}],"predecessor-version":[{"id":589,"href":"https:\/\/muvacandalucia.es\/index.php\/wp-json\/wp\/v2\/posts\/496\/revisions\/589"}],"wp:featuredmedia":[{"embeddable":true,"href":"https:\/\/muvacandalucia.es\/index.php\/wp-json\/wp\/v2\/media\/372"}],"wp:attachment":[{"href":"https:\/\/muvacandalucia.es\/index.php\/wp-json\/wp\/v2\/media?parent=496"}],"wp:term":[{"taxonomy":"category","embeddable":true,"href":"https:\/\/muvacandalucia.es\/index.php\/wp-json\/wp\/v2\/categories?post=496"},{"taxonomy":"post_tag","embeddable":true,"href":"https:\/\/muvacandalucia.es\/index.php\/wp-json\/wp\/v2\/tags?post=496"}],"curies":[{"name":"wp","href":"https:\/\/api.w.org\/{rel}","templated":true}]}}