{"id":492,"date":"2021-01-22T07:52:22","date_gmt":"2021-01-22T07:52:22","guid":{"rendered":"https:\/\/muvaclinares.es\/?p=492"},"modified":"2021-01-25T07:55:36","modified_gmt":"2021-01-25T07:55:36","slug":"un-agora-construida-a-base-de-geometria-en-los-planos-de-color","status":"publish","type":"post","link":"https:\/\/muvacandalucia.es\/index.php\/2021\/01\/22\/un-agora-construida-a-base-de-geometria-en-los-planos-de-color\/","title":{"rendered":"Un \u00c1gora constru\u00edda a base de geometr\u00eda en los planos del color"},"content":{"rendered":"<p>En sus inicios, la obra de &#8220;Brazam&#8221; se mueve dentro de una figuraci\u00f3n que capta lo esencial de las formas a trav\u00e9s de la construcci\u00f3n de diversos planos de color. Poco a poco, con el paso del tiempo su obra derivar\u00e1 hacia unas posiciones que tienden a una abstracci\u00f3n cargadas de fuerza y materia. Su proceso creativo parte de un profundo estudio y reflexi\u00f3n, que no podr\u00eda ser posible sin una buena<br \/>\nbase de conocimiento sobre la pintura del Renacimiento italiano y los grandes maestros del Siglo de Oro espa\u00f1ol, como Piero della Francesca o Vel\u00e1zquez. De esta forma se explica el recorrido de su estilo dirigido siempre hacia la exploraci\u00f3n de nuevos horizontes del arte por el arte que lo hacen ser un verdadero creador pl\u00e1stico.<br \/>\nEl proceso evolutivo del estilo de Brazam se observa en las obras que forman parte de la colecci\u00f3n pict\u00f3rica del Ayuntamiento de la ciudad minera. La presencia del pintor granadino en la exposici\u00f3n de pintura de Linares fue frecuente y fruct\u00edfera. As\u00ed, en 1966 logr\u00f3 el primer premio de la secci\u00f3n de \u00f3leos con <em>Zoco<\/em>, un lienzo de gran formato horizontal que muestra la vista de un mercado cuya figuraci\u00f3n est\u00e1 construida con cierta geometr\u00eda de planos de color. Al a\u00f1o siguiente, en la XXII Exposici\u00f3n de Pintura recibi\u00f3 el segundo premio con Ni\u00f1os, un cuadro en el que ofrece una notable evoluci\u00f3n de una figuraci\u00f3n que deriva hacia la senda de la abstracci\u00f3n. En esa misma l\u00ednea sigue trabajando en <em>\u00c1gora<\/em>, obra galardonada con el segundo premio en 1968, la cual es deudora del arte africano, del que es un buen conocedor Brazam.<\/p>\n<p><strong>Informaci\u00f3n extra\u00edda de: AR\u00c1NEGA CASTILLA, Francisco Miguel; MANTAS FERN\u00c1NDEZ, Rafael. [Cat\u00e1logo de la Exposici\u00f3n \u201cRedescubriendo\u201d. Exposici\u00f3n del Patrimonio Pict\u00f3rico del Ayuntamiento de Linares]. Linares: Servicio de publicaciones Ayto. Linares y CEL, 2020<\/strong><\/p>\n<p>Juan Manuel Garc\u00eda Maldonado, \u201cBrazam\u201d (Alhama de Granada, Granada, 1946)<br \/>\n<em>\u00c1gora<\/em> (Segundo premio de 1968, secci\u00f3n \u00f3leos)<\/p>\n<p>\u00d3leo sobre lienzo, 92&#215;177 cm<\/p>\n<figure id=\"attachment_373\" aria-describedby=\"caption-attachment-373\" style=\"width: 460px\" class=\"wp-caption aligncenter\"><img decoding=\"async\" loading=\"lazy\" class=\"wp-image-373\" src=\"https:\/\/muvacandalucia.es\/wp-content\/uploads\/2021\/01\/DSC08943-scaled.jpg\" alt=\"Juan Manuel Garc\u00eda Maldonado, \u201cBrazam\u201d (Alhama de Granada, Granada, 1946) \u00c1gora (Segundo premio de 1968, secci\u00f3n \u00f3leos). \u00d3leo sobre lienzo, 92x177 cm\" width=\"460\" height=\"239\" srcset=\"https:\/\/muvacandalucia.es\/wp-content\/uploads\/2021\/01\/DSC08943-scaled.jpg 2560w, https:\/\/muvacandalucia.es\/wp-content\/uploads\/2021\/01\/DSC08943-300x156.jpg 300w, https:\/\/muvacandalucia.es\/wp-content\/uploads\/2021\/01\/DSC08943-1024x531.jpg 1024w, https:\/\/muvacandalucia.es\/wp-content\/uploads\/2021\/01\/DSC08943-768x398.jpg 768w, https:\/\/muvacandalucia.es\/wp-content\/uploads\/2021\/01\/DSC08943-1536x797.jpg 1536w, https:\/\/muvacandalucia.es\/wp-content\/uploads\/2021\/01\/DSC08943-2048x1062.jpg 2048w\" sizes=\"(max-width: 460px) 100vw, 460px\" \/><figcaption id=\"caption-attachment-373\" class=\"wp-caption-text\">\u00c1gora<\/figcaption><\/figure>\n<h2 class=\"western\">Otras obras del mismo autor en Redescubriendo<\/h2>\n<h2 class=\"western\"><a href=\"https:\/\/muvacandalucia.es\/index.php\/2021\/01\/14\/el-regreso-de-brazam\/\">El regreso de \u201cBrazam\u201d<\/a><\/h2>\n<h2 class=\"western\"><a href=\"https:\/\/muvacandalucia.es\/index.php\/2021\/01\/22\/brazam-triunfa-con-su-zoco\/\">Brazam triunfa con su Zoco<\/a><\/h2>\n","protected":false},"excerpt":{"rendered":"<p>En sus inicios, la obra de &#8220;Brazam&#8221; se mueve dentro de una figuraci\u00f3n que capta lo esencial de las formas a trav\u00e9s de la construcci\u00f3n de diversos planos de color.&hellip;<\/p>\n","protected":false},"author":1,"featured_media":373,"comment_status":"open","ping_status":"open","sticky":false,"template":"","format":"standard","meta":[],"categories":[11],"tags":[118,120,60,58,119,57,14,64,37],"jetpack_featured_media_url":"https:\/\/muvacandalucia.es\/wp-content\/uploads\/2021\/01\/DSC08943-scaled.jpg","_links":{"self":[{"href":"https:\/\/muvacandalucia.es\/index.php\/wp-json\/wp\/v2\/posts\/492"}],"collection":[{"href":"https:\/\/muvacandalucia.es\/index.php\/wp-json\/wp\/v2\/posts"}],"about":[{"href":"https:\/\/muvacandalucia.es\/index.php\/wp-json\/wp\/v2\/types\/post"}],"author":[{"embeddable":true,"href":"https:\/\/muvacandalucia.es\/index.php\/wp-json\/wp\/v2\/users\/1"}],"replies":[{"embeddable":true,"href":"https:\/\/muvacandalucia.es\/index.php\/wp-json\/wp\/v2\/comments?post=492"}],"version-history":[{"count":5,"href":"https:\/\/muvacandalucia.es\/index.php\/wp-json\/wp\/v2\/posts\/492\/revisions"}],"predecessor-version":[{"id":591,"href":"https:\/\/muvacandalucia.es\/index.php\/wp-json\/wp\/v2\/posts\/492\/revisions\/591"}],"wp:featuredmedia":[{"embeddable":true,"href":"https:\/\/muvacandalucia.es\/index.php\/wp-json\/wp\/v2\/media\/373"}],"wp:attachment":[{"href":"https:\/\/muvacandalucia.es\/index.php\/wp-json\/wp\/v2\/media?parent=492"}],"wp:term":[{"taxonomy":"category","embeddable":true,"href":"https:\/\/muvacandalucia.es\/index.php\/wp-json\/wp\/v2\/categories?post=492"},{"taxonomy":"post_tag","embeddable":true,"href":"https:\/\/muvacandalucia.es\/index.php\/wp-json\/wp\/v2\/tags?post=492"}],"curies":[{"name":"wp","href":"https:\/\/api.w.org\/{rel}","templated":true}]}}