{"id":490,"date":"2021-01-21T09:38:36","date_gmt":"2021-01-21T09:38:36","guid":{"rendered":"https:\/\/muvaclinares.es\/?p=490"},"modified":"2021-01-21T09:38:36","modified_gmt":"2021-01-21T09:38:36","slug":"el-paisaje-de-malaga-visto-por-alfonso-parras","status":"publish","type":"post","link":"https:\/\/muvacandalucia.es\/index.php\/2021\/01\/21\/el-paisaje-de-malaga-visto-por-alfonso-parras\/","title":{"rendered":"El paisaje de M\u00e1laga visto por Alfonso Parras"},"content":{"rendered":"<p>Alfonso Parras Vilches, hijo predilecto de su ciudad natal desde 2008, se form\u00f3 en la Escuela de Artes y Oficios de Ja\u00e9n y en la Academia de las Artes Santa Isabel de Hungr\u00eda de Sevilla. Gracias a unas pensiones otorgadas entre 1960 y 1961 por la Diputaci\u00f3n y el Ayuntamiento de Ja\u00e9n, ampli\u00f3 sus estudios en Roma y en Par\u00eds, entrando en contacto con la vanguardia art\u00edstica de la \u00e9poca.<br \/>\nTras estos viajes regres\u00f3 a Ja\u00e9n para ejercer como profesor de Dibujo en la Escuela de Formaci\u00f3n Profesional de Martos. Sin embargo, poco tiempo despu\u00e9s decidi\u00f3\u00a0 abandonar la docencia para centrarse de forma exclusiva en la creaci\u00f3n art\u00edstica. A lo largo de su dilatada y fruct\u00edfera vida profesional se han sucedido una gran cantidad de exposiciones individuales y colectivas, mostrando su obra en ciudades como Madrid, Valencia o Barcelona.<br \/>\nSus \u00f3leos giran en torno al paisaje de espacios significativos de la provincia de Ja\u00e9n, como la Sierra de<br \/>\nCazorla, planteados desde una perspectiva impresionista. Sus cuadros irradian una luz y un colorido amable y lleno de vitalidad. La mirada anal\u00edtica de Alfonso Parras le sirvi\u00f3 para detenerse a contemplar la realidad y captar su esencia para, posteriormente, plasmar sobre sus lienzos la vida y la verdad propia de la naturaleza.<br \/>\nEn esta l\u00ednea se plantea <em>Paisaje de M\u00e1laga<\/em>, una obra que fue presentada a la XXIII Exposici\u00f3n de Pintura de 1968 y que fue reconocida con el premio especial \u201cMariano de la Paz\u201d. En ella, Alfonso Parras muestra un paraje que ha sido asimilado desde su propia experiencia y que posee la verdad de la naturaleza y de la atm\u00f3sfera que lo rodea, la cual ha sido construida a trav\u00e9s de una pintura muy mat\u00e9rica. En primer plano la tela presenta unos olivos que son un sutil recuerdo del paisaje giennense, tantas veces representado por el autor. Posteriormente, se abre un escarpado relieve que act\u00faa como un tel\u00f3n de fondo para cerrar esa bella y equilibrada composici\u00f3n.<br \/>\n<strong>BIBLIOGRAF\u00cdA<\/strong><br \/>\nALMANSA MORENO, Jos\u00e9 Manuel; ROBLES MART\u00cdN, Juan Manuel (Coord.): 5<em>0 a\u00f1os de artes pl\u00e1sticas en Ja\u00e9n Creaci\u00f3n, medios y espacios (1960-2010)<\/em>. Ja\u00e9n: Instituto de Estudios Giennenses y Diputaci\u00f3n Provincial de Ja\u00e9n, 2016, pp. 456-458.<br \/>\nANTOL\u00cdN PAZ, Mario; MORALES Y MAR\u00cdN, Jos\u00e9 Luis; RINC\u00d3N GARC\u00cdA, Wifredo (dir.): <em>Diccionario de pintores y escultores espa\u00f1oles del siglo XX<\/em>. Madrid: Forum Artis, 1994-1996. Tomo XI, pp. 3167-3168<br \/>\nVV.AA.: <em>Pinacoteca Municipal de Linares<\/em>. Linares, Ayuntamiento de Linares, \u00c1rea de Cultura, 1994, p. 77.<\/p>\n<p><strong>Informaci\u00f3n extra\u00edda de: AR\u00c1NEGA CASTILLA, Francisco Miguel; MANTAS FERN\u00c1NDEZ, Rafael. [Cat\u00e1logo de la Exposici\u00f3n \u201cRedescubriendo\u201d. Exposici\u00f3n del Patrimonio Pict\u00f3rico del Ayuntamiento de Linares]. Linares: Servicio de publicaciones Ayto. Linares y CEL, 2020<\/strong><\/p>\n<p>Alfonso Parras V\u00edlchez (Torredelcampo, Ja\u00e9n, 1934 &#8211; 2013)<br \/>\n<em>Paisaje de M\u00e1laga<\/em> (Premio especial \u201cMariano de la Paz\u201d de 1968)<br \/>\n\u00d3leo sobre lienzo, 89&#215;135 cm.<\/p>\n<figure id=\"attachment_389\" aria-describedby=\"caption-attachment-389\" style=\"width: 460px\" class=\"wp-caption aligncenter\"><img decoding=\"async\" loading=\"lazy\" class=\"wp-image-389\" src=\"https:\/\/muvacandalucia.es\/wp-content\/uploads\/2021\/01\/DSC08983-scaled.jpg\" alt=\"Alfonso Parras V\u00edlchez (Torredelcampo, Ja\u00e9n, 1934 - 2013) Paisaje de M\u00e1laga (Premio especial \u201cMariano de la Paz\u201d de 1968) \u00d3leo sobre lienzo, 89x135 cm.\" width=\"460\" height=\"305\" srcset=\"https:\/\/muvacandalucia.es\/wp-content\/uploads\/2021\/01\/DSC08983-scaled.jpg 2560w, https:\/\/muvacandalucia.es\/wp-content\/uploads\/2021\/01\/DSC08983-300x199.jpg 300w, https:\/\/muvacandalucia.es\/wp-content\/uploads\/2021\/01\/DSC08983-1024x679.jpg 1024w, https:\/\/muvacandalucia.es\/wp-content\/uploads\/2021\/01\/DSC08983-768x509.jpg 768w, https:\/\/muvacandalucia.es\/wp-content\/uploads\/2021\/01\/DSC08983-1536x1018.jpg 1536w, https:\/\/muvacandalucia.es\/wp-content\/uploads\/2021\/01\/DSC08983-2048x1358.jpg 2048w, https:\/\/muvacandalucia.es\/wp-content\/uploads\/2021\/01\/DSC08983-150x100.jpg 150w\" sizes=\"(max-width: 460px) 100vw, 460px\" \/><figcaption id=\"caption-attachment-389\" class=\"wp-caption-text\">Paisaje de M\u00e1laga<\/figcaption><\/figure>\n","protected":false},"excerpt":{"rendered":"<p>Alfonso Parras Vilches, hijo predilecto de su ciudad natal desde 2008, se form\u00f3 en la Escuela de Artes y Oficios de Ja\u00e9n y en la Academia de las Artes Santa&hellip;<\/p>\n","protected":false},"author":1,"featured_media":389,"comment_status":"open","ping_status":"open","sticky":false,"template":"","format":"standard","meta":[],"categories":[11],"tags":[116,118,117,114,64,37,115],"jetpack_featured_media_url":"https:\/\/muvacandalucia.es\/wp-content\/uploads\/2021\/01\/DSC08983-scaled.jpg","_links":{"self":[{"href":"https:\/\/muvacandalucia.es\/index.php\/wp-json\/wp\/v2\/posts\/490"}],"collection":[{"href":"https:\/\/muvacandalucia.es\/index.php\/wp-json\/wp\/v2\/posts"}],"about":[{"href":"https:\/\/muvacandalucia.es\/index.php\/wp-json\/wp\/v2\/types\/post"}],"author":[{"embeddable":true,"href":"https:\/\/muvacandalucia.es\/index.php\/wp-json\/wp\/v2\/users\/1"}],"replies":[{"embeddable":true,"href":"https:\/\/muvacandalucia.es\/index.php\/wp-json\/wp\/v2\/comments?post=490"}],"version-history":[{"count":1,"href":"https:\/\/muvacandalucia.es\/index.php\/wp-json\/wp\/v2\/posts\/490\/revisions"}],"predecessor-version":[{"id":491,"href":"https:\/\/muvacandalucia.es\/index.php\/wp-json\/wp\/v2\/posts\/490\/revisions\/491"}],"wp:featuredmedia":[{"embeddable":true,"href":"https:\/\/muvacandalucia.es\/index.php\/wp-json\/wp\/v2\/media\/389"}],"wp:attachment":[{"href":"https:\/\/muvacandalucia.es\/index.php\/wp-json\/wp\/v2\/media?parent=490"}],"wp:term":[{"taxonomy":"category","embeddable":true,"href":"https:\/\/muvacandalucia.es\/index.php\/wp-json\/wp\/v2\/categories?post=490"},{"taxonomy":"post_tag","embeddable":true,"href":"https:\/\/muvacandalucia.es\/index.php\/wp-json\/wp\/v2\/tags?post=490"}],"curies":[{"name":"wp","href":"https:\/\/api.w.org\/{rel}","templated":true}]}}