{"id":485,"date":"2021-01-21T09:15:02","date_gmt":"2021-01-21T09:15:02","guid":{"rendered":"https:\/\/muvaclinares.es\/?p=485"},"modified":"2021-01-22T09:10:52","modified_gmt":"2021-01-22T09:10:52","slug":"la-siesta-de-andres-barajas","status":"publish","type":"post","link":"https:\/\/muvacandalucia.es\/index.php\/2021\/01\/21\/la-siesta-de-andres-barajas\/","title":{"rendered":"La siesta de Andr\u00e9s Barajas"},"content":{"rendered":"<p>Andr\u00e9s Barajas D\u00edaz fue un prol\u00edfico pintor y grabador que adem\u00e1s desempe\u00f1\u00f3 el cargo de profesor de t\u00e9rmino de pintura mural en la Escuela de Artes Aplicadas y Oficios Art\u00edsticos de Madrid. Cuando contaba con once a\u00f1os de edad se traslad\u00f3 a Madrid por cuestiones familiares. All\u00ed, se inici\u00f3 en el mundo del arte copiando algunos cuadros del Museo Nacional del Prado. En 1958 curs\u00f3 estudios en la Escuela de Artes Aplicadas y Oficios Art\u00edsticos, donde recibi\u00f3 algunos premios de dibujo y, posteriormente, sigui\u00f3 form\u00e1ndose en el C\u00edrculo de Bellas Artes.<br \/>\nSu estilo estuvo sometido a un incesante proceso creativo en busca de nuevos horizontes pl\u00e1sticos. En la d\u00e9cada de 1970, viaj\u00f3 por varios pa\u00edses europeos como Francia, Alemania o Suiza para conocer la pintura que se estaba desarrollando fuera de Espa\u00f1a, sinti\u00e9ndose influido por expresionistas como Francis Bacon o Kitaj, apareciendo la abstracci\u00f3n en su obra. Posteriormente, en la d\u00e9cada de 1980, cambi\u00f3 el registro de su paleta, decant\u00e1ndose por unas tonalidades oscuras para abordar la representaci\u00f3n de asuntos relacionados con la brujer\u00eda, la religi\u00f3n y la ignorancia. En cambio, en la d\u00e9cada de 1990 su pintura se volvi\u00f3 m\u00e1s colorista.<br \/>\nA grandes rasgos, su obra otorga un gran protagonismo al estudio del color, desde una perspectiva po\u00e9tica del expresionismo que en ocasiones tiene tintes on\u00edricos. La producci\u00f3n de Andr\u00e9s Barajas se encuentra repartida en diversas colecciones y museos nacionales. Igualmente, a lo largo de su carrera particip\u00f3 en numerosas exposiciones individuales y colectivas, obteniendo gran cantidad de premios, como el segundo premio \u201cPintor Zabaleta\u201d obtenido en la ciudad de Linares en 1969 por su \u00f3leo sobre lienzo <em>La siesta<\/em>. Se trata de un interesante cuadro que plantea una atrevida perspectiva para mostrar una vista en profundidad a ras del suelo de un hombre que est\u00e1 descansando en un espacio natural.<br \/>\nJunto a la magistral resoluci\u00f3n del concepto \u00f3ptico, la tela presenta una gran ejecuci\u00f3n pl\u00e1stica en la construcci\u00f3n de la figura a trav\u00e9s del color en la que predominan colores terrosos.<br \/>\nEn cuanto a su faceta como grabador, destacan las magn\u00edficas ilustraciones de <em>El Gran Teatro del Mundo<\/em> de Calder\u00f3n de la Barca, editadas por el Taller del Prado, que nos recrean un mundo enso\u00f1ado.<br \/>\n<strong>BIBLIOGRAF\u00cdA<\/strong><br \/>\nALMANSA MORENO, Jos\u00e9 Manuel; ROBLES MART\u00cdN, Juan Manuel (Coord.): <em>50 a\u00f1os de artes pl\u00e1sticas en Ja\u00e9n Creaci\u00f3n, medios y espacios (1960-2010)<\/em>. Ja\u00e9n: Instituto de Estudios Giennenses y Diputaci\u00f3n Provincial de Ja\u00e9n, 2016, p. 80<br \/>\nVV.AA.: <em>Pinacoteca Municipal de Linares<\/em>. Linares, Ayuntamiento de Linares, \u00c1rea de Cultura, 1994, p. 81.<\/p>\n<p><strong>Informaci\u00f3n extra\u00edda de: AR\u00c1NEGA CASTILLA, Francisco Mig<\/strong><strong>uel; MANTAS FERN\u00c1NDEZ, Rafael. [Cat\u00e1logo de la Exposici\u00f3n \u201cRedescubriendo\u201d. Exposici\u00f3n del Patrimonio Pict\u00f3rico del Ayuntamiento de Linares]. Linares: Servicio de publicaciones Ayto. Linares y CEL, 2020<\/strong><\/p>\n<p>Andr\u00e9s Barajas D\u00edaz (Huelma, Ja\u00e9n, 1941 &#8211; 2006)<br \/>\nLa siesta (Segundo premio \u201cPintor Zabaleta\u201d de 1969, secci\u00f3n \u00f3leos)<br \/>\n\u00d3leo sobre lienzo, 80&#215;88 cm.<\/p>\n<figure id=\"attachment_158\" aria-describedby=\"caption-attachment-158\" style=\"width: 460px\" class=\"wp-caption aligncenter\"><img decoding=\"async\" loading=\"lazy\" class=\"wp-image-158\" src=\"https:\/\/muvacandalucia.es\/wp-content\/uploads\/2020\/12\/DSC08919-scaled.jpg\" alt=\"La siesta\" width=\"460\" height=\"422\" \/><figcaption id=\"caption-attachment-158\" class=\"wp-caption-text\">La siesta<\/figcaption><\/figure>\n","protected":false},"excerpt":{"rendered":"<p>Andr\u00e9s Barajas D\u00edaz fue un prol\u00edfico pintor y grabador que adem\u00e1s desempe\u00f1\u00f3 el cargo de profesor de t\u00e9rmino de pintura mural en la Escuela de Artes Aplicadas y Oficios Art\u00edsticos&hellip;<\/p>\n","protected":false},"author":1,"featured_media":363,"comment_status":"open","ping_status":"open","sticky":false,"template":"","format":"standard","meta":[],"categories":[11],"tags":[112,109,113,139,111,23,37],"jetpack_featured_media_url":"https:\/\/muvacandalucia.es\/wp-content\/uploads\/2021\/01\/DSC08919-scaled.jpg","_links":{"self":[{"href":"https:\/\/muvacandalucia.es\/index.php\/wp-json\/wp\/v2\/posts\/485"}],"collection":[{"href":"https:\/\/muvacandalucia.es\/index.php\/wp-json\/wp\/v2\/posts"}],"about":[{"href":"https:\/\/muvacandalucia.es\/index.php\/wp-json\/wp\/v2\/types\/post"}],"author":[{"embeddable":true,"href":"https:\/\/muvacandalucia.es\/index.php\/wp-json\/wp\/v2\/users\/1"}],"replies":[{"embeddable":true,"href":"https:\/\/muvacandalucia.es\/index.php\/wp-json\/wp\/v2\/comments?post=485"}],"version-history":[{"count":4,"href":"https:\/\/muvacandalucia.es\/index.php\/wp-json\/wp\/v2\/posts\/485\/revisions"}],"predecessor-version":[{"id":489,"href":"https:\/\/muvacandalucia.es\/index.php\/wp-json\/wp\/v2\/posts\/485\/revisions\/489"}],"wp:featuredmedia":[{"embeddable":true,"href":"https:\/\/muvacandalucia.es\/index.php\/wp-json\/wp\/v2\/media\/363"}],"wp:attachment":[{"href":"https:\/\/muvacandalucia.es\/index.php\/wp-json\/wp\/v2\/media?parent=485"}],"wp:term":[{"taxonomy":"category","embeddable":true,"href":"https:\/\/muvacandalucia.es\/index.php\/wp-json\/wp\/v2\/categories?post=485"},{"taxonomy":"post_tag","embeddable":true,"href":"https:\/\/muvacandalucia.es\/index.php\/wp-json\/wp\/v2\/tags?post=485"}],"curies":[{"name":"wp","href":"https:\/\/api.w.org\/{rel}","templated":true}]}}