{"id":483,"date":"2021-01-21T09:01:27","date_gmt":"2021-01-21T09:01:27","guid":{"rendered":"https:\/\/muvaclinares.es\/?p=483"},"modified":"2021-01-25T08:15:27","modified_gmt":"2021-01-25T08:15:27","slug":"maria-en-los-limites-del-neorrealismo","status":"publish","type":"post","link":"https:\/\/muvacandalucia.es\/index.php\/2021\/01\/21\/maria-en-los-limites-del-neorrealismo\/","title":{"rendered":"Mar\u00eda en los l\u00edmites del Neorrealismo"},"content":{"rendered":"<p>Pintor, escultor, grabador y galerista encuadrado dentro del grupo de realistas espa\u00f1oles nacidos en la Posguerra. Realiz\u00f3 su primera exposici\u00f3n en su ciudad natal, en 1964, y m\u00e1s tarde se traslad\u00f3 a Madrid donde ingres\u00f3 en la Escuela de Bellas Artes.<br \/>\nEl estilo de los inicios de Quetglas se caracteriz\u00f3 por una fuerte influencia de una gran variedad de estilos como realismo, hiperrealismo, surrealismo y realismo m\u00e1gico, que sabe conjugar a la perfecci\u00f3n en la obra <em>Mar\u00eda Ingr\u00e1vida<\/em>. En la d\u00e9cada de los 60 sus obras empezaron a ser expuestas en concursos y exposiciones de varias ciudades de Espa\u00f1a y del extranjero.<br \/>\nEn 1969, este pintor menorqu\u00edn, particip\u00f3 en la XXIV Exposici\u00f3n Nacional de Pintura de Linares con un \u00fanico cuadro, <em>Mar\u00eda Barroca<\/em>. Una composici\u00f3n que tiene como eje central una figura femenina y que en palabras de Jos\u00e9 Valverde Madrid, acad\u00e9mico de la Real Academia de C\u00f3rdoba, presenta \u201cuna serie de peque\u00f1os detalles admirablemente pintados enmarcan la figura de una mujer en el que la figura est\u00e1 primorosamente trazada. Tambi\u00e9n en los l\u00edmites del neorrealismo esta obra nos habla de la promesa que para el arte espa\u00f1ol es la paleta de Quetglas. Un cuadro pleno de encanto y sencillez\u201d (<em>VALVERDE<\/em><br \/>\n<em>MADRID<\/em>, 1969, p. 158).<br \/>\nLa obra fue galardonada con el premio Fernando Arcas y entr\u00f3 a formar parte de la colecci\u00f3n del Excmo. Ayuntamiento de Linares.<\/p>\n<p><strong>Informaci\u00f3n extra\u00edda de: AR\u00c1NEGA CASTILLA, Francisco Mig<\/strong><strong>uel; MANTAS FERN\u00c1NDEZ, Rafael. [Cat\u00e1logo de la Exposici\u00f3n \u201cRedescubriendo\u201d. Exposici\u00f3n del Patrimonio Pict\u00f3rico del Ayuntamiento de Linares]. Linares: Servicio de publicaciones Ayto. Linares y CEL, 2020<\/strong><\/p>\n<p>Mat\u00edas Quetglas Benedet (Ciutadella, Menorca, 1946)<br \/>\nMar\u00eda Barroca (Premio \u201cFernando Arcas\u201d de 1969, secci\u00f3n \u00f3leos)<br \/>\n\u00d3leo sobre tabla, 72&#215;94 cm.<\/p>\n<figure id=\"attachment_399\" aria-describedby=\"caption-attachment-399\" style=\"width: 460px\" class=\"wp-caption aligncenter\"><img decoding=\"async\" loading=\"lazy\" class=\"wp-image-399\" src=\"https:\/\/muvacandalucia.es\/wp-content\/uploads\/2021\/01\/DSC09006-scaled.jpg\" alt=\"Mat\u00edas Quetglas Benedet (Ciutadella, Menorca, 1946) Mar\u00eda Barroca (Premio \u201cFernando Arcas\u201d de 1969, secci\u00f3n \u00f3leos) \u00d3leo sobre tabla, 72x94 cm.\" width=\"460\" height=\"348\" srcset=\"https:\/\/muvacandalucia.es\/wp-content\/uploads\/2021\/01\/DSC09006-scaled.jpg 2560w, https:\/\/muvacandalucia.es\/wp-content\/uploads\/2021\/01\/DSC09006-300x227.jpg 300w, https:\/\/muvacandalucia.es\/wp-content\/uploads\/2021\/01\/DSC09006-1024x774.jpg 1024w, https:\/\/muvacandalucia.es\/wp-content\/uploads\/2021\/01\/DSC09006-768x580.jpg 768w, https:\/\/muvacandalucia.es\/wp-content\/uploads\/2021\/01\/DSC09006-1536x1161.jpg 1536w, https:\/\/muvacandalucia.es\/wp-content\/uploads\/2021\/01\/DSC09006-2048x1548.jpg 2048w\" sizes=\"(max-width: 460px) 100vw, 460px\" \/><figcaption id=\"caption-attachment-399\" class=\"wp-caption-text\">Mar\u00eda Barroca<\/figcaption><\/figure>\n<h2 class=\"western\">Otras obras del mismo autor en Redescubriendo<\/h2>\n<h2 class=\"western\"><a href=\"https:\/\/muvacandalucia.es\/index.php\/2021\/01\/21\/ingravidez-de-maria\/\">Ingravidez de Mar\u00eda<\/a><\/h2>\n<h2 class=\"western\"><\/h2>\n","protected":false},"excerpt":{"rendered":"<p>Pintor, escultor, grabador y galerista encuadrado dentro del grupo de realistas espa\u00f1oles nacidos en la Posguerra. Realiz\u00f3 su primera exposici\u00f3n en su ciudad natal, en 1964, y m\u00e1s tarde se&hellip;<\/p>\n","protected":false},"author":1,"featured_media":399,"comment_status":"open","ping_status":"open","sticky":false,"template":"","format":"standard","meta":[],"categories":[11],"tags":[46,109,100,108,99,101,37],"jetpack_featured_media_url":"https:\/\/muvacandalucia.es\/wp-content\/uploads\/2021\/01\/DSC09006-scaled.jpg","_links":{"self":[{"href":"https:\/\/muvacandalucia.es\/index.php\/wp-json\/wp\/v2\/posts\/483"}],"collection":[{"href":"https:\/\/muvacandalucia.es\/index.php\/wp-json\/wp\/v2\/posts"}],"about":[{"href":"https:\/\/muvacandalucia.es\/index.php\/wp-json\/wp\/v2\/types\/post"}],"author":[{"embeddable":true,"href":"https:\/\/muvacandalucia.es\/index.php\/wp-json\/wp\/v2\/users\/1"}],"replies":[{"embeddable":true,"href":"https:\/\/muvacandalucia.es\/index.php\/wp-json\/wp\/v2\/comments?post=483"}],"version-history":[{"count":2,"href":"https:\/\/muvacandalucia.es\/index.php\/wp-json\/wp\/v2\/posts\/483\/revisions"}],"predecessor-version":[{"id":600,"href":"https:\/\/muvacandalucia.es\/index.php\/wp-json\/wp\/v2\/posts\/483\/revisions\/600"}],"wp:featuredmedia":[{"embeddable":true,"href":"https:\/\/muvacandalucia.es\/index.php\/wp-json\/wp\/v2\/media\/399"}],"wp:attachment":[{"href":"https:\/\/muvacandalucia.es\/index.php\/wp-json\/wp\/v2\/media?parent=483"}],"wp:term":[{"taxonomy":"category","embeddable":true,"href":"https:\/\/muvacandalucia.es\/index.php\/wp-json\/wp\/v2\/categories?post=483"},{"taxonomy":"post_tag","embeddable":true,"href":"https:\/\/muvacandalucia.es\/index.php\/wp-json\/wp\/v2\/tags?post=483"}],"curies":[{"name":"wp","href":"https:\/\/api.w.org\/{rel}","templated":true}]}}