{"id":476,"date":"2021-01-21T08:46:06","date_gmt":"2021-01-21T08:46:06","guid":{"rendered":"https:\/\/muvaclinares.es\/?p=476"},"modified":"2021-01-21T08:50:42","modified_gmt":"2021-01-21T08:50:42","slug":"tierras-de-la-mancha","status":"publish","type":"post","link":"https:\/\/muvacandalucia.es\/index.php\/2021\/01\/21\/tierras-de-la-mancha\/","title":{"rendered":"Tierras de la Mancha"},"content":{"rendered":"<p>Al m\u00fasico y escritor bilba\u00edno, Luis S\u00e1nchez Mart\u00ednez, le\u00a0 lleg\u00f3 la vocaci\u00f3n por la pintura en su madurez. Con cuarenta a\u00f1os realiz\u00f3 sus primeras obras, encuadradas en el post-impresionismo, que comenzaron a ser expuestas en diversas salas de Bilbao a finales de la d\u00e9cada de los 50 del siglo pasado.<br \/>\nEn su obra se muestra el amor por los paisajes castellanos que parten del impresionismo para captar la realidad con largas pinceladas de color. En 1969 particip\u00f3 en la XXIV Exposici\u00f3n Nacional de Pintura de Linares con <em>Los Corrales<\/em> (Santander) y <em>Tierras de Castilla<\/em>. \u00c9ste \u00faltimo, realizado en 1965 e inspirado en el paisaje de Alc\u00e1zar de San Juan, fue galardonado con el premio Mariano de la Paz de ese a\u00f1o.<br \/>\nJos\u00e9 Valverde Madrid escribi\u00f3 para la revista <em>Oretani<\/em>a la siguiente cr\u00f3nica: \u201ces un acierto en todos los aspectos. Una gran llanura de vi\u00f1edos y un cielo plomizo amenazante, cargado de tormenta nos dan una realidad pl\u00e1stica&#8230; de gran calidad. Impresiona este cuadro que tuvo muchos votos para el primero y segundo premio de este certamen. Un hondo dramatismo se ense\u00f1orea de \u00e9l y subyuga al espectador que no puede apartar la vista de este hermoso lienzo\u201d (<em>VALVERDE MADRID<\/em>, 1969, p. 158).<br \/>\nTierras de la Mancha se ubic\u00f3 en las oficinas del ayuntamiento destinadas a Obras y Servicios.<br \/>\n<strong>BIBLIOGRAF\u00cdA<\/strong><br \/>\nCAMPOY, Antonio Manuel: \u00abNeonaturalismo\u00bb. Goya: <em>Revista de Arte<\/em>. n\u00ba 87 (nov.-dic. 1968). Madrid: Fundaci\u00f3n L\u00e1zaro Galdiano. pp. 153-157.<br \/>\nVALVERDE MADRID, Jos\u00e9: \u00abComentarios a la XXIV Exposici\u00f3n Nacional de Pintura de Linares\u00bb. <em>Revista Oretania<\/em>. n\u00ba 28, 29, 30, 31, 32, 33. (enero-diciembre 1968, enero-diciembre 1969). pp. 153-159.<br \/>\nVV.AA.: <em>Pinacoteca Municipal de Linares<\/em>. Linares, Ayuntamiento de Linares, \u00c1rea de Cultura, 1994, p. 83.<\/p>\n<p><strong>Informaci\u00f3n extra\u00edda de: AR\u00c1NEGA CASTILLA, Francisco Miguel; MANTAS FERN\u00c1NDEZ, Rafael. [Cat\u00e1logo de la Exposici\u00f3n \u201cRedescubriendo\u201d. Exposici\u00f3n del Patrimonio Pict\u00f3rico del Ayuntamiento de Linares]. Linares: Servicio de publicaciones Ayto. Linares y CEL, 2020<\/strong><\/p>\n<p>Luis S\u00e1nchez Mart\u00ednez (Bilbao, 1913-1976)<br \/>\n<em>Tierras de la Mancha<\/em> (Premio \u201cMariano de la Paz\u201d de 1969, secci\u00f3n \u00f3leos)<br \/>\n\u00d3leos sobre lienzo, 73&#215;100 cm.<\/p>\n<figure id=\"attachment_364\" aria-describedby=\"caption-attachment-364\" style=\"width: 460px\" class=\"wp-caption aligncenter\"><img decoding=\"async\" loading=\"lazy\" class=\"wp-image-364\" src=\"https:\/\/muvacandalucia.es\/wp-content\/uploads\/2021\/01\/DSC08921-scaled.jpg\" alt=\"Luis S\u00e1nchez Mart\u00ednez (Bilbao, 1913-1976) Tierras de la Mancha (Premio \u201cMariano de la Paz\u201d de 1969, secci\u00f3n \u00f3leos) \u00d3leos sobre lienzo, 73x100 cm.\" width=\"460\" height=\"329\" srcset=\"https:\/\/muvacandalucia.es\/wp-content\/uploads\/2021\/01\/DSC08921-scaled.jpg 2560w, https:\/\/muvacandalucia.es\/wp-content\/uploads\/2021\/01\/DSC08921-300x215.jpg 300w, https:\/\/muvacandalucia.es\/wp-content\/uploads\/2021\/01\/DSC08921-1024x732.jpg 1024w, https:\/\/muvacandalucia.es\/wp-content\/uploads\/2021\/01\/DSC08921-768x549.jpg 768w, https:\/\/muvacandalucia.es\/wp-content\/uploads\/2021\/01\/DSC08921-1536x1099.jpg 1536w, https:\/\/muvacandalucia.es\/wp-content\/uploads\/2021\/01\/DSC08921-2048x1465.jpg 2048w, https:\/\/muvacandalucia.es\/wp-content\/uploads\/2021\/01\/DSC08921-420x300.jpg 420w\" sizes=\"(max-width: 460px) 100vw, 460px\" \/><figcaption id=\"caption-attachment-364\" class=\"wp-caption-text\">Tierras de la Mancha<\/figcaption><\/figure>\n","protected":false},"excerpt":{"rendered":"<p>Al m\u00fasico y escritor bilba\u00edno, Luis S\u00e1nchez Mart\u00ednez, le\u00a0 lleg\u00f3 la vocaci\u00f3n por la pintura en su madurez. Con cuarenta a\u00f1os realiz\u00f3 sus primeras obras, encuadradas en el post-impresionismo, que&hellip;<\/p>\n","protected":false},"author":1,"featured_media":364,"comment_status":"open","ping_status":"open","sticky":false,"template":"","format":"standard","meta":[],"categories":[11],"tags":[105,106,104,103,64,37,107],"jetpack_featured_media_url":"https:\/\/muvacandalucia.es\/wp-content\/uploads\/2021\/01\/DSC08921-scaled.jpg","_links":{"self":[{"href":"https:\/\/muvacandalucia.es\/index.php\/wp-json\/wp\/v2\/posts\/476"}],"collection":[{"href":"https:\/\/muvacandalucia.es\/index.php\/wp-json\/wp\/v2\/posts"}],"about":[{"href":"https:\/\/muvacandalucia.es\/index.php\/wp-json\/wp\/v2\/types\/post"}],"author":[{"embeddable":true,"href":"https:\/\/muvacandalucia.es\/index.php\/wp-json\/wp\/v2\/users\/1"}],"replies":[{"embeddable":true,"href":"https:\/\/muvacandalucia.es\/index.php\/wp-json\/wp\/v2\/comments?post=476"}],"version-history":[{"count":6,"href":"https:\/\/muvacandalucia.es\/index.php\/wp-json\/wp\/v2\/posts\/476\/revisions"}],"predecessor-version":[{"id":482,"href":"https:\/\/muvacandalucia.es\/index.php\/wp-json\/wp\/v2\/posts\/476\/revisions\/482"}],"wp:featuredmedia":[{"embeddable":true,"href":"https:\/\/muvacandalucia.es\/index.php\/wp-json\/wp\/v2\/media\/364"}],"wp:attachment":[{"href":"https:\/\/muvacandalucia.es\/index.php\/wp-json\/wp\/v2\/media?parent=476"}],"wp:term":[{"taxonomy":"category","embeddable":true,"href":"https:\/\/muvacandalucia.es\/index.php\/wp-json\/wp\/v2\/categories?post=476"},{"taxonomy":"post_tag","embeddable":true,"href":"https:\/\/muvacandalucia.es\/index.php\/wp-json\/wp\/v2\/tags?post=476"}],"curies":[{"name":"wp","href":"https:\/\/api.w.org\/{rel}","templated":true}]}}