{"id":473,"date":"2021-01-21T08:17:11","date_gmt":"2021-01-21T08:17:11","guid":{"rendered":"https:\/\/muvaclinares.es\/?p=473"},"modified":"2021-01-25T07:47:39","modified_gmt":"2021-01-25T07:47:39","slug":"un-paisaje-meridional-de-jose-hernandez","status":"publish","type":"post","link":"https:\/\/muvacandalucia.es\/index.php\/2021\/01\/21\/un-paisaje-meridional-de-jose-hernandez\/","title":{"rendered":"Un paisaje meridional de Jos\u00e9 Hern\u00e1ndez"},"content":{"rendered":"<p>El artista granadino comenz\u00f3 su formaci\u00f3n siendo a\u00fan un ni\u00f1o con Manuel Maldonado, artista y vecino suyo. A los quince a\u00f1os entr\u00f3 en la Escuela de Artes y Oficios de su ciudad natal donde coincidi\u00f3 con Capulino, Torres Rada y Prados L\u00f3pez.<br \/>\nEn 1956, siguiendo el consejo del artista linarense Miguel P\u00e9rez Aguilera, ingres\u00f3 en la Escuela de Bellas Artes de Sevilla. En 1957 realiz\u00f3 su primera exposici\u00f3n individual en el Liceo de Granada y en 1959, con una beca del Ayuntamiento de Granada, viaj\u00f3 a Par\u00eds.<br \/>\nEn 1960 compagina su trabajo en una editorial con sus estudios en la Escuela de Bellas Artes de San Fernando de Madrid. Una nueva beca le permiti\u00f3 viajar a Italia y, a su regreso, continu\u00f3 su formaci\u00f3n como grabador, t\u00e9cnica con la que pronto conseguir\u00eda varios premios. Becado en la Escuela de paisaje de El Paular (Segovia) obtuvo la Medalla de Oro. En 1964 concluye sus estudios de grabado y participa en la Exposici\u00f3n Nacional de Bellas Artes de ese a\u00f1o. Al a\u00f1o siguiente, gracias a una nueva beca de la Fundaci\u00f3n Juan March, regresa a Italia.<\/p>\n<p><strong>Informaci\u00f3n extra\u00edda de: AR\u00c1NEGA CASTILLA, Francisco Miguel; MANTAS FERN\u00c1NDEZ, Rafael. [Cat\u00e1logo de la Exposici\u00f3n \u201cRedescubriendo\u201d. Exposici\u00f3n del Patrimonio Pict\u00f3rico del Ayuntamiento de Linares]. Linares: Servicio de publicaciones Ayto. Linares y CEL, 2020<\/strong><\/p>\n<p>Jos\u00e9 Hern\u00e1ndez Quero (Granada, 1930)<br \/>\n<em>Tierras del Sur de Espa\u00f1a<\/em> (Segundo premio \u201cMariano de la Paz\u201d de 1970, secci\u00f3n \u00f3leos)<br \/>\n\u00d3leo sobre lienzo, 109&#215;129 cm.<\/p>\n<figure id=\"attachment_390\" aria-describedby=\"caption-attachment-390\" style=\"width: 460px\" class=\"wp-caption aligncenter\"><img decoding=\"async\" loading=\"lazy\" class=\"wp-image-390\" src=\"https:\/\/muvacandalucia.es\/wp-content\/uploads\/2021\/01\/DSC08985-scaled.jpg\" alt=\"Jos\u00e9 Hern\u00e1ndez Quero (Granada, 1930) Tierras del Sur de Espa\u00f1a (Segundo premio \u201cMariano de la Paz\u201d de 1970, secci\u00f3n \u00f3leos) \u00d3leo sobre lienzo, 109x129 cm.\" width=\"460\" height=\"390\" srcset=\"https:\/\/muvacandalucia.es\/wp-content\/uploads\/2021\/01\/DSC08985-scaled.jpg 2560w, https:\/\/muvacandalucia.es\/wp-content\/uploads\/2021\/01\/DSC08985-300x254.jpg 300w, https:\/\/muvacandalucia.es\/wp-content\/uploads\/2021\/01\/DSC08985-1024x869.jpg 1024w, https:\/\/muvacandalucia.es\/wp-content\/uploads\/2021\/01\/DSC08985-768x651.jpg 768w, https:\/\/muvacandalucia.es\/wp-content\/uploads\/2021\/01\/DSC08985-1536x1303.jpg 1536w, https:\/\/muvacandalucia.es\/wp-content\/uploads\/2021\/01\/DSC08985-2048x1737.jpg 2048w\" sizes=\"(max-width: 460px) 100vw, 460px\" \/><figcaption id=\"caption-attachment-390\" class=\"wp-caption-text\">Tierras del Sur de Espa\u00f1a<\/figcaption><\/figure>\n<h2 class=\"western\">Otras obras del mismo autor en Redescubriendo<\/h2>\n<h2 class=\"western\"><a href=\"https:\/\/muvacandalucia.es\/index.php\/2021\/01\/17\/mientras-esperan\/\">Mientras esperan<\/a><\/h2>\n<h2 class=\"western\"><\/h2>\n","protected":false},"excerpt":{"rendered":"<p>El artista granadino comenz\u00f3 su formaci\u00f3n siendo a\u00fan un ni\u00f1o con Manuel Maldonado, artista y vecino suyo. A los quince a\u00f1os entr\u00f3 en la Escuela de Artes y Oficios de&hellip;<\/p>\n","protected":false},"author":1,"featured_media":390,"comment_status":"open","ping_status":"open","sticky":false,"template":"","format":"standard","meta":[],"categories":[11],"tags":[102,97,92,14,64,37],"jetpack_featured_media_url":"https:\/\/muvacandalucia.es\/wp-content\/uploads\/2021\/01\/DSC08985-scaled.jpg","_links":{"self":[{"href":"https:\/\/muvacandalucia.es\/index.php\/wp-json\/wp\/v2\/posts\/473"}],"collection":[{"href":"https:\/\/muvacandalucia.es\/index.php\/wp-json\/wp\/v2\/posts"}],"about":[{"href":"https:\/\/muvacandalucia.es\/index.php\/wp-json\/wp\/v2\/types\/post"}],"author":[{"embeddable":true,"href":"https:\/\/muvacandalucia.es\/index.php\/wp-json\/wp\/v2\/users\/1"}],"replies":[{"embeddable":true,"href":"https:\/\/muvacandalucia.es\/index.php\/wp-json\/wp\/v2\/comments?post=473"}],"version-history":[{"count":3,"href":"https:\/\/muvacandalucia.es\/index.php\/wp-json\/wp\/v2\/posts\/473\/revisions"}],"predecessor-version":[{"id":587,"href":"https:\/\/muvacandalucia.es\/index.php\/wp-json\/wp\/v2\/posts\/473\/revisions\/587"}],"wp:featuredmedia":[{"embeddable":true,"href":"https:\/\/muvacandalucia.es\/index.php\/wp-json\/wp\/v2\/media\/390"}],"wp:attachment":[{"href":"https:\/\/muvacandalucia.es\/index.php\/wp-json\/wp\/v2\/media?parent=473"}],"wp:term":[{"taxonomy":"category","embeddable":true,"href":"https:\/\/muvacandalucia.es\/index.php\/wp-json\/wp\/v2\/categories?post=473"},{"taxonomy":"post_tag","embeddable":true,"href":"https:\/\/muvacandalucia.es\/index.php\/wp-json\/wp\/v2\/tags?post=473"}],"curies":[{"name":"wp","href":"https:\/\/api.w.org\/{rel}","templated":true}]}}