{"id":471,"date":"2021-01-21T08:08:28","date_gmt":"2021-01-21T08:08:28","guid":{"rendered":"https:\/\/muvaclinares.es\/?p=471"},"modified":"2021-04-02T16:28:48","modified_gmt":"2021-04-02T16:28:48","slug":"ingravidez-de-maria","status":"publish","type":"post","link":"https:\/\/muvacandalucia.es\/index.php\/2021\/01\/21\/ingravidez-de-maria\/","title":{"rendered":"Ingravidez de Mar\u00eda"},"content":{"rendered":"<p>Quetglas volvi\u00f3 a participar con <em>Mar\u00eda Ingr\u00e1vida<\/em>, que fue premiada con un tercer puesto en la secci\u00f3n de \u00f3leos.<br \/>\nLas pinturas de Quetglas se ubicaron en las oficinas del Ayuntamiento destinadas a Obras y Servicios.<br \/>\n<strong>BIBLIOGRAF\u00cdA<\/strong><br \/>\nVALVERDE MADRID, Jos\u00e9: \u00abComentarios a la XXIV Exposici\u00f3n Nacional de Pintura de Linares\u00bb. <em>Revista Oretania<\/em>. n\u00ba 28, 29, 30, 31, 32, 33. (enero-diciembre 1968, enero-diciembre 1969). pp. 153-159.<br \/>\nSINTES ESPASA, Guillem; ANDREU ADAME, Cristina: <em>Enciclopedia de Menorca, Historia del Arte<\/em>, tomo diecisiete. Menorca, Obra Cultural de Menorca, 2009, pp. 245-255.<br \/>\nVV.AA.: <em>Pinacoteca Municipal de Linares<\/em>. Linares, Ayuntamiento de Linares, \u00c1rea de Cultura, 1994, pp. 82 y 87.<\/p>\n<p><strong>Informaci\u00f3n extra\u00edda de: AR\u00c1NEGA CASTILLA, Francisco Miguel; MANTAS FERN\u00c1NDEZ, Rafael. [Cat\u00e1logo de la Exposici\u00f3n \u201cRedescubriendo\u201d. Exposici\u00f3n del Patrimonio Pict\u00f3rico del Ayuntamiento de Linares]. Linares: Servicio de publicaciones Ayto. Linares y CEL, 2020<\/strong><\/p>\n<p>Mat\u00edas Quetglas Benedet (Ciutadella, Menorca, 1946). <em>Mar\u00eda ingr\u00e1vida<\/em> (Tercer premio \u201cFernando Arcas\u201d de 1970, secci\u00f3n \u00f3leos). \u00d3leo sobre tabla, 80&#215;100 cm.<\/p>\n<figure id=\"attachment_396\" aria-describedby=\"caption-attachment-396\" style=\"width: 460px\" class=\"wp-caption aligncenter\"><img decoding=\"async\" loading=\"lazy\" class=\"wp-image-396\" src=\"https:\/\/muvacandalucia.es\/wp-content\/uploads\/2021\/01\/DSC08998-scaled.jpg\" alt=\"Mat\u00edas Quetglas Benedet (Ciutadella, Menorca, 1946) Mar\u00eda ingr\u00e1vida (Tercer premio \u201cFernando Arcas\u201d de 1970, secci\u00f3n \u00f3leos) \u00d3leo sobre tabla, 80x100 cm.\" width=\"460\" height=\"368\" srcset=\"https:\/\/muvacandalucia.es\/wp-content\/uploads\/2021\/01\/DSC08998-scaled.jpg 2560w, https:\/\/muvacandalucia.es\/wp-content\/uploads\/2021\/01\/DSC08998-300x240.jpg 300w, https:\/\/muvacandalucia.es\/wp-content\/uploads\/2021\/01\/DSC08998-1024x819.jpg 1024w, https:\/\/muvacandalucia.es\/wp-content\/uploads\/2021\/01\/DSC08998-768x614.jpg 768w, https:\/\/muvacandalucia.es\/wp-content\/uploads\/2021\/01\/DSC08998-1536x1228.jpg 1536w, https:\/\/muvacandalucia.es\/wp-content\/uploads\/2021\/01\/DSC08998-2048x1638.jpg 2048w\" sizes=\"(max-width: 460px) 100vw, 460px\" \/><figcaption id=\"caption-attachment-396\" class=\"wp-caption-text\">Mar\u00eda ingr\u00e1vida<\/figcaption><\/figure>\n<h2 class=\"western\">Otras obras del mismo autor en Redescubriendo<\/h2>\n<h2 class=\"western\"><a href=\"https:\/\/muvacandalucia.es\/index.php\/2021\/01\/21\/maria-en-los-limites-del-neorrealismo\/\">Mar\u00eda en los l\u00edmites del Neorrealismo<\/a><\/h2>\n","protected":false},"excerpt":{"rendered":"<p>Quetglas volvi\u00f3 a participar con Mar\u00eda Ingr\u00e1vida, que fue premiada con un tercer puesto en la secci\u00f3n de \u00f3leos. Las pinturas de Quetglas se ubicaron en las oficinas del Ayuntamiento&hellip;<\/p>\n","protected":false},"author":1,"featured_media":396,"comment_status":"open","ping_status":"open","sticky":false,"template":"","format":"standard","meta":[],"categories":[11],"tags":[46,97,100,98,99,101,64,37],"jetpack_featured_media_url":"https:\/\/muvacandalucia.es\/wp-content\/uploads\/2021\/01\/DSC08998-scaled.jpg","_links":{"self":[{"href":"https:\/\/muvacandalucia.es\/index.php\/wp-json\/wp\/v2\/posts\/471"}],"collection":[{"href":"https:\/\/muvacandalucia.es\/index.php\/wp-json\/wp\/v2\/posts"}],"about":[{"href":"https:\/\/muvacandalucia.es\/index.php\/wp-json\/wp\/v2\/types\/post"}],"author":[{"embeddable":true,"href":"https:\/\/muvacandalucia.es\/index.php\/wp-json\/wp\/v2\/users\/1"}],"replies":[{"embeddable":true,"href":"https:\/\/muvacandalucia.es\/index.php\/wp-json\/wp\/v2\/comments?post=471"}],"version-history":[{"count":2,"href":"https:\/\/muvacandalucia.es\/index.php\/wp-json\/wp\/v2\/posts\/471\/revisions"}],"predecessor-version":[{"id":601,"href":"https:\/\/muvacandalucia.es\/index.php\/wp-json\/wp\/v2\/posts\/471\/revisions\/601"}],"wp:featuredmedia":[{"embeddable":true,"href":"https:\/\/muvacandalucia.es\/index.php\/wp-json\/wp\/v2\/media\/396"}],"wp:attachment":[{"href":"https:\/\/muvacandalucia.es\/index.php\/wp-json\/wp\/v2\/media?parent=471"}],"wp:term":[{"taxonomy":"category","embeddable":true,"href":"https:\/\/muvacandalucia.es\/index.php\/wp-json\/wp\/v2\/categories?post=471"},{"taxonomy":"post_tag","embeddable":true,"href":"https:\/\/muvacandalucia.es\/index.php\/wp-json\/wp\/v2\/tags?post=471"}],"curies":[{"name":"wp","href":"https:\/\/api.w.org\/{rel}","templated":true}]}}