{"id":457,"date":"2021-01-21T07:25:41","date_gmt":"2021-01-21T07:25:41","guid":{"rendered":"https:\/\/muvaclinares.es\/?p=457"},"modified":"2021-01-25T08:12:27","modified_gmt":"2021-01-25T08:12:27","slug":"marcelo-gongora-y-su-vista-de-ubeda","status":"publish","type":"post","link":"https:\/\/muvacandalucia.es\/index.php\/2021\/01\/21\/marcelo-gongora-y-su-vista-de-ubeda\/","title":{"rendered":"Y Marcelo G\u00f3ngora nos trajo su Composici\u00f3n"},"content":{"rendered":"<p>Se trata de un polifac\u00e9tico artista que desarroll\u00f3 varias disciplinas como la pintura, la escultura y la fotograf\u00eda. Adem\u00e1s de su lugar de residencia, la ciudad de \u00dabeda fue una inagotable fuente de inspiraci\u00f3n de sus obras a la hora de inmortalizar la cotidianidad de su d\u00eda a d\u00eda, aunque sin olvidar las continuas e inevitables ausencias que se producen con el paso del tiempo y que quedan ancladas en el recuerdo del pasado. Marcelo G\u00f3ngora es un artista \u00edntimo al que le interesaba dar a conocer sus experiencias.<br \/>\nSu formaci\u00f3n discurre entre la Escuela de Artes Aplicadas y Oficios Art\u00edsticos de \u00dabeda bajo las ense\u00f1anzas del pintor Domingo Molina S\u00e1nchez, y en el taller del escultor Francisco Palma Burgos, de quien adquiere el conocimiento para realizar esculturas en piedra, barro y madera.<br \/>\nLa producci\u00f3n pict\u00f3rica de Marcelo G\u00f3ngora Ramos se enmarca dentro del realismo m\u00e1gico, mientras que la escult\u00f3rica se acerca m\u00e1s a tendencias hiperrealistas, cuyos objetos aparecen representados de forma casi fotogr\u00e1fica, pero presentados con un halo que lo distancian y lo hacen diferente de la propia realidad, como sucede en <em>Mi madre<\/em> (1995). Adem\u00e1s de ello, entre su producci\u00f3n escult\u00f3rica se hallan obras variadas como &#8220;la bailarina&#8221; del Teatro Darymelia de Ja\u00e9n (1998), el &#8220;San Juan de la Cruz&#8221; de la iglesia de los Carmelitas Descalzos de \u00dabeda (1971) o el grupo escult\u00f3rico del &#8220;Descendimiento de Cristo&#8221; de \u00dabeda (2005).<br \/>\nLa pintura de Marcelo G\u00f3ngora muestra un mundo de im\u00e1genes l\u00edricas que mezclan lo verdadero y lo so\u00f1ado, creando un fuerte impacto sensorial en el espectador que le hacen estar confuso ante la falta de referencias que le decante hacia una realidad u otra. En esta misma clave est\u00e1 planteado <em>Composici\u00f3n<\/em> 1976, un cuadro reconocido en XXX Exposici\u00f3n Nacional de Pintura de Linares de 1977 con el segundo premio \u201cFernando Arcas\u201d. En la tela vemos las vaporosas figuras de tres j\u00f3venes, que en determinadas<br \/>\nzonas se desvanecen dejando entrever la pared del fondo a trav\u00e9s de ellos. Esta misteriosa escena, resulta inquietante por el hecho de que los personajes no muestran su rostro, ya que el encuadre de la composici\u00f3n se cierra a la altura de sus hombros, dejando su identidad en el anonimato. Sin embargo, Marcelo G\u00f3ngora aporta informaci\u00f3n de sus vivencias a trav\u00e9s de la fotograf\u00eda enmarcada que tiene<br \/>\nuno de los retratados. De esta forma el autor lleva al espectador a conocer parte de su pasado, pero sin perder de vista su realidad presente, a trav\u00e9s de una experiencia enso\u00f1ada.<\/p>\n<!--[if lt IE 9]><script>document.createElement('audio');<\/script><![endif]-->\n<audio class=\"wp-audio-shortcode\" id=\"audio-457-1\" preload=\"none\" style=\"width: 100%;\" controls=\"controls\"><source type=\"audio\/mpeg\" src=\"https:\/\/muvacandalucia.es\/wp-content\/uploads\/2021\/01\/88-redescubriendo-.m4a?_=1\" \/><a href=\"https:\/\/muvacandalucia.es\/wp-content\/uploads\/2021\/01\/88-redescubriendo-.m4a\">https:\/\/muvacandalucia.es\/wp-content\/uploads\/2021\/01\/88-redescubriendo-.m4a<\/a><\/audio>\n<p><strong>Informaci\u00f3n extra\u00edda de: AR\u00c1NEGA CASTILLA, Francisco Miguel; MANTAS FERN\u00c1NDEZ, Rafael. [Cat\u00e1logo de la Exposici\u00f3n \u201cRedescubriendo\u201d. Exposici\u00f3n del Patrimonio Pict\u00f3rico del Ayuntamiento de Linares]. Linares: Servicio de publicaciones Ayto. Linares y CEL, 2020<\/strong><\/p>\n<p>Marcelo G\u00f3ngora Ramos (\u00dabeda, 1940-2014) <em>Composici\u00f3n<\/em> 1976 (Segundo premio \u201cFernando Arcas\u201d de 1977, secci\u00f3n \u00f3leos) \u00d3leo sobre lienzo, 125&#215;170 cm.<\/p>\n<figure id=\"attachment_378\" aria-describedby=\"caption-attachment-378\" style=\"width: 460px\" class=\"wp-caption aligncenter\"><img decoding=\"async\" loading=\"lazy\" class=\"wp-image-378\" src=\"https:\/\/muvacandalucia.es\/wp-content\/uploads\/2021\/01\/DSC08956-scaled.jpg\" alt=\"Marcelo G\u00f3ngora Ramos (\u00dabeda, 1940-2014) Composici\u00f3n 1976 (Segundo premio \u201cFernando Arcas\u201d de 1977, secci\u00f3n \u00f3leos) \u00d3leo sobre lienzo, 125x170 cm.\" width=\"460\" height=\"341\" srcset=\"https:\/\/muvacandalucia.es\/wp-content\/uploads\/2021\/01\/DSC08956-scaled.jpg 2560w, https:\/\/muvacandalucia.es\/wp-content\/uploads\/2021\/01\/DSC08956-300x222.jpg 300w, https:\/\/muvacandalucia.es\/wp-content\/uploads\/2021\/01\/DSC08956-1024x759.jpg 1024w, https:\/\/muvacandalucia.es\/wp-content\/uploads\/2021\/01\/DSC08956-768x570.jpg 768w, https:\/\/muvacandalucia.es\/wp-content\/uploads\/2021\/01\/DSC08956-1536x1139.jpg 1536w, https:\/\/muvacandalucia.es\/wp-content\/uploads\/2021\/01\/DSC08956-2048x1519.jpg 2048w\" sizes=\"(max-width: 460px) 100vw, 460px\" \/><figcaption id=\"caption-attachment-378\" class=\"wp-caption-text\">Composici\u00f3n<\/figcaption><\/figure>\n<h2 class=\"entry-title\"><a title=\"Permalink to Una vista del \u00dabeda de Marcelo\" href=\"https:\/\/muvacandalucia.es\/index.php\/2021\/01\/16\/la-vista-del-ubeda-de-marcelo-gongora\/\">Una vista del \u00dabeda de Marcelo<\/a><\/h2>\n<p>&nbsp;<\/p>\n","protected":false},"excerpt":{"rendered":"<p>Se trata de un polifac\u00e9tico artista que desarroll\u00f3 varias disciplinas como la pintura, la escultura y la fotograf\u00eda. Adem\u00e1s de su lugar de residencia, la ciudad de \u00dabeda fue una&hellip;<\/p>\n","protected":false},"author":1,"featured_media":378,"comment_status":"open","ping_status":"open","sticky":false,"template":"","format":"standard","meta":[],"categories":[11],"tags":[76,54,78,64,37,77],"jetpack_featured_media_url":"https:\/\/muvacandalucia.es\/wp-content\/uploads\/2021\/01\/DSC08956-scaled.jpg","_links":{"self":[{"href":"https:\/\/muvacandalucia.es\/index.php\/wp-json\/wp\/v2\/posts\/457"}],"collection":[{"href":"https:\/\/muvacandalucia.es\/index.php\/wp-json\/wp\/v2\/posts"}],"about":[{"href":"https:\/\/muvacandalucia.es\/index.php\/wp-json\/wp\/v2\/types\/post"}],"author":[{"embeddable":true,"href":"https:\/\/muvacandalucia.es\/index.php\/wp-json\/wp\/v2\/users\/1"}],"replies":[{"embeddable":true,"href":"https:\/\/muvacandalucia.es\/index.php\/wp-json\/wp\/v2\/comments?post=457"}],"version-history":[{"count":7,"href":"https:\/\/muvacandalucia.es\/index.php\/wp-json\/wp\/v2\/posts\/457\/revisions"}],"predecessor-version":[{"id":598,"href":"https:\/\/muvacandalucia.es\/index.php\/wp-json\/wp\/v2\/posts\/457\/revisions\/598"}],"wp:featuredmedia":[{"embeddable":true,"href":"https:\/\/muvacandalucia.es\/index.php\/wp-json\/wp\/v2\/media\/378"}],"wp:attachment":[{"href":"https:\/\/muvacandalucia.es\/index.php\/wp-json\/wp\/v2\/media?parent=457"}],"wp:term":[{"taxonomy":"category","embeddable":true,"href":"https:\/\/muvacandalucia.es\/index.php\/wp-json\/wp\/v2\/categories?post=457"},{"taxonomy":"post_tag","embeddable":true,"href":"https:\/\/muvacandalucia.es\/index.php\/wp-json\/wp\/v2\/tags?post=457"}],"curies":[{"name":"wp","href":"https:\/\/api.w.org\/{rel}","templated":true}]}}