{"id":451,"date":"2021-01-17T06:01:17","date_gmt":"2021-01-17T06:01:17","guid":{"rendered":"https:\/\/muvaclinares.es\/?p=451"},"modified":"2021-01-25T07:48:44","modified_gmt":"2021-01-25T07:48:44","slug":"mientras-esperan","status":"publish","type":"post","link":"https:\/\/muvacandalucia.es\/index.php\/2021\/01\/17\/mientras-esperan\/","title":{"rendered":"Mientras esperan"},"content":{"rendered":"<p>Hern\u00e1ndez Quero particip\u00f3 en varias exposiciones de\u00a0 Bellas Artes de Linares, en 1955 present\u00f3 Invierno, <em>Patio de la Sultana<\/em> (Generalife) y <em>Primavera blanca<\/em>; en 1959 lo\u00a0 hizo con <em>Ni\u00f1o gris con globo<\/em>, <em>Joven m\u00fasico y Ni\u00f1os<\/em> en la puerta, este \u00faltimo galardonado con diploma; en 1961 con <em>Religiosa<\/em>; y en 1966 con <em>Cesta en la ventana<\/em>. Desde 1968 son comunes sus cuadros de paisajes y se present\u00f3 al concurso de este a\u00f1o con <em>Figura con Paisaje y Campo<\/em>.<br \/>\nLa tem\u00e1tica paisaj\u00edstica fue la que utiliz\u00f3 en <em>Tierras del Sur de Espa\u00f1a<\/em>, galardonada con el segundo premio Mariano de la Paz en la XXV Exposici\u00f3n de Pintura de Linares de 1970. Meses antes hab\u00eda obtenido la C\u00e1tedra de Dibujo Art\u00edstico de la Escuela de Artes y Oficios de Madrid.<br \/>\nVolvi\u00f3 a participar en las ediciones de 1971, ganando el segundo Premio &#8220;Mariano de la Paz\u201d con <em>Visita al estudio<\/em>, y 1972 con <em>Tierras de Ja\u00e9n<\/em>, siendo esta su \u00faltima participaci\u00f3n en el concurso de Linares.<br \/>\n<strong>BIBLIOGRAF\u00cdA<\/strong><br \/>\nLAFUENTE FERRARI, Enrique (coord.): <em>Hern\u00e1ndez Quer: Obra gr\u00e1fica. Macarena<\/em>. Granada: Copartgraf, Sociedad<br \/>\nCooperativa M, 1980.<br \/>\nMONTEJANO MONTERO, Isabel: <em>La Granada de Hern\u00e1ndez Quero y otros temas<\/em>. Granada: Editorial Don Quijote, 1983.<br \/>\nVV.AA.: <em>Pinacoteca Municipal de Linares<\/em>. Linares, Ayuntamiento de Linares, \u00c1rea de Cultura, 1994, pp. 86 y 90.<\/p>\n<p><strong>Informaci\u00f3n extra\u00edda de: AR\u00c1NEGA CASTILLA, Francisco Miguel; MANTAS FERN\u00c1NDEZ, Rafael. [Cat\u00e1logo de la Exposici\u00f3n \u201cRedescubriendo\u201d. Exposici\u00f3n del Patrimonio Pict\u00f3rico del Ayuntamiento de Linares]. Linares: Servicio de publicaciones Ayto. Linares y CEL, 2020<\/strong><\/p>\n<p>Jos\u00e9 Hern\u00e1ndez Quero (Granada, 1930)<br \/>\nVisita al estudio (Segundo premio \u201cMariano de la Paz\u201d de 1971, secci\u00f3n \u00f3leos)<br \/>\n\u00d3leo sobre lienzo, 110&#215;130 cm.<\/p>\n<figure id=\"attachment_382\" aria-describedby=\"caption-attachment-382\" style=\"width: 450px\" class=\"wp-caption aligncenter\"><img decoding=\"async\" loading=\"lazy\" class=\"wp-image-382\" src=\"https:\/\/muvacandalucia.es\/wp-content\/uploads\/2021\/01\/DSC08964-scaled.jpg\" alt=\"Jos\u00e9 Hern\u00e1ndez Quero (Granada, 1930) Visita al estudio (Segundo premio \u201cMariano de la Paz\u201d de 1971, secci\u00f3n \u00f3leos) \u00d3leo sobre lienzo, 110x130 cm.\" width=\"450\" height=\"381\" srcset=\"https:\/\/muvacandalucia.es\/wp-content\/uploads\/2021\/01\/DSC08964-scaled.jpg 2560w, https:\/\/muvacandalucia.es\/wp-content\/uploads\/2021\/01\/DSC08964-300x254.jpg 300w, https:\/\/muvacandalucia.es\/wp-content\/uploads\/2021\/01\/DSC08964-1024x868.jpg 1024w, https:\/\/muvacandalucia.es\/wp-content\/uploads\/2021\/01\/DSC08964-768x651.jpg 768w, https:\/\/muvacandalucia.es\/wp-content\/uploads\/2021\/01\/DSC08964-1536x1301.jpg 1536w, https:\/\/muvacandalucia.es\/wp-content\/uploads\/2021\/01\/DSC08964-2048x1735.jpg 2048w\" sizes=\"(max-width: 450px) 100vw, 450px\" \/><figcaption id=\"caption-attachment-382\" class=\"wp-caption-text\">Visita al estudio<\/figcaption><\/figure>\n<h2 class=\"western\">Otras obras del mismo autor en Redescubriendo<\/h2>\n<h2 class=\"western\"><a href=\"https:\/\/muvacandalucia.es\/index.php\/2021\/01\/21\/un-paisaje-meridional-de-jose-hernandez\/\">Un paisaje meridional de Jos\u00e9 Hern\u00e1ndez<\/a><\/h2>\n","protected":false},"excerpt":{"rendered":"<p>Hern\u00e1ndez Quero particip\u00f3 en varias exposiciones de\u00a0 Bellas Artes de Linares, en 1955 present\u00f3 Invierno, Patio de la Sultana (Generalife) y Primavera blanca; en 1959 lo\u00a0 hizo con Ni\u00f1o gris&hellip;<\/p>\n","protected":false},"author":1,"featured_media":382,"comment_status":"open","ping_status":"open","sticky":false,"template":"","format":"standard","meta":[],"categories":[11],"tags":[93,74,92,64,37,94],"jetpack_featured_media_url":"https:\/\/muvacandalucia.es\/wp-content\/uploads\/2021\/01\/DSC08964-scaled.jpg","_links":{"self":[{"href":"https:\/\/muvacandalucia.es\/index.php\/wp-json\/wp\/v2\/posts\/451"}],"collection":[{"href":"https:\/\/muvacandalucia.es\/index.php\/wp-json\/wp\/v2\/posts"}],"about":[{"href":"https:\/\/muvacandalucia.es\/index.php\/wp-json\/wp\/v2\/types\/post"}],"author":[{"embeddable":true,"href":"https:\/\/muvacandalucia.es\/index.php\/wp-json\/wp\/v2\/users\/1"}],"replies":[{"embeddable":true,"href":"https:\/\/muvacandalucia.es\/index.php\/wp-json\/wp\/v2\/comments?post=451"}],"version-history":[{"count":6,"href":"https:\/\/muvacandalucia.es\/index.php\/wp-json\/wp\/v2\/posts\/451\/revisions"}],"predecessor-version":[{"id":588,"href":"https:\/\/muvacandalucia.es\/index.php\/wp-json\/wp\/v2\/posts\/451\/revisions\/588"}],"wp:featuredmedia":[{"embeddable":true,"href":"https:\/\/muvacandalucia.es\/index.php\/wp-json\/wp\/v2\/media\/382"}],"wp:attachment":[{"href":"https:\/\/muvacandalucia.es\/index.php\/wp-json\/wp\/v2\/media?parent=451"}],"wp:term":[{"taxonomy":"category","embeddable":true,"href":"https:\/\/muvacandalucia.es\/index.php\/wp-json\/wp\/v2\/categories?post=451"},{"taxonomy":"post_tag","embeddable":true,"href":"https:\/\/muvacandalucia.es\/index.php\/wp-json\/wp\/v2\/tags?post=451"}],"curies":[{"name":"wp","href":"https:\/\/api.w.org\/{rel}","templated":true}]}}