{"id":440,"date":"2021-01-16T08:25:42","date_gmt":"2021-01-16T08:25:42","guid":{"rendered":"https:\/\/muvaclinares.es\/?p=440"},"modified":"2021-03-13T06:07:18","modified_gmt":"2021-03-13T06:07:18","slug":"sala-gourmet-cazorla-espacio-de-arte","status":"publish","type":"post","link":"https:\/\/muvacandalucia.es\/index.php\/2021\/01\/16\/sala-gourmet-cazorla-espacio-de-arte\/","title":{"rendered":"Sala Gourmet Cazorla &#8220;Espacio de Arte&#8221;"},"content":{"rendered":"<p align=\"JUSTIFY\"><span style=\"color: #000000;\"><span style=\"font-family: Times New Roman, serif;\"><span style=\"font-size: medium;\">Las instalaciones del \u201cEspacio de Arte Gourmet Cazorla\u201d situado en la Plaza de \u201cLos Rubiales\u201d, 1 de la ciudad de Linares dentro de una instalaci\u00f3n industrial privada que ha cedido de forma permanente una importante \u00e1rea de sus locales para la exhibici\u00f3n de colecciones de arte y exposiciones a las que destina m\u00e1s de 600 metros cuadrados desde el 8 de setiembre de 2016.<\/span><\/span><\/span><\/p>\n<p align=\"JUSTIFY\"><img decoding=\"async\" loading=\"lazy\" class=\"alignright size-full wp-image-443\" src=\"https:\/\/muvacandalucia.es\/wp-content\/uploads\/2021\/01\/vista-aerea-Gourmet-Cazorla.jpg\" alt=\"\" width=\"1488\" height=\"800\" srcset=\"https:\/\/muvacandalucia.es\/wp-content\/uploads\/2021\/01\/vista-aerea-Gourmet-Cazorla.jpg 1488w, https:\/\/muvacandalucia.es\/wp-content\/uploads\/2021\/01\/vista-aerea-Gourmet-Cazorla-300x161.jpg 300w, https:\/\/muvacandalucia.es\/wp-content\/uploads\/2021\/01\/vista-aerea-Gourmet-Cazorla-1024x551.jpg 1024w, https:\/\/muvacandalucia.es\/wp-content\/uploads\/2021\/01\/vista-aerea-Gourmet-Cazorla-768x413.jpg 768w\" sizes=\"(max-width: 1488px) 100vw, 1488px\" \/><\/p>\n<p align=\"JUSTIFY\"><span style=\"color: #000000;\"><span style=\"font-family: Times New Roman, serif;\"><span style=\"font-size: medium;\">El edificio, de unos veinte a\u00f1os de antig\u00fbedad, se encuentra en perfectas condiciones de conservaci\u00f3n y mantenimiento tras una reciente reforma al pasar su propiedad a manos de la empresa alimenticia Gourmet Cazorla.<\/span><\/span><\/span><\/p>\n<p align=\"JUSTIFY\"><span style=\"color: #000000;\"><span style=\"font-family: Times New Roman, serif;\"><span style=\"font-size: medium;\">Su ubicaci\u00f3n en el Pol\u00edgono Industrial de \u201cLos Jarales\u201d de Linares presenta ventajas y desventajas. El acceso, estacionamientos y visibilidad son excelentes. El \u00e1rea destinada a las exposiciones es f\u00e1cilmente accesible, di\u00e1fana y muy iluminada.<\/span><\/span><\/span><\/p>\n<p align=\"JUSTIFY\"><span style=\"color: #000000;\"><span style=\"font-family: Times New Roman, serif;\"><span style=\"font-size: medium;\">A. Discurso expositivo: <\/span><\/span><\/span><\/p>\n<p align=\"JUSTIFY\"><span style=\"color: #000000;\"><span style=\"font-family: Calibri, sans-serif;\"><span style=\"font-size: medium;\"><span style=\"font-family: Times New Roman, serif;\">El espacio expositivo adopta el estilo de \u201c<\/span><span style=\"font-family: Times New Roman, serif;\"><i>white box<\/i><\/span><span style=\"font-family: Times New Roman, serif;\">\u201d lo que proporciona al visitante una sensaci\u00f3n de cierta modernidad por adaptarse este estilo al concepto tenido por m\u00e1s \u201cactual\u201d de parte del gran p\u00fablico, al tiempo que de este modo se facilita la flexibilidad necesaria ara el cambio de exposiciones al m\u00ednimo coste y sin crear distracciones.<\/span><\/span><\/span><\/span><\/p>\n<div id='gallery-1' class='gallery galleryid-440 gallery-columns-3 gallery-size-thumbnail'><figure class='gallery-item'>\n\t\t\t<div class='gallery-icon landscape'>\n\t\t\t\t<a href='https:\/\/muvacandalucia.es\/index.php\/2021\/01\/16\/sala-gourmet-cazorla-espacio-de-arte\/img_8935\/'><img width=\"150\" height=\"150\" src=\"https:\/\/muvacandalucia.es\/wp-content\/uploads\/2021\/01\/IMG_8935-150x150.jpg\" class=\"attachment-thumbnail size-thumbnail\" alt=\"Pasillo posterior\" decoding=\"async\" loading=\"lazy\" aria-describedby=\"gallery-1-444\" \/><\/a>\n\t\t\t<\/div>\n\t\t\t\t<figcaption class='wp-caption-text gallery-caption' id='gallery-1-444'>\n\t\t\t\tPasillo posterior \n\t\t\t\t<\/figcaption><\/figure><figure class='gallery-item'>\n\t\t\t<div class='gallery-icon landscape'>\n\t\t\t\t<a href='https:\/\/muvacandalucia.es\/index.php\/2021\/01\/16\/sala-gourmet-cazorla-espacio-de-arte\/img_8936\/'><img width=\"150\" height=\"150\" src=\"https:\/\/muvacandalucia.es\/wp-content\/uploads\/2021\/01\/IMG_8936-150x150.jpg\" class=\"attachment-thumbnail size-thumbnail\" alt=\"\" decoding=\"async\" loading=\"lazy\" aria-describedby=\"gallery-1-445\" \/><\/a>\n\t\t\t<\/div>\n\t\t\t\t<figcaption class='wp-caption-text gallery-caption' id='gallery-1-445'>\n\t\t\t\tPasillo anterior\n\t\t\t\t<\/figcaption><\/figure><figure class='gallery-item'>\n\t\t\t<div class='gallery-icon landscape'>\n\t\t\t\t<a href='https:\/\/muvacandalucia.es\/index.php\/2021\/01\/16\/sala-gourmet-cazorla-espacio-de-arte\/img_8940\/'><img width=\"150\" height=\"150\" src=\"https:\/\/muvacandalucia.es\/wp-content\/uploads\/2021\/01\/IMG_8940-150x150.jpg\" class=\"attachment-thumbnail size-thumbnail\" alt=\"\" decoding=\"async\" loading=\"lazy\" aria-describedby=\"gallery-1-446\" \/><\/a>\n\t\t\t<\/div>\n\t\t\t\t<figcaption class='wp-caption-text gallery-caption' id='gallery-1-446'>\n\t\t\t\tSala principal\n\t\t\t\t<\/figcaption><\/figure><figure class='gallery-item'>\n\t\t\t<div class='gallery-icon landscape'>\n\t\t\t\t<a href='https:\/\/muvacandalucia.es\/index.php\/2021\/01\/16\/sala-gourmet-cazorla-espacio-de-arte\/img_8942\/'><img width=\"150\" height=\"150\" src=\"https:\/\/muvacandalucia.es\/wp-content\/uploads\/2021\/01\/IMG_8942-150x150.jpg\" class=\"attachment-thumbnail size-thumbnail\" alt=\"\" decoding=\"async\" loading=\"lazy\" aria-describedby=\"gallery-1-447\" \/><\/a>\n\t\t\t<\/div>\n\t\t\t\t<figcaption class='wp-caption-text gallery-caption' id='gallery-1-447'>\n\t\t\t\tSala principal 2\n\t\t\t\t<\/figcaption><\/figure><figure class='gallery-item'>\n\t\t\t<div class='gallery-icon landscape'>\n\t\t\t\t<a href='https:\/\/muvacandalucia.es\/index.php\/2021\/01\/16\/sala-gourmet-cazorla-espacio-de-arte\/img_8955\/'><img width=\"150\" height=\"150\" src=\"https:\/\/muvacandalucia.es\/wp-content\/uploads\/2021\/01\/IMG_8955-150x150.jpg\" class=\"attachment-thumbnail size-thumbnail\" alt=\"\" decoding=\"async\" loading=\"lazy\" aria-describedby=\"gallery-1-448\" \/><\/a>\n\t\t\t<\/div>\n\t\t\t\t<figcaption class='wp-caption-text gallery-caption' id='gallery-1-448'>\n\t\t\t\tVista del espacio completo desde el acceso\n\t\t\t\t<\/figcaption><\/figure>\n\t\t<\/div>\n\n<p align=\"JUSTIFY\"><span style=\"color: #000000;\"><span style=\"font-family: Times New Roman, serif;\"><span style=\"font-size: medium;\">B. Espacio expositivo: <\/span><\/span><span style=\"font-family: Calibri, sans-serif;\"><span style=\"font-size: medium;\"><span style=\"font-family: Times New Roman, serif;\">La actividad se centra en el \u00e1rea originariamente destinada a la de exposici\u00f3n de autom\u00f3viles muy iluminada por luz natural complementada por focos cenitales. De forma rectangular, el espacio es rodeado de amplias cristaleras por tres de sus lados (dos de los cuales se abren directamente al exterior y el tercero a la recepci\u00f3n desde la que recibe indirectamente la luz exterior). En el interior, varios tabiques abiertos en su parte superior para facilitar el paso de luz y ventilaci\u00f3n, encierra un rect\u00e1ngulo abierto inscrito que crea un corredor alrededor de sus muros y un espacio interior de dicha forma que deja un corredor posterior parcialmente iluminado lateralmente por la luz procedente de un amplio ventanal. con lo que se crea la superficie expositiva necesaria.<\/span><\/span><\/span><\/span><\/p>\n<p>C<span style=\"color: #000000;\"><span style=\"font-family: Times New Roman, serif;\"><span style=\"font-size: medium;\">. Contenido y tipo de bienes muebles expuestos: <\/span><\/span><\/span><\/p>\n<p align=\"JUSTIFY\"><span style=\"color: #000000;\"><span style=\"font-family: Calibri, sans-serif;\"><span style=\"font-size: medium;\"><span style=\"font-family: Times New Roman, serif;\">Las obras recogidas abarcan un amplio espectro de estilos entre <\/span><span style=\"font-family: Times New Roman, serif;\">el retrato academicista, el expresionismo, la abstracci\u00f3n o el postcubismo.<\/span><\/span><\/span><\/span><\/p>\n<p align=\"JUSTIFY\"><span style=\"color: #000000;\"><span style=\"font-family: Times New Roman, serif;\"><span style=\"font-size: medium;\">D. Montaje expositivo:<\/span><\/span><\/span><\/p>\n<p align=\"JUSTIFY\"><span style=\"color: #000000;\">\u00a0<span style=\"font-family: Calibri, sans-serif;\"><span style=\"font-size: medium;\"><span style=\"font-family: Times New Roman, serif;\">Vitrinas, iluminaci\u00f3n, cartelas, sistemas de control de temperatura y humedad, etc. <\/span><\/span><\/span><\/span><\/p>\n<ul>\n<li style=\"list-style-type: none;\">\n<ul>\n<li style=\"list-style-type: none;\">\n<ul>\n<li>\n<p align=\"JUSTIFY\"><span style=\"color: #000000;\"><span style=\"font-family: Times New Roman, serif;\"><span style=\"font-size: medium;\">Las obras penden de unos sencillos rieles que se disponen de la forma m\u00e1s convencional como es previsible en una instalaci\u00f3n destinada a alojar exposiciones temporales con el m\u00ednimo de gasto.<br \/>\n<\/span><\/span><\/span><\/p>\n<\/li>\n<li>\n<p align=\"JUSTIFY\"><span style=\"color: #000000;\"><span style=\"font-family: Times New Roman, serif;\"><span style=\"font-size: medium;\">La iluminaci\u00f3n es variada e id\u00f3nea: las partes que reciben luz natural o artficial procedente de los focos cenitales aparecen muy bien iluminadas incluso las obras expuestas en lugares alejados de los ventanales.<br \/>\n<\/span><\/span><\/span><\/p>\n<\/li>\n<li>\n<p align=\"JUSTIFY\"><span style=\"color: #000000;\"><span style=\"font-family: Times New Roman, serif;\"><span style=\"font-size: medium;\">En cuanto a la climatizaci\u00f3n, en nuestra visita no apreciamos ning\u00fan tratamiento espec\u00edfico. La temperatura ambiente era buena y no apreciamos que se estuviera siguiendo ning\u00fan protocolo espec\u00edfico para preservar las obras expuestas.<br \/>\n<\/span><\/span><\/span><\/p>\n<\/li>\n<\/ul>\n<\/li>\n<\/ul>\n<\/li>\n<\/ul>\n","protected":false},"excerpt":{"rendered":"<p>Las instalaciones del \u201cEspacio de Arte Gourmet Cazorla\u201d situado en la Plaza de \u201cLos Rubiales\u201d, 1 de la ciudad de Linares dentro de una instalaci\u00f3n industrial privada que ha cedido&hellip;<\/p>\n","protected":false},"author":1,"featured_media":441,"comment_status":"open","ping_status":"open","sticky":false,"template":"","format":"standard","meta":[],"categories":[88],"tags":[91,90,37,89],"jetpack_featured_media_url":"https:\/\/muvacandalucia.es\/wp-content\/uploads\/2021\/01\/exterior-galeria-8.jpg","_links":{"self":[{"href":"https:\/\/muvacandalucia.es\/index.php\/wp-json\/wp\/v2\/posts\/440"}],"collection":[{"href":"https:\/\/muvacandalucia.es\/index.php\/wp-json\/wp\/v2\/posts"}],"about":[{"href":"https:\/\/muvacandalucia.es\/index.php\/wp-json\/wp\/v2\/types\/post"}],"author":[{"embeddable":true,"href":"https:\/\/muvacandalucia.es\/index.php\/wp-json\/wp\/v2\/users\/1"}],"replies":[{"embeddable":true,"href":"https:\/\/muvacandalucia.es\/index.php\/wp-json\/wp\/v2\/comments?post=440"}],"version-history":[{"count":3,"href":"https:\/\/muvacandalucia.es\/index.php\/wp-json\/wp\/v2\/posts\/440\/revisions"}],"predecessor-version":[{"id":698,"href":"https:\/\/muvacandalucia.es\/index.php\/wp-json\/wp\/v2\/posts\/440\/revisions\/698"}],"wp:featuredmedia":[{"embeddable":true,"href":"https:\/\/muvacandalucia.es\/index.php\/wp-json\/wp\/v2\/media\/441"}],"wp:attachment":[{"href":"https:\/\/muvacandalucia.es\/index.php\/wp-json\/wp\/v2\/media?parent=440"}],"wp:term":[{"taxonomy":"category","embeddable":true,"href":"https:\/\/muvacandalucia.es\/index.php\/wp-json\/wp\/v2\/categories?post=440"},{"taxonomy":"post_tag","embeddable":true,"href":"https:\/\/muvacandalucia.es\/index.php\/wp-json\/wp\/v2\/tags?post=440"}],"curies":[{"name":"wp","href":"https:\/\/api.w.org\/{rel}","templated":true}]}}