{"id":437,"date":"2021-01-16T07:33:43","date_gmt":"2021-01-16T07:33:43","guid":{"rendered":"https:\/\/muvaclinares.es\/?p=437"},"modified":"2021-01-16T07:33:43","modified_gmt":"2021-01-16T07:33:43","slug":"los-toreros-en-una-realidad-deformada","status":"publish","type":"post","link":"https:\/\/muvacandalucia.es\/index.php\/2021\/01\/16\/los-toreros-en-una-realidad-deformada\/","title":{"rendered":"Los toreros en una realidad deformada"},"content":{"rendered":"<p>El artista madrile\u00f1o comenz\u00f3 a interesarse por el arte\u00a0 desde su m\u00e1s tierna infancia y entremezcla la poes\u00eda y narraci\u00f3n de historias breves con las clases de dibujo. Tras la adolescencia inici\u00f3 su formaci\u00f3n en dise\u00f1o industrial y f\u00edsica, mientras continuaba con su pasi\u00f3n hacia el arte. Con veinti\u00fan a\u00f1os se incorpora al Grupo de Delicias de Madrid, bajo la direcci\u00f3n del pintor y profesor Antonio Zarco y expone por primera vez en la muestra colectiva XIII\u00a0 Exposici\u00f3n de Arte SESA (Madrid, 1969). Al a\u00f1o siguiente, y en el mismo certamen, gan\u00f3 el tercer premio y la medalla de bronce en la secci\u00f3n de dibujo.<br \/>\nLos viajes marcaron su t\u00e9cnica y su estancia en \u00c1frica, a principios de la d\u00e9cada de los 70, le dirigieron al expresionismo figurativo y gestual. En 1973 particip\u00f3 en la XXVIII Exposici\u00f3n Nacional de Pintura de Linares, con <em>La tienda de los mu\u00f1ecos<\/em> y <em>Los Toreros<\/em>. Esta \u00faltima obra ser\u00eda galardonada con el Primer Premio \u201cCiudad de Linares\u201d.<br \/>\nEn Los Toreros parece que Rodr\u00edguez Mingorance no parte de un dibujo previo. La obra se construye a trav\u00e9s de manchas de diversas tonalidades que le permitieron deformar la realidad y expresar de forma m\u00e1s subjetiva las figuras humanas representadas. Los colores son intensos y poco a poco se van degradando. Priman los ocres, los negros y una amplia gama de grises que manchan el\u00a0 lienzo.<br \/>\nTras la exposici\u00f3n linarense se embarc\u00f3 en la gesti\u00f3n de galer\u00edas de arte como Galnova, Helio\u2019s, Liria y Aboleng y colabor\u00f3 en diversas publicaciones, cuadernos onogr\u00e1ficos que lo animaron a fundar sus propias revistas culturales como &#8220;Artesfera&#8221; en 1992, y &#8220;Espiral de las Artes&#8221;, en 1993.<br \/>\n<strong>BIBLIOGRAF\u00cdA<\/strong><br \/>\nMORALES, Antonio: \u00abGuillermo Rodr\u00edguez Mingorance\u00bb. <em>Correo del arte: revista mensual de las artes pl\u00e1sticas<\/em>. n\u00ba. 44. 1987. p.33.<br \/>\nVV.AA.: <em>Pinacoteca Municipal de Linares<\/em>. Linares, Ayuntamiento de Linares, \u00c1rea de Cultura, 1994, p. 98.<\/p>\n<p><strong>Informaci\u00f3n extra\u00edda de: AR\u00c1NEGA CASTILLA, Francisco Miguel; MANTAS FERN\u00c1NDEZ, Rafael. [Cat\u00e1logo de la Exposici\u00f3n \u201cRedescubriendo\u201d. Exposici\u00f3n del Patrimonio Pict\u00f3rico del Ayuntamiento de Linares]. Linares: Servicio de publicaciones Ayto. Linares y CEL, 2020<\/strong><\/p>\n<p>Guillermo Rodr\u00edguez Mingorance (Madrid, 1948). Los Toreros (Primer premio \u201cCiudad de Linares\u201d de 1973). \u00d3leo sobre lienzo, 80&#215;64 cm.<\/p>\n<figure id=\"attachment_366\" aria-describedby=\"caption-attachment-366\" style=\"width: 460px\" class=\"wp-caption aligncenter\"><img decoding=\"async\" loading=\"lazy\" class=\"wp-image-366\" src=\"https:\/\/muvacandalucia.es\/wp-content\/uploads\/2021\/01\/DSC08926-scaled.jpg\" alt=\"Guillermo Rodr\u00edguez Mingorance (Madrid, 1948). Los Toreros (Primer premio \u201cCiudad de Linares\u201d de 1973). \u00d3leo sobre lienzo, 80x64 cm.\" width=\"460\" height=\"563\" srcset=\"https:\/\/muvacandalucia.es\/wp-content\/uploads\/2021\/01\/DSC08926-scaled.jpg 2093w, https:\/\/muvacandalucia.es\/wp-content\/uploads\/2021\/01\/DSC08926-245x300.jpg 245w, https:\/\/muvacandalucia.es\/wp-content\/uploads\/2021\/01\/DSC08926-837x1024.jpg 837w, https:\/\/muvacandalucia.es\/wp-content\/uploads\/2021\/01\/DSC08926-768x939.jpg 768w, https:\/\/muvacandalucia.es\/wp-content\/uploads\/2021\/01\/DSC08926-1256x1536.jpg 1256w, https:\/\/muvacandalucia.es\/wp-content\/uploads\/2021\/01\/DSC08926-1675x2048.jpg 1675w\" sizes=\"(max-width: 460px) 100vw, 460px\" \/><figcaption id=\"caption-attachment-366\" class=\"wp-caption-text\">Los toreros<\/figcaption><\/figure>\n","protected":false},"excerpt":{"rendered":"<p>El artista madrile\u00f1o comenz\u00f3 a interesarse por el arte\u00a0 desde su m\u00e1s tierna infancia y entremezcla la poes\u00eda y narraci\u00f3n de historias breves con las clases de dibujo. Tras la&hellip;<\/p>\n","protected":false},"author":1,"featured_media":366,"comment_status":"open","ping_status":"open","sticky":false,"template":"","format":"standard","meta":[],"categories":[11],"tags":[86,87,85,42,64,37],"jetpack_featured_media_url":"https:\/\/muvacandalucia.es\/wp-content\/uploads\/2021\/01\/DSC08926-scaled.jpg","_links":{"self":[{"href":"https:\/\/muvacandalucia.es\/index.php\/wp-json\/wp\/v2\/posts\/437"}],"collection":[{"href":"https:\/\/muvacandalucia.es\/index.php\/wp-json\/wp\/v2\/posts"}],"about":[{"href":"https:\/\/muvacandalucia.es\/index.php\/wp-json\/wp\/v2\/types\/post"}],"author":[{"embeddable":true,"href":"https:\/\/muvacandalucia.es\/index.php\/wp-json\/wp\/v2\/users\/1"}],"replies":[{"embeddable":true,"href":"https:\/\/muvacandalucia.es\/index.php\/wp-json\/wp\/v2\/comments?post=437"}],"version-history":[{"count":2,"href":"https:\/\/muvacandalucia.es\/index.php\/wp-json\/wp\/v2\/posts\/437\/revisions"}],"predecessor-version":[{"id":439,"href":"https:\/\/muvacandalucia.es\/index.php\/wp-json\/wp\/v2\/posts\/437\/revisions\/439"}],"wp:featuredmedia":[{"embeddable":true,"href":"https:\/\/muvacandalucia.es\/index.php\/wp-json\/wp\/v2\/media\/366"}],"wp:attachment":[{"href":"https:\/\/muvacandalucia.es\/index.php\/wp-json\/wp\/v2\/media?parent=437"}],"wp:term":[{"taxonomy":"category","embeddable":true,"href":"https:\/\/muvacandalucia.es\/index.php\/wp-json\/wp\/v2\/categories?post=437"},{"taxonomy":"post_tag","embeddable":true,"href":"https:\/\/muvacandalucia.es\/index.php\/wp-json\/wp\/v2\/tags?post=437"}],"curies":[{"name":"wp","href":"https:\/\/api.w.org\/{rel}","templated":true}]}}