{"id":429,"date":"2021-01-16T06:58:21","date_gmt":"2021-01-16T06:58:21","guid":{"rendered":"https:\/\/muvaclinares.es\/?p=429"},"modified":"2021-01-25T08:18:45","modified_gmt":"2021-01-25T08:18:45","slug":"homenaje-a-los-heroes-del-3-de-mayo","status":"publish","type":"post","link":"https:\/\/muvacandalucia.es\/index.php\/2021\/01\/16\/homenaje-a-los-heroes-del-3-de-mayo\/","title":{"rendered":"Homenaje a los heroes del 3 de mayo"},"content":{"rendered":"<p>Mientras cursaba en la Escuela Superior de Bellas Artes de San Carlos de Valencia, Santiago Tirado realiz\u00f3 su primera exposici\u00f3n en el Patio de Cristales del Ayuntamiento de Linares junto con sus compa\u00f1eros, Fernando Machado Baldasano y Jos\u00e9 Ram\u00f3n Garc\u00eda Escavias de Carvajal.<br \/>\nTirado expuso trece cuadros, en los que reivindicaba su faceta de pintor expresionista. El periodista Adolfo Zorzano dijo lo siguiente de Tirado: \u201cSer\u00eda interesant\u00edsimo escribir la psicobiograf\u00eda de cada artista. Santiago Tirado es lo que m\u00e9dicamente se llama un leptos\u00f3mico, y ps\u00edquicamente un ciclot\u00edmico.<br \/>\nPrecisamente en sus cuadros quedan ambas clasificaciones reflejadas. Hipersensibilidad, sufrimiento,<br \/>\ncambios r\u00e1pidos de humor. Toda esa gama de sensaciones que pueden conducirle a ser un gran pintor:<br \/>\nLos cuadros de Santiago, los contemplados y presentados por m\u00ed, son toda una teor\u00eda de la fugacidad, libertad, sensibilidad y amor por las criaturas a las que crea o recrea. Esto en cuanto a ese exot\u00e9rico mensaje inherente al arte y sin el cual no se puede producir la obra art\u00edstica. T\u00e9cnicamente sus cuadros son maduros, de una madurez inesperada en un joven de 22 a\u00f1os. Veladuras y sobreimpresiones, color sobrio, pureza de l\u00edneas nos dan una cabal ideal de la capacidad creativa de este autor. Todo esto nos lleva a reafirmar la dicci\u00f3n bella y tranquila de Santiago. Nos impresion\u00f3 la perfecta factura de su<br \/>\nn\u00famero uno en el cat\u00e1logo: \u00abSoledad de un joven\u00bb\u201d (ZORZANO, 1972, p. 8).<\/p>\n<p><strong>Informaci\u00f3n extra\u00edda de: AR\u00c1NEGA CASTILLA, Francisco Miguel; MANTAS FERN\u00c1NDEZ, Rafael. [Cat\u00e1logo de la Exposici\u00f3n \u201cRedescubriendo\u201d. Exposici\u00f3n del Patrimonio Pict\u00f3rico del Ayuntamiento de Linares]. Linares: Servicio de publicaciones Ayto. Linares y CEL, 2020<\/strong><\/p>\n<p>Santiago Tirado Franco (Linares, 1950). <em>Recuerdos del 3 de mayo de 1808<\/em> (Primer premio \u201c<em>Ciudad de Linares&#8221;<\/em> de 1975, secci\u00f3n \u00f3leos). T\u00e9cnica mixta (\u00f3leo-collage sobre tabla), 135&#215;119 cm.<\/p>\n<figure id=\"attachment_387\" aria-describedby=\"caption-attachment-387\" style=\"width: 460px\" class=\"wp-caption aligncenter\"><img decoding=\"async\" loading=\"lazy\" class=\"wp-image-387\" src=\"https:\/\/muvacandalucia.es\/wp-content\/uploads\/2021\/01\/DSC08977-scaled.jpg\" alt=\"Santiago Tirado Franco (Linares, 1950). Recuerdos del 3 de mayo de 1808 (Primer premio \u201cCiudad de Linares de 1975, secci\u00f3n \u00f3leos). T\u00e9cnica mixta (\u00f3leo-collage sobre tabla), 135x119 cm.\" width=\"460\" height=\"532\" srcset=\"https:\/\/muvacandalucia.es\/wp-content\/uploads\/2021\/01\/DSC08977-scaled.jpg 2213w, https:\/\/muvacandalucia.es\/wp-content\/uploads\/2021\/01\/DSC08977-259x300.jpg 259w, https:\/\/muvacandalucia.es\/wp-content\/uploads\/2021\/01\/DSC08977-885x1024.jpg 885w, https:\/\/muvacandalucia.es\/wp-content\/uploads\/2021\/01\/DSC08977-768x888.jpg 768w, https:\/\/muvacandalucia.es\/wp-content\/uploads\/2021\/01\/DSC08977-1328x1536.jpg 1328w, https:\/\/muvacandalucia.es\/wp-content\/uploads\/2021\/01\/DSC08977-1770x2048.jpg 1770w\" sizes=\"(max-width: 460px) 100vw, 460px\" \/><figcaption id=\"caption-attachment-387\" class=\"wp-caption-text\">Recuerdos del 3 de mayo de 1808<\/figcaption><\/figure>\n<h2 class=\"western\">Otras obras del mismo autor en Redescubriendo<\/h2>\n<h2 class=\"western\"><a href=\"https:\/\/muvacandalucia.es\/index.php\/2021\/01\/12\/el-ajedrez-internacionaliza-el-nombre-de-linares\/\">El ajedrez internacionaliza el nombre de Linares<\/a><\/h2>\n","protected":false},"excerpt":{"rendered":"<p>Mientras cursaba en la Escuela Superior de Bellas Artes de San Carlos de Valencia, Santiago Tirado realiz\u00f3 su primera exposici\u00f3n en el Patio de Cristales del Ayuntamiento de Linares junto&hellip;<\/p>\n","protected":false},"author":1,"featured_media":387,"comment_status":"open","ping_status":"open","sticky":false,"template":"","format":"standard","meta":[],"categories":[11],"tags":[48,84,70,14,64,37,31],"jetpack_featured_media_url":"https:\/\/muvacandalucia.es\/wp-content\/uploads\/2021\/01\/DSC08977-scaled.jpg","_links":{"self":[{"href":"https:\/\/muvacandalucia.es\/index.php\/wp-json\/wp\/v2\/posts\/429"}],"collection":[{"href":"https:\/\/muvacandalucia.es\/index.php\/wp-json\/wp\/v2\/posts"}],"about":[{"href":"https:\/\/muvacandalucia.es\/index.php\/wp-json\/wp\/v2\/types\/post"}],"author":[{"embeddable":true,"href":"https:\/\/muvacandalucia.es\/index.php\/wp-json\/wp\/v2\/users\/1"}],"replies":[{"embeddable":true,"href":"https:\/\/muvacandalucia.es\/index.php\/wp-json\/wp\/v2\/comments?post=429"}],"version-history":[{"count":2,"href":"https:\/\/muvacandalucia.es\/index.php\/wp-json\/wp\/v2\/posts\/429\/revisions"}],"predecessor-version":[{"id":602,"href":"https:\/\/muvacandalucia.es\/index.php\/wp-json\/wp\/v2\/posts\/429\/revisions\/602"}],"wp:featuredmedia":[{"embeddable":true,"href":"https:\/\/muvacandalucia.es\/index.php\/wp-json\/wp\/v2\/media\/387"}],"wp:attachment":[{"href":"https:\/\/muvacandalucia.es\/index.php\/wp-json\/wp\/v2\/media?parent=429"}],"wp:term":[{"taxonomy":"category","embeddable":true,"href":"https:\/\/muvacandalucia.es\/index.php\/wp-json\/wp\/v2\/categories?post=429"},{"taxonomy":"post_tag","embeddable":true,"href":"https:\/\/muvacandalucia.es\/index.php\/wp-json\/wp\/v2\/tags?post=429"}],"curies":[{"name":"wp","href":"https:\/\/api.w.org\/{rel}","templated":true}]}}