{"id":424,"date":"2021-01-16T06:45:15","date_gmt":"2021-01-16T06:45:15","guid":{"rendered":"https:\/\/muvaclinares.es\/?p=424"},"modified":"2021-01-16T07:24:52","modified_gmt":"2021-01-16T07:24:52","slug":"el-bodegon-reconstruido","status":"publish","type":"post","link":"https:\/\/muvacandalucia.es\/index.php\/2021\/01\/16\/el-bodegon-reconstruido\/","title":{"rendered":"El bodeg\u00f3n reconstru\u00eddo"},"content":{"rendered":"<p>Nacido en Fern\u00e1n N\u00fa\u00f1ez, aunque le unen lazos familiares con la provincia giennense, Lara Hidalgo es un pintor autodidacta que en sus comienzos llev\u00f3 en sus pinceles y formas algunas reminiscencias de su maestro el escultor Manuel Caballero. Este polifac\u00e9tico artista, que desarrolla diversas disciplinas como la pintura, escultura, grabado y dise\u00f1o, est\u00e1 considerado como uno de los m\u00e1s importantes representantes del arte contempor\u00e1neo cordob\u00e9s.<br \/>\nSu trayectoria en el mundo de las exposiciones se inici\u00f3 en la ciudad de C\u00f3rdoba, Alc\u00e1zar de San Juan (Ciudad Real), y Ja\u00e9n. Entre 1976 y 1977 la corporaci\u00f3n municipal de Linares inici\u00f3 un ciclo de pintura que trajo al Patio de Cristales del Ayuntamiento a j\u00f3venes pintores, siendo uno de ellos Lara Hidalgo.<br \/>\nExpuso una muestra compuesta por dieciocho \u00f3leos y dibujos en los que la tem\u00e1tica se centraba en el llamamiento a la unidad de la humanidad, donde realiz\u00f3 una cr\u00edtica a la sociedad del momento que no lleg\u00f3 a ser bien entendida y que incluso lleg\u00f3 a molestar por sus representaciones de marginados o la ir\u00f3nica uni\u00f3n de un cuerpo de hombre con cabeza de perro, en <em>Retrat\u00f3 a Ja\u00e9n<\/em>.<br \/>\nSu pintura figurativa se centr\u00f3 en la representaci\u00f3n de figuras, objetos distorsionados cargados de un fuerte simbolismo y detallismo. La falta de color de sus obras la suple con la calidad de los objetos representados, muestra de ello es el cuadro<em> Bodeg\u00f3n de anta\u00f1o<\/em>, que fue donado en 1976 al Ayuntamiento<br \/>\npor el autor.<br \/>\n<strong>BIBLIOGRAF\u00cdA<\/strong><br \/>\nP\u00c9REZ VILLEN, \u00c1ngel Lu\u00eds: \u201cLa geometr\u00eda de Jacinto Lara\u201d. <em>Diario C\u00f3rdoba<\/em>. 2-VII-1988.<br \/>\nCASTRO MORALES, Federico; MART\u00cdN MART\u00cdN, Fernando; PER\u00c9Z VILL\u00c9N, \u00c1ngel Luis. <em>C\u00f3rdoba Arte Contempor\u00e1neo 1957-1990<\/em>. [Cat\u00e1logo de la exposici\u00f3n]. &#8211; [C\u00f3rdoba]: Consejer\u00eda de Cultura y Medio Ambiente : Caja Provincial de Ahorros de C\u00f3rdoba, Obra Cultural, D.L. 1991.<br \/>\nVV.AA.:<em> Pinacoteca Municipal de Linares<\/em>. Linares, Ayuntamiento de Linares, \u00c1rea de Cultura, 1994, p. 161.<\/p>\n<p>&nbsp;<\/p>\n<p><strong>Informaci\u00f3n extra\u00edda de: AR\u00c1NEGA CASTILLA, Francisco Miguel; MANTAS FERN\u00c1NDEZ, Rafael. [Cat\u00e1logo de la Exposici\u00f3n \u201cRedescubriendo\u201d. Exposici\u00f3n del Patrimonio Pict\u00f3rico del Ayuntamiento de Linares]. Linares: Servicio de publicaciones Ayto. Linares y CEL, 2020<\/strong><\/p>\n<p>Jacinto Lara Hidalgo (Fern\u00e1n N\u00fa\u00f1ez, C\u00f3rdoba, 1953). <em>Bodeg\u00f3n de anta\u00f1o<\/em> (Donaci\u00f3n al Excmo. Ayuntamiento de Linares en 1976). \u00d3leo sobre tabla, 53&#215;71 cm.<\/p>\n<p>&nbsp;<\/p>\n<figure id=\"attachment_367\" aria-describedby=\"caption-attachment-367\" style=\"width: 460px\" class=\"wp-caption aligncenter\"><img decoding=\"async\" loading=\"lazy\" class=\"wp-image-367\" src=\"https:\/\/muvacandalucia.es\/wp-content\/uploads\/2021\/01\/DSC08928-scaled.jpg\" alt=\"Jacinto Lara Hidalgo (Fern\u00e1n N\u00fa\u00f1ez, C\u00f3rdoba, 1953). Bodeg\u00f3n de anta\u00f1o (Donaci\u00f3n al Excmo. Ayuntamiento de Linares en 1976). \u00d3leo sobre tabla, 53x71 cm.\" width=\"460\" height=\"343\" srcset=\"https:\/\/muvacandalucia.es\/wp-content\/uploads\/2021\/01\/DSC08928-scaled.jpg 2560w, https:\/\/muvacandalucia.es\/wp-content\/uploads\/2021\/01\/DSC08928-300x224.jpg 300w, https:\/\/muvacandalucia.es\/wp-content\/uploads\/2021\/01\/DSC08928-1024x763.jpg 1024w, https:\/\/muvacandalucia.es\/wp-content\/uploads\/2021\/01\/DSC08928-768x572.jpg 768w, https:\/\/muvacandalucia.es\/wp-content\/uploads\/2021\/01\/DSC08928-1536x1144.jpg 1536w, https:\/\/muvacandalucia.es\/wp-content\/uploads\/2021\/01\/DSC08928-2048x1526.jpg 2048w\" sizes=\"(max-width: 460px) 100vw, 460px\" \/><figcaption id=\"caption-attachment-367\" class=\"wp-caption-text\">Bodeg\u00f3n de anta\u00f1o<\/figcaption><\/figure>\n","protected":false},"excerpt":{"rendered":"<p>Nacido en Fern\u00e1n N\u00fa\u00f1ez, aunque le unen lazos familiares con la provincia giennense, Lara Hidalgo es un pintor autodidacta que en sus comienzos llev\u00f3 en sus pinceles y formas algunas&hellip;<\/p>\n","protected":false},"author":1,"featured_media":367,"comment_status":"open","ping_status":"open","sticky":false,"template":"","format":"standard","meta":[],"categories":[11],"tags":[81,80,83,82,79,14,64,37],"jetpack_featured_media_url":"https:\/\/muvacandalucia.es\/wp-content\/uploads\/2021\/01\/DSC08928-scaled.jpg","_links":{"self":[{"href":"https:\/\/muvacandalucia.es\/index.php\/wp-json\/wp\/v2\/posts\/424"}],"collection":[{"href":"https:\/\/muvacandalucia.es\/index.php\/wp-json\/wp\/v2\/posts"}],"about":[{"href":"https:\/\/muvacandalucia.es\/index.php\/wp-json\/wp\/v2\/types\/post"}],"author":[{"embeddable":true,"href":"https:\/\/muvacandalucia.es\/index.php\/wp-json\/wp\/v2\/users\/1"}],"replies":[{"embeddable":true,"href":"https:\/\/muvacandalucia.es\/index.php\/wp-json\/wp\/v2\/comments?post=424"}],"version-history":[{"count":5,"href":"https:\/\/muvacandalucia.es\/index.php\/wp-json\/wp\/v2\/posts\/424\/revisions"}],"predecessor-version":[{"id":436,"href":"https:\/\/muvacandalucia.es\/index.php\/wp-json\/wp\/v2\/posts\/424\/revisions\/436"}],"wp:featuredmedia":[{"embeddable":true,"href":"https:\/\/muvacandalucia.es\/index.php\/wp-json\/wp\/v2\/media\/367"}],"wp:attachment":[{"href":"https:\/\/muvacandalucia.es\/index.php\/wp-json\/wp\/v2\/media?parent=424"}],"wp:term":[{"taxonomy":"category","embeddable":true,"href":"https:\/\/muvacandalucia.es\/index.php\/wp-json\/wp\/v2\/categories?post=424"},{"taxonomy":"post_tag","embeddable":true,"href":"https:\/\/muvacandalucia.es\/index.php\/wp-json\/wp\/v2\/tags?post=424"}],"curies":[{"name":"wp","href":"https:\/\/api.w.org\/{rel}","templated":true}]}}