{"id":422,"date":"2021-01-16T05:54:38","date_gmt":"2021-01-16T05:54:38","guid":{"rendered":"https:\/\/muvaclinares.es\/?p=422"},"modified":"2021-01-25T08:13:20","modified_gmt":"2021-01-25T08:13:20","slug":"la-vista-del-ubeda-de-marcelo-gongora","status":"publish","type":"post","link":"https:\/\/muvacandalucia.es\/index.php\/2021\/01\/16\/la-vista-del-ubeda-de-marcelo-gongora\/","title":{"rendered":"Una vista del \u00dabeda de Marcelo"},"content":{"rendered":"<p>La colecci\u00f3n pict\u00f3rica del Ayuntamiento de Linares cuenta con otros tres lienzos de Marcelo G\u00f3ngora. El primero es <em>Vista de \u00dabeda<\/em> que obtuvo el primer premio \u201cC\u00e1stulo\u201d en la XXV Exposici\u00f3n de Pintura de 1970, donde el autor regala una imagen l\u00edrica de su querida ciudad natal. <em>Anochecer<\/em> es una acuarela, galardonada con el primer premio \u201cC\u00e1stulo\u201d en 1972, que representa una vista de la Torre del Reloj de \u00dabeda. La otra es <em>Tierras<\/em>, ganadora del tercer premio \u201cMariano de la Paz\u201d en la edici\u00f3n de 1973, donde la propia materia del paisaje se mezcla con la materia pict\u00f3rica con la intenci\u00f3n de aportar volumen y verdad a la obra.<\/p>\n<p><strong>BIBLIOGRAF\u00cdA<\/strong><br \/>\nALMANSA MORENO, Jos\u00e9 Manuel; ROBLES MART\u00cdN, Juan Manuel (Coord.): <em>50 a\u00f1os de artes pl\u00e1sticas en Ja\u00e9n Creaci\u00f3n, medios y espacios (1960-2010)<\/em>. Ja\u00e9n: Instituto de Estudios Giennenses y Diputaci\u00f3n Provincial de Ja\u00e9n, 2016, pp. 234-236.<\/p>\n<p>ALMANSA MORENO, Jos\u00e9 Manuel (Coord.): Marcelo G\u00f3ngora. <em>Pintor de ausencias<\/em>. Ja\u00e9n: Diputaci\u00f3n Provincial de Ja\u00e9n, 2017.<\/p>\n<p>ANTOL\u00cdN PAZ, Mario; MORALES Y MAR\u00cdN, Jos\u00e9 Luis; RINC\u00d3N GARC\u00cdA, Wifredo (dir.): <em>Diccionario de pintores y escultores espa\u00f1oles del siglo XX<\/em>. Madrid: Forum Artis, 1994-1996. Tomo VI, p. 1719.<\/p>\n<p>VV.AA.: <em>Pinacoteca Municipal de Linares<\/em>. Linares, Ayuntamiento de Linares, \u00c1rea de Cultura, 1994, pp. 88, 97, 100 y 109.<\/p>\n<p><strong>Informaci\u00f3n extra\u00edda de: AR\u00c1NEGA CASTILLA, Francisco Miguel; MANTAS FERN\u00c1NDEZ, Rafael. [Cat\u00e1logo de la Exposici\u00f3n \u201cRedescubriendo\u201d. Exposici\u00f3n del Patrimonio Pict\u00f3rico del Ayuntamiento de Linares]. Linares: Servicio de publicaciones Ayto. Linares y CEL, 2020<\/strong><\/p>\n<p>&nbsp;<\/p>\n<p>Marcelo G\u00f3ngora Ramos (\u00dabeda, 1940-2014)<br \/>\nVista de \u00dabeda (Primer premio \u201cC\u00e1stulo\u201d de 1970, acuarela). T\u00e9cnica mixta sobre lienzo, 58&#215;70 cm.<\/p>\n<figure id=\"attachment_392\" aria-describedby=\"caption-attachment-392\" style=\"width: 460px\" class=\"wp-caption aligncenter\"><img decoding=\"async\" loading=\"lazy\" class=\"wp-image-392\" src=\"https:\/\/muvacandalucia.es\/wp-content\/uploads\/2021\/01\/DSC08989-scaled.jpg\" alt=\"Marcelo G\u00f3ngora Ramos (\u00dabeda, 1940-2014) Vista de \u00dabeda (Primer premio \u201cC\u00e1stulo\u201d de 1970, acuarela) T\u00e9cnica mixta sobre lienzo, 58x70 cm.\" width=\"460\" height=\"348\" srcset=\"https:\/\/muvacandalucia.es\/wp-content\/uploads\/2021\/01\/DSC08989-scaled.jpg 2560w, https:\/\/muvacandalucia.es\/wp-content\/uploads\/2021\/01\/DSC08989-300x227.jpg 300w, https:\/\/muvacandalucia.es\/wp-content\/uploads\/2021\/01\/DSC08989-1024x774.jpg 1024w, https:\/\/muvacandalucia.es\/wp-content\/uploads\/2021\/01\/DSC08989-768x580.jpg 768w, https:\/\/muvacandalucia.es\/wp-content\/uploads\/2021\/01\/DSC08989-1536x1161.jpg 1536w, https:\/\/muvacandalucia.es\/wp-content\/uploads\/2021\/01\/DSC08989-2048x1548.jpg 2048w\" sizes=\"(max-width: 460px) 100vw, 460px\" \/><figcaption id=\"caption-attachment-392\" class=\"wp-caption-text\">Vista de \u00fcbeda<\/figcaption><\/figure>\n<h2 class=\"western\">Otras obras del mismo autor en Redescubriendo<\/h2>\n<h2 class=\"western\"><a href=\"https:\/\/muvacandalucia.es\/index.php\/2021\/01\/21\/marcelo-gongora-y-su-vista-de-ubeda\/\">Y Marcelo G\u00f3ngora nos trajo su Composici\u00f3n<\/a><\/h2>\n","protected":false},"excerpt":{"rendered":"<p>La colecci\u00f3n pict\u00f3rica del Ayuntamiento de Linares cuenta con otros tres lienzos de Marcelo G\u00f3ngora. El primero es Vista de \u00dabeda que obtuvo el primer premio \u201cC\u00e1stulo\u201d en la XXV&hellip;<\/p>\n","protected":false},"author":1,"featured_media":392,"comment_status":"open","ping_status":"open","sticky":false,"template":"","format":"standard","meta":[],"categories":[11],"tags":[76,97,14,78,96,37,77,95],"jetpack_featured_media_url":"https:\/\/muvacandalucia.es\/wp-content\/uploads\/2021\/01\/DSC08989-scaled.jpg","_links":{"self":[{"href":"https:\/\/muvacandalucia.es\/index.php\/wp-json\/wp\/v2\/posts\/422"}],"collection":[{"href":"https:\/\/muvacandalucia.es\/index.php\/wp-json\/wp\/v2\/posts"}],"about":[{"href":"https:\/\/muvacandalucia.es\/index.php\/wp-json\/wp\/v2\/types\/post"}],"author":[{"embeddable":true,"href":"https:\/\/muvacandalucia.es\/index.php\/wp-json\/wp\/v2\/users\/1"}],"replies":[{"embeddable":true,"href":"https:\/\/muvacandalucia.es\/index.php\/wp-json\/wp\/v2\/comments?post=422"}],"version-history":[{"count":10,"href":"https:\/\/muvacandalucia.es\/index.php\/wp-json\/wp\/v2\/posts\/422\/revisions"}],"predecessor-version":[{"id":599,"href":"https:\/\/muvacandalucia.es\/index.php\/wp-json\/wp\/v2\/posts\/422\/revisions\/599"}],"wp:featuredmedia":[{"embeddable":true,"href":"https:\/\/muvacandalucia.es\/index.php\/wp-json\/wp\/v2\/media\/392"}],"wp:attachment":[{"href":"https:\/\/muvacandalucia.es\/index.php\/wp-json\/wp\/v2\/media?parent=422"}],"wp:term":[{"taxonomy":"category","embeddable":true,"href":"https:\/\/muvacandalucia.es\/index.php\/wp-json\/wp\/v2\/categories?post=422"},{"taxonomy":"post_tag","embeddable":true,"href":"https:\/\/muvacandalucia.es\/index.php\/wp-json\/wp\/v2\/tags?post=422"}],"curies":[{"name":"wp","href":"https:\/\/api.w.org\/{rel}","templated":true}]}}