{"id":418,"date":"2021-01-16T05:28:12","date_gmt":"2021-01-16T05:28:12","guid":{"rendered":"https:\/\/muvaclinares.es\/?p=418"},"modified":"2021-01-16T07:20:12","modified_gmt":"2021-01-16T07:20:12","slug":"marineros-en-oleo-y-lienzo","status":"publish","type":"post","link":"https:\/\/muvacandalucia.es\/index.php\/2021\/01\/16\/marineros-en-oleo-y-lienzo\/","title":{"rendered":"Marineros en \u00f3leo y lienzo"},"content":{"rendered":"<p>Siendo a\u00fan un ni\u00f1o, con 12 a\u00f1os, ingres\u00f3 en la Escuela de Artes y Oficios de su ciudad natal, Granada.En dicha escuela recibi\u00f3 clases de dibujo de Nicol\u00e1s Prados L\u00f3pez, uno de los renovadores de la pintura granadina de las d\u00e9cadas de los 60 y 70 del siglo pasado.<br \/>\nBecado por el Ayuntamiento de Granada realiz\u00f3 una serie de acuarelas que constituyeron su obra inicial.<br \/>\nM\u00e1s tarde se inici\u00f3 en el \u00f3leo, t\u00e9cnica en la que destac\u00f3 especialmente, aunque cultiv\u00f3 igualmente el pastel, la acuarela y el dibujo.<br \/>\nEl joven pintor comenzar\u00eda a exponer su obra y en 1959 obtuvo un premio en el VI Sal\u00f3n de Arte Juvenil en Granada. Ese reconocimiento le anim\u00f3 a marcharse a Par\u00eds, a principios de los 60, donde desarroll\u00f3 un gusto muy personal por las escenas al natural.<br \/>\nEn 1977, particip\u00f3 en la XXX Exposici\u00f3n Nacional de Pintura de Linares con Atardecer y Marinos. El concepto sensible y luminoso del color y pincelada suelta y espont\u00e1nea encandil\u00f3 al jurado que le otorg\u00f3 el tercer premio \u201cMariano de la Paz\u201d.<br \/>\nEse mismo a\u00f1o volver\u00eda a Linares para presentar una\u00a0 exposici\u00f3n en la Galer\u00eda Eduma. El periodista Mariano Antequera le dedic\u00f3 esta cr\u00f3nica: \u201cSe puede a\u00f1adir, que Ortu\u00f1o busca en su pintura profundidad y colorido, sin \u00abirse\u00bb, al chabaquismo de una ilusi\u00f3n \u00f3ptica, sus cuadros tienen esencialmente \u00abvida\u00bb y en ellos se destaca la pulcritud en el dibujo y sobre todo en los tonos\u201d (ANTEQUERA, 1977, p. 15).<br \/>\nBIBLIOGRAF\u00cdA<br \/>\nANTEQUERA, Mariano: \u00abExposici\u00f3n de \u00f3leos de Jos\u00e9\u00a0 Ortu\u00f1o\u00bb. <em>Ideal<\/em>. 21-12-1977. p. 15.<br \/>\nTAPIA, Juan Luis: \u00abOrtu\u00f1o desconocido\u00bb. <em>Ideal<\/em>. 12-12-2007. p. 57.<br \/>\nVV.AA.: <em>Pinacoteca Municipal de Linares. Linares, Ayuntamiento de Linares<\/em>, \u00c1rea de Cultura, 1994, p. 110.<\/p>\n<p><strong>Informaci\u00f3n extraida de: AR\u00c1NEGA CASTILLA, Francisco Miguel; MANTAS FERN\u00c1NDEZ, Rafael. [Cat\u00e1logo de la Exposici\u00f3n \u201cRedescubriendo\u201d. Exposici\u00f3n del Patrimonio Pict\u00f3rico del Ayuntamiento de Linares]. Linares: Servicio de publicaciones Ayto. Linares y CEL, 2020<\/strong><\/p>\n<p>Escuche el audio del texto<\/p>\n<!--[if lt IE 9]><script>document.createElement('audio');<\/script><![endif]-->\n<audio class=\"wp-audio-shortcode\" id=\"audio-418-1\" preload=\"none\" style=\"width: 100%;\" controls=\"controls\"><source type=\"audio\/mpeg\" src=\"https:\/\/muvacandalucia.es\/wp-content\/uploads\/2021\/01\/92-redescubriendo.m4a?_=1\" \/><a href=\"https:\/\/muvacandalucia.es\/wp-content\/uploads\/2021\/01\/92-redescubriendo.m4a\">https:\/\/muvacandalucia.es\/wp-content\/uploads\/2021\/01\/92-redescubriendo.m4a<\/a><\/audio>\n<p>Jos\u00e9 Ortu\u00f1o \u00dabeda (Granada, 1943 &#8211; 1999). Marinos (Tercer premio \u201cMariano de la Paz\u201d de 1977, secci\u00f3n \u00f3leos). \u00d3leos sobre lienzo, 65&#215;80 cm.<\/p>\n<figure id=\"attachment_397\" aria-describedby=\"caption-attachment-397\" style=\"width: 440px\" class=\"wp-caption aligncenter\"><img decoding=\"async\" loading=\"lazy\" class=\"wp-image-397 size-thumb-academia-slideshow\" src=\"https:\/\/muvacandalucia.es\/wp-content\/uploads\/2021\/01\/DSC09000-960x400.jpg\" alt=\"Jos\u00e9 Ortu\u00f1o \u00dabeda (Granada, 1943 - 1999). Marinos (Tercer premio \u201cMariano de la Paz\u201d de 1977, secci\u00f3n \u00f3leos). \u00d3leos sobre lienzo, 65x80 cm.\" width=\"440\" height=\"183\" \/><figcaption id=\"caption-attachment-397\" class=\"wp-caption-text\">Marinos<\/figcaption><\/figure>\n","protected":false},"excerpt":{"rendered":"<p>Siendo a\u00fan un ni\u00f1o, con 12 a\u00f1os, ingres\u00f3 en la Escuela de Artes y Oficios de su ciudad natal, Granada.En dicha escuela recibi\u00f3 clases de dibujo de Nicol\u00e1s Prados L\u00f3pez,&hellip;<\/p>\n","protected":false},"author":1,"featured_media":397,"comment_status":"open","ping_status":"open","sticky":false,"template":"","format":"standard","meta":[],"categories":[11],"tags":[73,54,74,72,71,64,37],"jetpack_featured_media_url":"https:\/\/muvacandalucia.es\/wp-content\/uploads\/2021\/01\/DSC09000-scaled.jpg","_links":{"self":[{"href":"https:\/\/muvacandalucia.es\/index.php\/wp-json\/wp\/v2\/posts\/418"}],"collection":[{"href":"https:\/\/muvacandalucia.es\/index.php\/wp-json\/wp\/v2\/posts"}],"about":[{"href":"https:\/\/muvacandalucia.es\/index.php\/wp-json\/wp\/v2\/types\/post"}],"author":[{"embeddable":true,"href":"https:\/\/muvacandalucia.es\/index.php\/wp-json\/wp\/v2\/users\/1"}],"replies":[{"embeddable":true,"href":"https:\/\/muvacandalucia.es\/index.php\/wp-json\/wp\/v2\/comments?post=418"}],"version-history":[{"count":4,"href":"https:\/\/muvacandalucia.es\/index.php\/wp-json\/wp\/v2\/posts\/418\/revisions"}],"predecessor-version":[{"id":420,"href":"https:\/\/muvacandalucia.es\/index.php\/wp-json\/wp\/v2\/posts\/418\/revisions\/420"}],"wp:featuredmedia":[{"embeddable":true,"href":"https:\/\/muvacandalucia.es\/index.php\/wp-json\/wp\/v2\/media\/397"}],"wp:attachment":[{"href":"https:\/\/muvacandalucia.es\/index.php\/wp-json\/wp\/v2\/media?parent=418"}],"wp:term":[{"taxonomy":"category","embeddable":true,"href":"https:\/\/muvacandalucia.es\/index.php\/wp-json\/wp\/v2\/categories?post=418"},{"taxonomy":"post_tag","embeddable":true,"href":"https:\/\/muvacandalucia.es\/index.php\/wp-json\/wp\/v2\/tags?post=418"}],"curies":[{"name":"wp","href":"https:\/\/api.w.org\/{rel}","templated":true}]}}