{"id":313,"date":"2021-01-14T04:48:37","date_gmt":"2021-01-14T04:48:37","guid":{"rendered":"https:\/\/muvaclinares.es\/?p=313"},"modified":"2021-01-24T17:34:06","modified_gmt":"2021-01-24T17:34:06","slug":"el-amante-austriaco-de-linares","status":"publish","type":"post","link":"https:\/\/muvacandalucia.es\/index.php\/2021\/01\/14\/el-amante-austriaco-de-linares\/","title":{"rendered":"El amante austriaco de Linares"},"content":{"rendered":"<p>[Georg Miciv Nicolaevici] naci\u00f3 en Austria, pero con cuatro a\u00f1os se traslad\u00f3 junto con su familia a Argentina. Gracias a su madre, recibi\u00f3 una buena formaci\u00f3n art\u00edstica acad\u00e9mica y musical que le llev\u00f3 a iniciar estudios de piano en el Conservatorio de La Plata. Poco tiempo despu\u00e9s lo dejar\u00eda todo para volcarse de lleno en la pintura y en los viajes, que le llevaron a recorrer todo el continente americano pintando m\u00e1s de un centenar de cuadros.<br \/>\nCon casi treinta a\u00f1os viaja por Europa y se establece en Armilla (Granada). En nuestro pa\u00eds particip\u00f3 en m\u00e1s de una treintena de exposiciones en toda Espa\u00f1a. La primera vez que expone en la provincia de Ja\u00e9n fue en Linares, el 16 de diciembre de 1976, inaugur\u00f3 en el Patio de Cristales del Ayuntamiento una exposici\u00f3n compuesta por treinta \u00f3leos y acuarelas, entre las que se encontraban diversos paisajes<br \/>\nde Granada Arag\u00f3n, M\u00e1laga y once de Linares y su\u00a0 comarca. El propiciador de esta primera exposici\u00f3n<br \/>\nfue su amigo Eduardo Palomares.<br \/>\nGeorg tuvo el honor de ser quien inaugur\u00f3, el 25 de agosto de 1977, la sala de arte Eduma, situada en la plaza de San Francisco, n\u00famero 9. Volver\u00eda a exponer en la galer\u00eda linarense en varias ocasiones. En agosto de 1979 realiz\u00f3 su \u00faltima muestra antes de marcharse a Argentina. Podr\u00edamos decir que volvi\u00f3 a Linares para exponer por \u00faltima vez en el mismo lugar donde un d\u00eda se hab\u00eda iniciado.<br \/>\nEn 1977 Georg don\u00f3 al Ayuntamiento su cuadro<em> Linarejos<\/em>, una imagen nocturna y misteriosa de una de las farolas que encontramos en el paseo de Linarejos. Georg consigue originales efectos de la luz de la luminaria que incide sobre el paisaje cercano.<br \/>\nBIBLIOGRAF\u00cdA<br \/>\nALMANSA MORENO, Jos\u00e9 Manuel; ROBLES MART\u00cdN, Juan Manuel (Coord.): <em>50 a\u00f1os de artes pl\u00e1sticas en Ja\u00e9n Creaci\u00f3n, medios y espacios (1960-2010)<\/em>. Ja\u00e9n: Instituto de Estudios Giennenses y Diputaci\u00f3n Provincial de Ja\u00e9n, 2016, p. 654.<br \/>\nVV.AA.: <em>Pinacoteca Municipal de Linares<\/em>. Linares, Ayuntamiento de Linares, \u00c1rea de Cultura, 1994, p. 163.<\/p>\n<p><strong>Informaci\u00f3n extraida de: AR\u00c1NEGA CASTILLA, Francisco Miguel; MANTAS FERN\u00c1NDEZ, Rafael. [Cat\u00e1logo de la Exposici\u00f3n \u201cRedescubriendo\u201d. Exposici\u00f3n del Patrimonio Pict\u00f3rico del Ayuntamiento de Linares]. Linares: Servicio de publicaciones Ayto. Linares y CEL, 2020<\/strong><\/p>\n<p>Escuche el audio del texto<\/p>\n<!--[if lt IE 9]><script>document.createElement('audio');<\/script><![endif]-->\n<audio class=\"wp-audio-shortcode\" id=\"audio-313-1\" preload=\"none\" style=\"width: 100%;\" controls=\"controls\"><source type=\"audio\/mpeg\" src=\"https:\/\/muvacandalucia.es\/wp-content\/uploads\/2021\/01\/94-redescubriendo-.m4a?_=1\" \/><a href=\"https:\/\/muvacandalucia.es\/wp-content\/uploads\/2021\/01\/94-redescubriendo-.m4a\">https:\/\/muvacandalucia.es\/wp-content\/uploads\/2021\/01\/94-redescubriendo-.m4a<\/a><\/audio>\n<p>Georg Miciv Nicolaevici (Bludenz, 1946). <em>Linarejos<\/em> (Donaci\u00f3n al Excmo. Ayuntamiento de Linares en 1977). \u00d3leo sobre lienzo, 60 x 50 cm.<\/p>\n<figure id=\"attachment_400\" aria-describedby=\"caption-attachment-400\" style=\"width: 460px\" class=\"wp-caption aligncenter\"><img decoding=\"async\" loading=\"lazy\" class=\"wp-image-400\" src=\"https:\/\/muvacandalucia.es\/wp-content\/uploads\/2021\/01\/DSC09209-e1611503974596.jpg\" alt=\"Georg Miciv Nicolaevici (Bludenz, 1946). Linarejos (Donaci\u00f3n al Excmo. Ayuntamiento de Linares en 1977) \u00d3leo sobre lienzo, 60 x 50 cm.\" width=\"460\" height=\"564\" \/><figcaption id=\"caption-attachment-400\" class=\"wp-caption-text\">Linarejos<\/figcaption><\/figure>\n","protected":false},"excerpt":{"rendered":"<p>[Georg Miciv Nicolaevici] naci\u00f3 en Austria, pero con cuatro a\u00f1os se traslad\u00f3 junto con su familia a Argentina. Gracias a su madre, recibi\u00f3 una buena formaci\u00f3n art\u00edstica acad\u00e9mica y musical&hellip;<\/p>\n","protected":false},"author":1,"featured_media":400,"comment_status":"open","ping_status":"open","sticky":false,"template":"","format":"standard","meta":[],"categories":[11],"tags":[46,54,55,53,66,56,14,64,37],"jetpack_featured_media_url":"https:\/\/muvacandalucia.es\/wp-content\/uploads\/2021\/01\/DSC09209-e1611503974596.jpg","_links":{"self":[{"href":"https:\/\/muvacandalucia.es\/index.php\/wp-json\/wp\/v2\/posts\/313"}],"collection":[{"href":"https:\/\/muvacandalucia.es\/index.php\/wp-json\/wp\/v2\/posts"}],"about":[{"href":"https:\/\/muvacandalucia.es\/index.php\/wp-json\/wp\/v2\/types\/post"}],"author":[{"embeddable":true,"href":"https:\/\/muvacandalucia.es\/index.php\/wp-json\/wp\/v2\/users\/1"}],"replies":[{"embeddable":true,"href":"https:\/\/muvacandalucia.es\/index.php\/wp-json\/wp\/v2\/comments?post=313"}],"version-history":[{"count":7,"href":"https:\/\/muvacandalucia.es\/index.php\/wp-json\/wp\/v2\/posts\/313\/revisions"}],"predecessor-version":[{"id":569,"href":"https:\/\/muvacandalucia.es\/index.php\/wp-json\/wp\/v2\/posts\/313\/revisions\/569"}],"wp:featuredmedia":[{"embeddable":true,"href":"https:\/\/muvacandalucia.es\/index.php\/wp-json\/wp\/v2\/media\/400"}],"wp:attachment":[{"href":"https:\/\/muvacandalucia.es\/index.php\/wp-json\/wp\/v2\/media?parent=313"}],"wp:term":[{"taxonomy":"category","embeddable":true,"href":"https:\/\/muvacandalucia.es\/index.php\/wp-json\/wp\/v2\/categories?post=313"},{"taxonomy":"post_tag","embeddable":true,"href":"https:\/\/muvacandalucia.es\/index.php\/wp-json\/wp\/v2\/tags?post=313"}],"curies":[{"name":"wp","href":"https:\/\/api.w.org\/{rel}","templated":true}]}}