{"id":310,"date":"2021-01-14T04:56:29","date_gmt":"2021-01-14T04:56:29","guid":{"rendered":"https:\/\/muvaclinares.es\/?p=310"},"modified":"2021-01-25T07:56:46","modified_gmt":"2021-01-25T07:56:46","slug":"el-regreso-de-brazam","status":"publish","type":"post","link":"https:\/\/muvacandalucia.es\/index.php\/2021\/01\/14\/el-regreso-de-brazam\/","title":{"rendered":"El regreso de &#8220;Brazam&#8221;"},"content":{"rendered":"<p>La exploraci\u00f3n de la figuraci\u00f3n a la abstracci\u00f3n alcanza su m\u00e1xima expresi\u00f3n en <em>Sin lema II<\/em>, primer premio \u201cCiudad de Linares\u201d en la secci\u00f3n \u00f3leos de 1979. En este \u00f3leo-collage sobre lienzo las formas y el color son las aut\u00e9nticas protagonistas de la exploraci\u00f3n pl\u00e1stica y t\u00e9cnica de esta obra que definen perfectamente el esp\u00edritu inquieto de &#8220;Brazam&#8221;.<br \/>\n<strong>BIBLIOGRAF\u00cdA<\/strong><br \/>\nAR\u00c1NEGA CASTILLA, Francisco Miguel; MANTAS FERN\u00c1NDEZ, Rafael: \u00abExposiciones de Bellas Artes en Linares, 1942-1957. Historia de la actividad expositiva y su repercusi\u00f3n\u00bb. <em>Siete esquinas<\/em>, n\u00ba 7. Linares: Centro de Estudios Linarenses, 2014, pp. 31-62.<br \/>\nPALOMO, Bernardo: \u00abJuan Manuel Brazam: la historia eterna de la gran pintura abstracta\u00bb. Ideal. 09-07- 2020.<br \/>\nVV.AA.: Brazam. [Cat\u00e1logo de exposici\u00f3n, del 9 al 31 de octubre de 1981]. Ja\u00e9n: Diputaci\u00f3n Provincial de Ja\u00e9n, 1981.<br \/>\nVV.AA.: <em>Pinacoteca Municipal de Linares.<\/em> Linares, Ayuntamiento de Linares, \u00c1rea de Cultura, 1994, pp. 68, 72, 75 y 112.<br \/>\n<strong>Informaci\u00f3n extraida de: AR\u00c1NEGA CASTILLA, Francisco Miguel; MANTAS FERN\u00c1NDEZ, Rafael. [Cat\u00e1logo de la Exposici\u00f3n &#8220;Redescubriendo&#8221;. Exposici\u00f3n del Patrimonio Pict\u00f3rico del Ayuntamiento de Linares]. Linares: Servicio de publicaciones Ayto. Linares y CEL, 2020<\/strong><\/p>\n<!--[if lt IE 9]><script>document.createElement('audio');<\/script><![endif]-->\n<audio class=\"wp-audio-shortcode\" id=\"audio-310-1\" preload=\"none\" style=\"width: 100%;\" controls=\"controls\"><source type=\"audio\/mpeg\" src=\"https:\/\/muvacandalucia.es\/wp-content\/uploads\/2021\/01\/96-redescubriendo-.m4a?_=1\" \/><a href=\"https:\/\/muvacandalucia.es\/wp-content\/uploads\/2021\/01\/96-redescubriendo-.m4a\">https:\/\/muvacandalucia.es\/wp-content\/uploads\/2021\/01\/96-redescubriendo-.m4a<\/a><\/audio>\n<p>Juan Manuel Garc\u00eda Maldonado, \u201cBrazam\u201d (Alhama de Granada, Granada, 1946). <em>Sin Lema II<\/em> (Primer premio \u201cCiudad de Linares\u201d de 1979, secci\u00f3n \u00f3leos). T\u00e9cnica mixta (\u00f3leo-collage sobre lienzo), 129&#215;104 cm.<\/p>\n<figure id=\"attachment_385\" aria-describedby=\"caption-attachment-385\" style=\"width: 2034px\" class=\"wp-caption aligncenter\"><img decoding=\"async\" loading=\"lazy\" class=\"size-full wp-image-385\" src=\"https:\/\/muvacandalucia.es\/wp-content\/uploads\/2021\/01\/DSC08972-scaled.jpg\" alt=\"Juan Manuel Garc\u00eda Maldonado, \u201cBrazam\u201d (Alhama de Granada, Granada, 1946) Sin Lema II (Primer premio \u201cCiudad de Linares\u201d de 1979, secci\u00f3n \u00f3leos) T\u00e9cnica mixta (\u00f3leo-collage sobre lienzo), 129\u00d7104 cm.\" width=\"2034\" height=\"2560\" srcset=\"https:\/\/muvacandalucia.es\/wp-content\/uploads\/2021\/01\/DSC08972-scaled.jpg 2034w, https:\/\/muvacandalucia.es\/wp-content\/uploads\/2021\/01\/DSC08972-238x300.jpg 238w, https:\/\/muvacandalucia.es\/wp-content\/uploads\/2021\/01\/DSC08972-814x1024.jpg 814w, https:\/\/muvacandalucia.es\/wp-content\/uploads\/2021\/01\/DSC08972-768x966.jpg 768w, https:\/\/muvacandalucia.es\/wp-content\/uploads\/2021\/01\/DSC08972-1221x1536.jpg 1221w, https:\/\/muvacandalucia.es\/wp-content\/uploads\/2021\/01\/DSC08972-1627x2048.jpg 1627w\" sizes=\"(max-width: 2034px) 100vw, 2034px\" \/><figcaption id=\"caption-attachment-385\" class=\"wp-caption-text\">Sin lema II<\/figcaption><\/figure>\n<h2 class=\"western\">Otras obras del mismo autor en Redescubriendo<\/h2>\n<h2 class=\"western\"><a href=\"https:\/\/muvacandalucia.es\/index.php\/2021\/01\/22\/un-agora-construida-a-base-de-geometria-en-los-planos-de-color\/\">Un \u00c1gora constru\u00edda a base de geometr\u00eda en los planos del color<\/a><\/h2>\n<h2 class=\"western\"><a href=\"https:\/\/muvacandalucia.es\/index.php\/2021\/01\/22\/brazam-triunfa-con-su-zoco\/\">Brazam triunfa con su Zoco<\/a><\/h2>\n","protected":false},"excerpt":{"rendered":"<p>La exploraci\u00f3n de la figuraci\u00f3n a la abstracci\u00f3n alcanza su m\u00e1xima expresi\u00f3n en Sin lema II, primer premio \u201cCiudad de Linares\u201d en la secci\u00f3n \u00f3leos de 1979. En este \u00f3leo-collage&hellip;<\/p>\n","protected":false},"author":1,"featured_media":385,"comment_status":"open","ping_status":"open","sticky":false,"template":"","format":"standard","meta":[],"categories":[11],"tags":[61,60,58,70,57,66,64,62,59],"jetpack_featured_media_url":"https:\/\/muvacandalucia.es\/wp-content\/uploads\/2021\/01\/DSC08972-scaled.jpg","_links":{"self":[{"href":"https:\/\/muvacandalucia.es\/index.php\/wp-json\/wp\/v2\/posts\/310"}],"collection":[{"href":"https:\/\/muvacandalucia.es\/index.php\/wp-json\/wp\/v2\/posts"}],"about":[{"href":"https:\/\/muvacandalucia.es\/index.php\/wp-json\/wp\/v2\/types\/post"}],"author":[{"embeddable":true,"href":"https:\/\/muvacandalucia.es\/index.php\/wp-json\/wp\/v2\/users\/1"}],"replies":[{"embeddable":true,"href":"https:\/\/muvacandalucia.es\/index.php\/wp-json\/wp\/v2\/comments?post=310"}],"version-history":[{"count":8,"href":"https:\/\/muvacandalucia.es\/index.php\/wp-json\/wp\/v2\/posts\/310\/revisions"}],"predecessor-version":[{"id":592,"href":"https:\/\/muvacandalucia.es\/index.php\/wp-json\/wp\/v2\/posts\/310\/revisions\/592"}],"wp:featuredmedia":[{"embeddable":true,"href":"https:\/\/muvacandalucia.es\/index.php\/wp-json\/wp\/v2\/media\/385"}],"wp:attachment":[{"href":"https:\/\/muvacandalucia.es\/index.php\/wp-json\/wp\/v2\/media?parent=310"}],"wp:term":[{"taxonomy":"category","embeddable":true,"href":"https:\/\/muvacandalucia.es\/index.php\/wp-json\/wp\/v2\/categories?post=310"},{"taxonomy":"post_tag","embeddable":true,"href":"https:\/\/muvacandalucia.es\/index.php\/wp-json\/wp\/v2\/tags?post=310"}],"curies":[{"name":"wp","href":"https:\/\/api.w.org\/{rel}","templated":true}]}}