{"id":290,"date":"2021-01-11T00:22:38","date_gmt":"2021-01-11T00:22:38","guid":{"rendered":"https:\/\/muvaclinares.es\/?p=290"},"modified":"2021-01-24T17:00:52","modified_gmt":"2021-01-24T17:00:52","slug":"la-hierba-y-la-tierra-segun-santiago-bueno","status":"publish","type":"post","link":"https:\/\/muvacandalucia.es\/index.php\/2021\/01\/11\/la-hierba-y-la-tierra-segun-santiago-bueno\/","title":{"rendered":"La hierba y la tierra seg\u00fan Santiago Bueno"},"content":{"rendered":"<p>Licenciado en Bellas Artes, su formaci\u00f3n se desarroll\u00f3 en la Academia de San Fernando de Madrid y posteriormente en la de San Carlos de Valencia.<br \/>\nDesde que colg\u00f3 sus primeros cuadros en la pared en la Sala Elipa de Madrid en 1970, su obra ha formado parte de un amplio n\u00famero de exposiciones a nivel nacional e\u00a0 internacional, destacando algunas como Galerie Dreizehn de Frankfurt (1974), Kunsthaus Schaller de Stuttgart (1975), Galer\u00eda L\u00e1zaro de Madrid (1975, 1978 y 1979), Instituto\u00a0 Jovellanos de Gij\u00f3n (1975), Galerie Dietrich Krieg de Munich (1984), ARCO 84 y 85, Galerie Klimp (1987), Bienal de Barcelona (1988), Galerie L. Amador de Barcelona (1990), Galerie Dreizehn de Frankfurt (1991), Galer\u00eda Progreso de Madrid (1996 y 1997), Galer\u00eda El Patio de Mart\u00edn de los Heros de Madrid (2013), y Galer\u00eda Jos\u00e9 Luis L\u00f3pez de Madrid (2014).<br \/>\nNo menos importantes han sido los reconocimientos cosechados a lo largo de su carrera como demuestra el Segundo premio Ayuntamiento de Villarrobledo (Albacete) en 1981, el Primer premio Bienal Alcobendas (Madrid) de 1984, el Primer premio Caja de Ahorros de Alicante y Murcia de 1985, el Tercer premio Ayuntamiento de Puertollano (Ciudad Real) de 1985, el Primer premio I Bienal de Castilla la Mancha de Artes Pl\u00e1sticas (Cuenca) de 1985, el Primer premio Ayuntamiento de Villarrobledo (Albacete) de 1985, (Madrid) de 1986, el Premio Proyectos de Adquisici\u00f3n de la Diputaci\u00f3n Provincial de Alicante de 1986, el Tercer premio Ayuntamiento de Mora de Toledo de 1986, el Segundo premio Ciudad Puertollano (Ciudad Real) de 1992, el Segundo premio Rafael Zabaleta de Quesada (Ja\u00e9n) de 1993, el Segundo premio Ayuntamiento de Manzanares (Ciudad Real) de 1999, el Segundo premio de la LX Sala de Arte Ciudad Puertollano (Ciudad Real) de 2009 y el Primer premio XXXIX Concurso Internacional de Pintura Homenaje a Rafael Zabaleta (Ja\u00e9n) de 2009.<br \/>\nEn la ciudad de Linares se alz\u00f3 con el Primer premio de la XXXII Exposici\u00f3n Nacional de Pintura de 1981 con su<br \/>\nobra Hierba-tierra N\u00ba1. Se trata de un \u00f3leo sobre tabla cuya composici\u00f3n en formato vertical, y de forma seriada,<br \/>\nmuestra sutiles detalles de la naturaleza a trav\u00e9s de un amable colorido.<br \/>\nLa impronta de Santiago Bueno Bravo tambi\u00e9n ha estado presente en el mundo de las artes esc\u00e9nicas con la elaboraci\u00f3n de las escenograf\u00edas de Bodas de sangre, para Francisco Nieva en el teatro Mar\u00eda Guerrero de Madrid<br \/>\n(1974) y 5 Lorcas de Limsay Kempt en el teatro Mar\u00eda Guerrero de Madrid (1977).<br \/>\nAsimismo, la obra de Santiago Bueno Bravo est\u00e1 representada en importantes Museos de Arte\u00a0 Contempor\u00e1neo como el de Madrid, Cuenca o el Museo Zabaleta de\u00a0 Quesada (Ja\u00e9n), colecciones de instituciones p\u00fablicas y en pinacotecas de particulares a nivel internacional.<br \/>\n<strong>BIBLIOGRAF\u00cdA<\/strong><br \/>\nALMANSA MORENO, Jos\u00e9 Manuel; ROBLES MART\u00cdN, Juan Manuel (Coord.):<em> 50 a\u00f1os de artes pl\u00e1sticas en Ja\u00e9n Creaci\u00f3n, medios <\/em><em>y espacios (1960-2010)<\/em>. Ja\u00e9n: Instituto de Estudios Giennenses y Diputaci\u00f3n Provincial de Ja\u00e9n, 2016. pp. 572 y 655.<br \/>\nVV.AA.: <em>Pinacoteca Municipal de Linares<\/em>. Linares, Ayuntamiento de Linares, \u00c1rea de Cultura, 1994, p. 115.<\/p>\n<p>&nbsp;<\/p>\n<p><strong>Informaci\u00f3n extraida de: AR\u00c1NEGA CASTILLA, Francisco Miguel; MANTAS FERN\u00c1NDEZ, Rafael. [Cat\u00e1logo de la Exposici\u00f3n \u201cRedescubriendo\u201d. Exposici\u00f3n del Patrimonio Pict\u00f3rico del Ayuntamiento de Linares]. Linares: Servicio de publicaciones Ayto. Linares y CEL, 2020<\/strong><\/p>\n<!--[if lt IE 9]><script>document.createElement('audio');<\/script><![endif]-->\n<audio class=\"wp-audio-shortcode\" id=\"audio-290-1\" preload=\"none\" style=\"width: 100%;\" controls=\"controls\"><source type=\"audio\/mpeg\" src=\"https:\/\/muvacandalucia.es\/wp-content\/uploads\/2021\/01\/102-redescubriendo-.m4a?_=1\" \/><a href=\"https:\/\/muvacandalucia.es\/wp-content\/uploads\/2021\/01\/102-redescubriendo-.m4a\">https:\/\/muvacandalucia.es\/wp-content\/uploads\/2021\/01\/102-redescubriendo-.m4a<\/a><\/audio>\n<p>Santiago Bueno Bravo (Madrid, 1954) <em>Hierba-tierra N\u00ba1<\/em> (Primer premio \u201cCiudad de Linares\u201d de 1981, secci\u00f3n \u00f3leos). \u00d3leo sobre tabla, 200&#215;120 cm.<\/p>\n<figure id=\"attachment_376\" aria-describedby=\"caption-attachment-376\" style=\"width: 460px\" class=\"wp-caption alignright\"><img decoding=\"async\" loading=\"lazy\" class=\"wp-image-376\" src=\"https:\/\/muvacandalucia.es\/wp-content\/uploads\/2021\/01\/DSC08950-scaled.jpg\" alt=\"Santiago Bueno Bravo (Madrid, 1954) Hierba-tierra N\u00ba1 (Primer premio \u201cCiudad de Linares\u201d de 1981, secci\u00f3n \u00f3leos) \u00d3leo sobre tabla, 200x120 cm.\" width=\"460\" height=\"772\" srcset=\"https:\/\/muvacandalucia.es\/wp-content\/uploads\/2021\/01\/DSC08950-scaled.jpg 1526w, https:\/\/muvacandalucia.es\/wp-content\/uploads\/2021\/01\/DSC08950-179x300.jpg 179w, https:\/\/muvacandalucia.es\/wp-content\/uploads\/2021\/01\/DSC08950-611x1024.jpg 611w, https:\/\/muvacandalucia.es\/wp-content\/uploads\/2021\/01\/DSC08950-768x1288.jpg 768w, https:\/\/muvacandalucia.es\/wp-content\/uploads\/2021\/01\/DSC08950-916x1536.jpg 916w, https:\/\/muvacandalucia.es\/wp-content\/uploads\/2021\/01\/DSC08950-1221x2048.jpg 1221w\" sizes=\"(max-width: 460px) 100vw, 460px\" \/><figcaption id=\"caption-attachment-376\" class=\"wp-caption-text\">Hierba-tierra<\/figcaption><\/figure>\n","protected":false},"excerpt":{"rendered":"<p>Licenciado en Bellas Artes, su formaci\u00f3n se desarroll\u00f3 en la Academia de San Fernando de Madrid y posteriormente en la de San Carlos de Valencia. Desde que colg\u00f3 sus primeros&hellip;<\/p>\n","protected":false},"author":1,"featured_media":376,"comment_status":"open","ping_status":"open","sticky":false,"template":"","format":"standard","meta":[],"categories":[11],"tags":[39,40,43,14,42,64,37,52,65],"jetpack_featured_media_url":"https:\/\/muvacandalucia.es\/wp-content\/uploads\/2021\/01\/DSC08950-scaled.jpg","_links":{"self":[{"href":"https:\/\/muvacandalucia.es\/index.php\/wp-json\/wp\/v2\/posts\/290"}],"collection":[{"href":"https:\/\/muvacandalucia.es\/index.php\/wp-json\/wp\/v2\/posts"}],"about":[{"href":"https:\/\/muvacandalucia.es\/index.php\/wp-json\/wp\/v2\/types\/post"}],"author":[{"embeddable":true,"href":"https:\/\/muvacandalucia.es\/index.php\/wp-json\/wp\/v2\/users\/1"}],"replies":[{"embeddable":true,"href":"https:\/\/muvacandalucia.es\/index.php\/wp-json\/wp\/v2\/comments?post=290"}],"version-history":[{"count":13,"href":"https:\/\/muvacandalucia.es\/index.php\/wp-json\/wp\/v2\/posts\/290\/revisions"}],"predecessor-version":[{"id":563,"href":"https:\/\/muvacandalucia.es\/index.php\/wp-json\/wp\/v2\/posts\/290\/revisions\/563"}],"wp:featuredmedia":[{"embeddable":true,"href":"https:\/\/muvacandalucia.es\/index.php\/wp-json\/wp\/v2\/media\/376"}],"wp:attachment":[{"href":"https:\/\/muvacandalucia.es\/index.php\/wp-json\/wp\/v2\/media?parent=290"}],"wp:term":[{"taxonomy":"category","embeddable":true,"href":"https:\/\/muvacandalucia.es\/index.php\/wp-json\/wp\/v2\/categories?post=290"},{"taxonomy":"post_tag","embeddable":true,"href":"https:\/\/muvacandalucia.es\/index.php\/wp-json\/wp\/v2\/tags?post=290"}],"curies":[{"name":"wp","href":"https:\/\/api.w.org\/{rel}","templated":true}]}}