{"id":288,"date":"2021-01-11T00:35:55","date_gmt":"2021-01-11T00:35:55","guid":{"rendered":"https:\/\/muvaclinares.es\/?p=288"},"modified":"2021-01-24T17:03:28","modified_gmt":"2021-01-24T17:03:28","slug":"aves-sobrevolando-linares","status":"publish","type":"post","link":"https:\/\/muvacandalucia.es\/index.php\/2021\/01\/11\/aves-sobrevolando-linares\/","title":{"rendered":"Aves sobrevolando Linares"},"content":{"rendered":"<p>[Fernando] Es un artista polifac\u00e9tico, pintor, escultor, cartelista, ilustrador y creador de piezas audiovisuales que<br \/>\nnaci\u00f3 en Madrid en 1949. Su formaci\u00f3n comienza en 1969 cuando estudi\u00f3 Bellas Artes en la capital espa\u00f1ola.<br \/>\nMientras estudiaba particip\u00f3 en varias exposiciones para pintores j\u00f3venes y comenz\u00f3 a destacar en los concursos de pintura donde fue galardonado con el Primer premio\u00a0 Chamber\u00ed en 1968 y 1970, el Primer premio de Pintura en Segovia (1972), el Primer Premio de Pintura en la Bienal Universitaria de Artes Pl\u00e1sticas de Madrid (1973), siendo invitado poco tiempo despu\u00e9s a participar en el XXVIII Premio Internacional de Pintura Francavilla al Mare (Italia) por la Fundaci\u00f3n Francesco Paolo Michetti.<br \/>\nAl principio de la d\u00e9cada de los 80 comenz\u00f3 a realizar ilustraciones para el Pa\u00eds Dominical y particip\u00f3 en la exposici\u00f3n <em>L\u00ednea, Espacio y Expresi\u00f3n en la Pintura Espa\u00f1ola<\/em> que llev\u00f3 sus obras por gran parte del continente americano.<br \/>\nEs en este momento cuando participa en la XXIII Exposici\u00f3n Nacional de Pintura de Linares, exponiendo <em>Aves<\/em>, recibiendo el Primer premio \u201cCiudad de Linares\u201d en 1983. Esta obra es un ejemplo de la incursi\u00f3n de su pintura en la abstracci\u00f3n, al dotar a sus cuadros de un especial \u00e9nfasis por el color y temas selv\u00e1ticos.<br \/>\nBIBLIOGRAF\u00cdA<br \/>\nVV.AA.: <em>Pinacoteca Municipal de Linares<\/em>. Linares, Ayuntamiento de Linares, \u00c1rea de Cultura, 1994, p. 118.<\/p>\n<p>&nbsp;<\/p>\n<p><strong>Informaci\u00f3n extraida de: AR\u00c1NEGA CASTILLA, Francisco Miguel; MANTAS FERN\u00c1NDEZ, Rafael. [Cat\u00e1logo de la Exposici\u00f3n \u201cRedescubriendo\u201d. Exposici\u00f3n del Patrimonio Pict\u00f3rico del Ayuntamiento de Linares]. Linares: Servicio de publicaciones Ayto. Linares y CEL, 2020<\/strong><\/p>\n<p><strong>Escuche el texto del art\u00edculo<\/strong><\/p>\n<!--[if lt IE 9]><script>document.createElement('audio');<\/script><![endif]-->\n<audio class=\"wp-audio-shortcode\" id=\"audio-288-1\" preload=\"none\" style=\"width: 100%;\" controls=\"controls\"><source type=\"audio\/mpeg\" src=\"https:\/\/muvacandalucia.es\/wp-content\/uploads\/2021\/01\/104-redescubriendo-.m4a?_=1\" \/><a href=\"https:\/\/muvacandalucia.es\/wp-content\/uploads\/2021\/01\/104-redescubriendo-.m4a\">https:\/\/muvacandalucia.es\/wp-content\/uploads\/2021\/01\/104-redescubriendo-.m4a<\/a><\/audio>\n<p>Fernando Bermejo Barrionuevo (Madrid, 1949)<br \/>\nAves (Primer premio \u201cCiudad de Linares\u201d de 1983)<br \/>\nT\u00e9mpera sobre tela, 180&#215;150 cm.<\/p>\n<figure id=\"attachment_370\" aria-describedby=\"caption-attachment-370\" style=\"width: 460px\" class=\"wp-caption alignright\"><img decoding=\"async\" loading=\"lazy\" class=\"wp-image-370\" src=\"https:\/\/muvacandalucia.es\/wp-content\/uploads\/2021\/01\/DSC08935-scaled.jpg\" alt=\"Fernando Bermejo Barrionuevo (Madrid, 1949) Aves (Primer premio \u201cCiudad de Linares\u201d de 1983) T\u00e9mpera sobre tela, 180x150 cm.\" width=\"460\" height=\"550\" srcset=\"https:\/\/muvacandalucia.es\/wp-content\/uploads\/2021\/01\/DSC08935-scaled.jpg 2140w, https:\/\/muvacandalucia.es\/wp-content\/uploads\/2021\/01\/DSC08935-251x300.jpg 251w, https:\/\/muvacandalucia.es\/wp-content\/uploads\/2021\/01\/DSC08935-856x1024.jpg 856w, https:\/\/muvacandalucia.es\/wp-content\/uploads\/2021\/01\/DSC08935-768x919.jpg 768w, https:\/\/muvacandalucia.es\/wp-content\/uploads\/2021\/01\/DSC08935-1284x1536.jpg 1284w, https:\/\/muvacandalucia.es\/wp-content\/uploads\/2021\/01\/DSC08935-1712x2048.jpg 1712w\" sizes=\"(max-width: 460px) 100vw, 460px\" \/><figcaption id=\"caption-attachment-370\" class=\"wp-caption-text\">Avez<\/figcaption><\/figure>\n","protected":false},"excerpt":{"rendered":"<p>[Fernando] Es un artista polifac\u00e9tico, pintor, escultor, cartelista, ilustrador y creador de piezas audiovisuales que naci\u00f3 en Madrid en 1949. Su formaci\u00f3n comienza en 1969 cuando estudi\u00f3 Bellas Artes en&hellip;<\/p>\n","protected":false},"author":1,"featured_media":370,"comment_status":"open","ping_status":"open","sticky":false,"template":"","format":"standard","meta":[],"categories":[11],"tags":[49,34,51,50,14,42,37,68,67],"jetpack_featured_media_url":"https:\/\/muvacandalucia.es\/wp-content\/uploads\/2021\/01\/DSC08935-scaled.jpg","_links":{"self":[{"href":"https:\/\/muvacandalucia.es\/index.php\/wp-json\/wp\/v2\/posts\/288"}],"collection":[{"href":"https:\/\/muvacandalucia.es\/index.php\/wp-json\/wp\/v2\/posts"}],"about":[{"href":"https:\/\/muvacandalucia.es\/index.php\/wp-json\/wp\/v2\/types\/post"}],"author":[{"embeddable":true,"href":"https:\/\/muvacandalucia.es\/index.php\/wp-json\/wp\/v2\/users\/1"}],"replies":[{"embeddable":true,"href":"https:\/\/muvacandalucia.es\/index.php\/wp-json\/wp\/v2\/comments?post=288"}],"version-history":[{"count":10,"href":"https:\/\/muvacandalucia.es\/index.php\/wp-json\/wp\/v2\/posts\/288\/revisions"}],"predecessor-version":[{"id":565,"href":"https:\/\/muvacandalucia.es\/index.php\/wp-json\/wp\/v2\/posts\/288\/revisions\/565"}],"wp:featuredmedia":[{"embeddable":true,"href":"https:\/\/muvacandalucia.es\/index.php\/wp-json\/wp\/v2\/media\/370"}],"wp:attachment":[{"href":"https:\/\/muvacandalucia.es\/index.php\/wp-json\/wp\/v2\/media?parent=288"}],"wp:term":[{"taxonomy":"category","embeddable":true,"href":"https:\/\/muvacandalucia.es\/index.php\/wp-json\/wp\/v2\/categories?post=288"},{"taxonomy":"post_tag","embeddable":true,"href":"https:\/\/muvacandalucia.es\/index.php\/wp-json\/wp\/v2\/tags?post=288"}],"curies":[{"name":"wp","href":"https:\/\/api.w.org\/{rel}","templated":true}]}}