{"id":285,"date":"2021-01-10T18:05:05","date_gmt":"2021-01-10T18:05:05","guid":{"rendered":"https:\/\/muvaclinares.es\/?p=285"},"modified":"2021-01-24T16:56:27","modified_gmt":"2021-01-24T16:56:27","slug":"los-amantes-de-jose-gaspar-cortes","status":"publish","type":"post","link":"https:\/\/muvacandalucia.es\/index.php\/2021\/01\/10\/los-amantes-de-jose-gaspar-cortes\/","title":{"rendered":"Los amantes de Jos\u00e9 Gaspar Cort\u00e9s"},"content":{"rendered":"<p>Hijo del pintor Jos\u00e9 Cort\u00e9s Bail\u00e9n, inici\u00f3 sus estudios en la Escuela de Artes y Oficios de Ja\u00e9n donde recibi\u00f3 clases de dibujo de mano de Fausto Olivares, al que le dedic\u00f3 una exposici\u00f3n en 2003, y de pintura con Manuel Kayser Zapata. Continu\u00f3 sus estudios en la Facultad de Escuela de Bellas Artes Santa Isabel de Hungr\u00eda, de la Universidad de Sevilla y se especializ\u00f3 en dise\u00f1o y grabado.<br \/>\nComo todo joven artista particip\u00f3 en exposiciones\u00a0 colectivas que se saldaron con cuantiosos triunfos, como el obtenido en la Exposici\u00f3n de J\u00f3venes Pintores Jiennenses de 1982, en la que fue galardonado con el primer puesto con Movimiento en cuatro fases. Un a\u00f1o m\u00e1s tarde participa por primera vez en la XXIV Exposici\u00f3n de Pintura \u201cCiudad de Linares\u201d con <em>\u00a1\u00a1Dejemos Vivir!!<\/em>. En 1985 ya realiz\u00f3 muestras individuales, donde llega a exponer m\u00e1s de veinte obras en la Galer\u00eda Cica de Ja\u00e9n, y que fueron<br \/>\nacompa\u00f1adas de excelentes cr\u00edticas. Ese mismo a\u00f1o volvi\u00f3 a participar en nuestro concurso con <em>\u00bfPara qu\u00e9 tapar?<\/em> y <em>Me caigo en mi propio abismo<\/em>, siendo este \u00faltimo reconocido con el premio a J\u00f3venes pintores que volvi\u00f3 a obtener en 1988 con <em>Los amantes<\/em>. Nuevamente particip\u00f3 en 1991 con su obra Caras.<br \/>\nSeg\u00fan la cr\u00edtica, su estilo ecl\u00e9ctico se inicia con el realismo impresionista pasando posteriormente a la abstracci\u00f3n y al neoexpresionismo. La evoluci\u00f3n de su obra se define por una continua b\u00fasqueda y experimentaci\u00f3n con la psique humana. En sus obras representa lo negativo del ser, sus miedos, sus tragedias, as\u00ed como los buenos momentos, los deseos, las pasiones, los sue\u00f1os.<br \/>\n<strong>BIBLIOGRAF\u00cdA<\/strong><br \/>\nALMANSA MORENO, Jos\u00e9 Manuel; ROBLES MART\u00cdN, Juan Manuel (Coord.): <em>50 a\u00f1os de artes pl\u00e1sticas en Ja\u00e9n Creaci\u00f3n, medios y espacios (1960-2010).<\/em> Ja\u00e9n: Instituto de Estudios Giennenses y Diputaci\u00f3n Provincial de Ja\u00e9n, 2016, pp. 145-147.<br \/>\nVV.AA.: <em>Pinacoteca Municipal de Linares<\/em>. Linares, Ayuntamiento de Linares, \u00c1rea de Cultura, 1994, pp. 124 y 127.<\/p>\n<p><strong>Informaci\u00f3n extraida de: AR\u00c1NEGA CASTILLA, Francisco Miguel; MANTAS FERN\u00c1NDEZ, Rafael. [Cat\u00e1logo de la Exposici\u00f3n &#8220;Redescubriendo&#8221;. Exposici\u00f3n del Patrimonio Pict\u00f3rico del Ayuntamiento de Linares]. Linares: Servicio de publicaciones Ayto. Linares y CEL, 2020<\/strong><\/p>\n<p><strong>Escuche el texto de art\u00edculo<\/strong><\/p>\n<!--[if lt IE 9]><script>document.createElement('audio');<\/script><![endif]-->\n<audio class=\"wp-audio-shortcode\" id=\"audio-285-1\" preload=\"none\" style=\"width: 100%;\" controls=\"controls\"><source type=\"audio\/mpeg\" src=\"https:\/\/muvacandalucia.es\/wp-content\/uploads\/2021\/01\/106-redescubriendo-.m4a?_=1\" \/><a href=\"https:\/\/muvacandalucia.es\/wp-content\/uploads\/2021\/01\/106-redescubriendo-.m4a\">https:\/\/muvacandalucia.es\/wp-content\/uploads\/2021\/01\/106-redescubriendo-.m4a<\/a><\/audio>\n<p>Jos\u00e9 Gaspar Cort\u00e9s Zarrias (Ja\u00e9n, 1964).<br \/>\nLos amantes (Premio J\u00f3venes Pintores Andaluces \u201cMariano de la Paz\u201d de 1988). \u00d3leo sobre lienzo, 195&#215;150 cm.<\/p>\n<figure id=\"attachment_375\" aria-describedby=\"caption-attachment-375\" style=\"width: 460px\" class=\"wp-caption alignright\"><img decoding=\"async\" loading=\"lazy\" class=\"wp-image-375\" src=\"https:\/\/muvacandalucia.es\/wp-content\/uploads\/2021\/01\/DSC08948-scaled.jpg\" alt=\"Jos\u00e9 Gaspar Cort\u00e9s Zarrias (Ja\u00e9n, 1964) Los amantes (Premio J\u00f3venes Pintores Andaluces \u201cMariano de la Paz\u201d de 1988) \u00d3leo sobre lienzo, 195x150 cm.\" width=\"460\" height=\"596\" srcset=\"https:\/\/muvacandalucia.es\/wp-content\/uploads\/2021\/01\/DSC08948-scaled.jpg 1976w, https:\/\/muvacandalucia.es\/wp-content\/uploads\/2021\/01\/DSC08948-232x300.jpg 232w, https:\/\/muvacandalucia.es\/wp-content\/uploads\/2021\/01\/DSC08948-790x1024.jpg 790w, https:\/\/muvacandalucia.es\/wp-content\/uploads\/2021\/01\/DSC08948-768x995.jpg 768w, https:\/\/muvacandalucia.es\/wp-content\/uploads\/2021\/01\/DSC08948-1185x1536.jpg 1185w, https:\/\/muvacandalucia.es\/wp-content\/uploads\/2021\/01\/DSC08948-1581x2048.jpg 1581w\" sizes=\"(max-width: 460px) 100vw, 460px\" \/><figcaption id=\"caption-attachment-375\" class=\"wp-caption-text\">Los amantes<\/figcaption><\/figure>\n","protected":false},"excerpt":{"rendered":"<p>Hijo del pintor Jos\u00e9 Cort\u00e9s Bail\u00e9n, inici\u00f3 sus estudios en la Escuela de Artes y Oficios de Ja\u00e9n donde recibi\u00f3 clases de dibujo de mano de Fausto Olivares, al que&hellip;<\/p>\n","protected":false},"author":1,"featured_media":375,"comment_status":"open","ping_status":"open","sticky":false,"template":"","format":"standard","meta":[],"categories":[11],"tags":[30,27,23,26,66,14,28,29,64,37],"jetpack_featured_media_url":"https:\/\/muvacandalucia.es\/wp-content\/uploads\/2021\/01\/DSC08948-scaled.jpg","_links":{"self":[{"href":"https:\/\/muvacandalucia.es\/index.php\/wp-json\/wp\/v2\/posts\/285"}],"collection":[{"href":"https:\/\/muvacandalucia.es\/index.php\/wp-json\/wp\/v2\/posts"}],"about":[{"href":"https:\/\/muvacandalucia.es\/index.php\/wp-json\/wp\/v2\/types\/post"}],"author":[{"embeddable":true,"href":"https:\/\/muvacandalucia.es\/index.php\/wp-json\/wp\/v2\/users\/1"}],"replies":[{"embeddable":true,"href":"https:\/\/muvacandalucia.es\/index.php\/wp-json\/wp\/v2\/comments?post=285"}],"version-history":[{"count":14,"href":"https:\/\/muvacandalucia.es\/index.php\/wp-json\/wp\/v2\/posts\/285\/revisions"}],"predecessor-version":[{"id":561,"href":"https:\/\/muvacandalucia.es\/index.php\/wp-json\/wp\/v2\/posts\/285\/revisions\/561"}],"wp:featuredmedia":[{"embeddable":true,"href":"https:\/\/muvacandalucia.es\/index.php\/wp-json\/wp\/v2\/media\/375"}],"wp:attachment":[{"href":"https:\/\/muvacandalucia.es\/index.php\/wp-json\/wp\/v2\/media?parent=285"}],"wp:term":[{"taxonomy":"category","embeddable":true,"href":"https:\/\/muvacandalucia.es\/index.php\/wp-json\/wp\/v2\/categories?post=285"},{"taxonomy":"post_tag","embeddable":true,"href":"https:\/\/muvacandalucia.es\/index.php\/wp-json\/wp\/v2\/tags?post=285"}],"curies":[{"name":"wp","href":"https:\/\/api.w.org\/{rel}","templated":true}]}}