{"id":258,"date":"2021-01-07T08:26:06","date_gmt":"2021-01-07T08:26:06","guid":{"rendered":"https:\/\/muvaclinares.es\/?p=258"},"modified":"2021-03-22T13:34:37","modified_gmt":"2021-03-22T13:34:37","slug":"50-anos-de-artes-plasticas-en-jaen-creacion-medios-y-espacios-1910-1960","status":"publish","type":"post","link":"https:\/\/muvacandalucia.es\/index.php\/2021\/01\/07\/50-anos-de-artes-plasticas-en-jaen-creacion-medios-y-espacios-1910-1960\/","title":{"rendered":"50 a\u00f1os de Artes Pl\u00e1sticas en Ja\u00e9n. Creaci\u00f3n, medios y espacios (1910-1960)"},"content":{"rendered":"<figure id=\"attachment_256\" aria-describedby=\"caption-attachment-256\" style=\"width: 370px\" class=\"wp-caption aligncenter\"><img decoding=\"async\" loading=\"lazy\" class=\"size-full wp-image-256\" src=\"https:\/\/muvacandalucia.es\/wp-content\/uploads\/2021\/01\/Portada-50-anos-de-Artes-Plaxticas.jpg\" alt=\"Portada 50 a\u00f1os de Artes Pl\u00e1sticas en Ja\u00e9n\" width=\"370\" height=\"528\" srcset=\"https:\/\/muvacandalucia.es\/wp-content\/uploads\/2021\/01\/Portada-50-anos-de-Artes-Plaxticas.jpg 370w, https:\/\/muvacandalucia.es\/wp-content\/uploads\/2021\/01\/Portada-50-anos-de-Artes-Plaxticas-210x300.jpg 210w\" sizes=\"(max-width: 370px) 100vw, 370px\" \/><figcaption id=\"caption-attachment-256\" class=\"wp-caption-text\">Portada e-book &#8220;50 a\u00f1os de Artes Pl\u00e1sticas en Ja\u00e9n. Creaci\u00f3n, medios y espacion (1919-1960)<\/figcaption><\/figure>\n<p>\n<!-- mowomo-redes-sociales-icons-bar -->\n        <div class=\"mwm_rrss_contenedor mwm_rrss_appearance_6 mwm_rrss_alingment_3\">\n                            <a class=\"mwm_rrss mwm_twitter\" mwm-rrss-url=\"https:\/\/twitter.com\/intent\/tweet?text=50 a\u00f1os de Artes Pl\u00e1sticas en Ja\u00e9n. Creaci\u00f3n, medios y espacios (1910-1960) https:\/\/muvacandalucia.es\/index.php\/2021\/01\/07\/50-anos-de-artes-plasticas-en-jaen-creacion-medios-y-espacios-1910-1960\/ v\u00eda @muvaclinares\"><i class=\"icon-rrss-twitter\"><\/i><\/a>\n            \n                            <a class=\"mwm_rrss mwm_facebook\" mwm-rrss-url=\"https:\/\/www.facebook.com\/sharer\/sharer.php?u=https:\/\/muvacandalucia.es\/index.php\/2021\/01\/07\/50-anos-de-artes-plasticas-en-jaen-creacion-medios-y-espacios-1910-1960\/\"><i class=\"icon-rrss-facebook\"><\/i><\/a>\n            \n            \n            \n                            <a class=\"mwm_rrss mwm_whatsapp\" mwm-rrss-url=\"https:\/\/api.whatsapp.com\/send?text=50 a\u00f1os de Artes Pl\u00e1sticas en Ja\u00e9n. Creaci\u00f3n, medios y espacios (1910-1960) \u2013 https:\/\/muvacandalucia.es\/index.php\/2021\/01\/07\/50-anos-de-artes-plasticas-en-jaen-creacion-medios-y-espacios-1910-1960\/\" ><i class=\"icon-rrss-whatsapp\"><\/i> <\/a>\n                    <\/div>\n    <br \/>\n<strong>E-book<\/strong>: Pulse el t\u00edtular para ver m\u00e1s y para descarga<br \/>\n<strong>Formato<\/strong>: PDF. 683 p\u00e1ginas.<br \/>\n50 a\u00f1os de Artes Pl\u00e1sticas en Ja\u00e9n. Creaci\u00f3n, medios y espacios (1910-1960).<!--more--><\/p>\n<p><a href=\"https:\/\/www.academia.edu\/31832860\/50_a\u00f1os_de_artes_pl\u00e1sticas_en_Ja\u00e9n_Creaci\u00f3n_medios_y_espacios_1960_2010_\"><strong>DESCARGAR AQU\u00cd DESDE Academia.edu<\/strong><\/a><\/p>\n<p><strong>Autores:<\/strong><\/p>\n<p>Jos\u00e9 Manuel Almansa Moreno,\u00a0 Juan Manuel Mart\u00edn Robles<\/p>\n<p><strong>Investigadores:<\/strong><br \/>\nLaura Luque Rodrigo<br \/>\nRafael Mantas Fern\u00e1ndez<br \/>\nBeatriz Exp\u00f3sito Cordob\u00e9s<br \/>\nIsabel Colomo Mart\u00ednez<br \/>\nFrancisco Miguel Rojas Serrano<br \/>\nCarolina Prieto Quir\u00f3s<br \/>\nLourdes Cubero Mercado<\/p>\n<p><strong>CITAR (ISO 690)<\/strong><\/p>\n<p>ALMANSA MORENO, Jose Manuel; MART\u00cdN ROBLES, Juan Manuel (Coord.): <em>50 a\u00f1os de artes pl\u00e1sticas en Ja\u00e9n. Creaci\u00f3n, medios y espacios (1960-2010)<\/em>. Ja\u00e9n: Instituto de Estudios Giennneses y Diputaci\u00f3n de Ja\u00e9n, 2016.<\/p>\n","protected":false},"excerpt":{"rendered":"<p>E-book: Pulse el t\u00edtular para ver m\u00e1s y para descarga Formato: PDF. 683 p\u00e1ginas. 50 a\u00f1os de Artes Pl\u00e1sticas en Ja\u00e9n. Creaci\u00f3n, medios y espacios (1910-1960).<\/p>\n","protected":false},"author":1,"featured_media":0,"comment_status":"open","ping_status":"open","sticky":false,"template":"","format":"standard","meta":[],"categories":[20,19],"tags":[22,25,21,23,14,24],"jetpack_featured_media_url":"","_links":{"self":[{"href":"https:\/\/muvacandalucia.es\/index.php\/wp-json\/wp\/v2\/posts\/258"}],"collection":[{"href":"https:\/\/muvacandalucia.es\/index.php\/wp-json\/wp\/v2\/posts"}],"about":[{"href":"https:\/\/muvacandalucia.es\/index.php\/wp-json\/wp\/v2\/types\/post"}],"author":[{"embeddable":true,"href":"https:\/\/muvacandalucia.es\/index.php\/wp-json\/wp\/v2\/users\/1"}],"replies":[{"embeddable":true,"href":"https:\/\/muvacandalucia.es\/index.php\/wp-json\/wp\/v2\/comments?post=258"}],"version-history":[{"count":9,"href":"https:\/\/muvacandalucia.es\/index.php\/wp-json\/wp\/v2\/posts\/258\/revisions"}],"predecessor-version":[{"id":1076,"href":"https:\/\/muvacandalucia.es\/index.php\/wp-json\/wp\/v2\/posts\/258\/revisions\/1076"}],"wp:attachment":[{"href":"https:\/\/muvacandalucia.es\/index.php\/wp-json\/wp\/v2\/media?parent=258"}],"wp:term":[{"taxonomy":"category","embeddable":true,"href":"https:\/\/muvacandalucia.es\/index.php\/wp-json\/wp\/v2\/categories?post=258"},{"taxonomy":"post_tag","embeddable":true,"href":"https:\/\/muvacandalucia.es\/index.php\/wp-json\/wp\/v2\/tags?post=258"}],"curies":[{"name":"wp","href":"https:\/\/api.w.org\/{rel}","templated":true}]}}