{"id":2128,"date":"2023-11-22T10:20:45","date_gmt":"2023-11-22T10:20:45","guid":{"rendered":"https:\/\/muvacandalucia.es\/?p=2128"},"modified":"2023-11-22T10:28:46","modified_gmt":"2023-11-22T10:28:46","slug":"gourmet-cazorla-presentara-en-su-sala-de-exposiciones-una-exposicion-de-eduardo-urculo-con-el-lema-el-enigma-del-viajero","status":"publish","type":"post","link":"https:\/\/muvacandalucia.es\/index.php\/2023\/11\/22\/gourmet-cazorla-presentara-en-su-sala-de-exposiciones-una-exposicion-de-eduardo-urculo-con-el-lema-el-enigma-del-viajero\/","title":{"rendered":"\u201cGourmet Cazorla\u201d presentar\u00e1 en su sala de exposiciones una Exposici\u00f3n de Eduardo \u00darculo con el lema \u201cEl Enigma del Viajero\u201d"},"content":{"rendered":"<p align=\"LEFT\"><span style=\"color: #000000;\"><span style=\"font-family: Bookman Old Style, Bookman Old Style, sans-serif;\"><span style=\"font-size: medium;\"><span style=\"color: #524641;\"><span style=\"font-family: Noto Sans, Noto Sans, sans-serif;\"><a href=\"https:\/\/muvacandalucia.es\/index.php\/2021\/01\/16\/sala-gourmet-cazorla-espacio-de-arte\/\">GC Espacio de Arte<\/a> presentar\u00e1 el pr\u00f3ximo viernes, 24 <\/span><\/span><\/span><\/span><\/span><span style=\"color: #000000;\"><span style=\"font-family: Bookman Old Style, Bookman Old Style, sans-serif;\"><span style=\"font-size: medium;\"><span style=\"color: #524641;\"><span style=\"font-family: Noto Sans, Noto Sans, sans-serif;\">de noviembre, a las 20 horas la exposici\u00f3n del pintor y escultor santurzano Eduardo \u00darculo que bajo el t\u00edtulo de \u201cEl enigma del viajero\u201d mostrar\u00e1 a los visitantes una variada muestra retrospectiva de la obra pict\u00f3rica y esculturas del autor vasco con motivo del vig\u00e9simo aniversario de su fallecimiento que incluir\u00e1 m\u00e1s de 80 obras mayoritariamente aportadas por la colecci\u00f3n del hijo del artista y que permanecer\u00e1 expuesta en la sala hasta el 4 de febrero del pr\u00f3ximo a\u00f1o.<\/span><\/span><\/span><\/span><\/span><\/p>\n<p align=\"LEFT\"><span style=\"color: #000000;\"><span style=\"font-family: Bookman Old Style, Bookman Old Style, sans-serif;\"><span style=\"font-size: medium;\"><span style=\"color: #524641;\"><span style=\"font-family: Noto Sans, Noto Sans, sans-serif;\">Eduardo \u00darculo (1938-2003) \u201cpintor que hace esculturas\u201d, como \u00e9l mismo se defini\u00f3, abarca desde el expresionismo social de los inicios de su carrera hasta el pop art, del que fue uno de los principales referentes, sin olvidar su colorida etapa er\u00f3tica. <\/span><\/span><\/span><\/span><\/span><\/p>\n<p align=\"LEFT\"><span style=\"color: #000000;\"><span style=\"font-family: Bookman Old Style, Bookman Old Style, sans-serif;\"><span style=\"font-size: medium;\"><span style=\"color: #524641;\"><span style=\"font-family: Noto Sans, Noto Sans, sans-serif;\">La retrospectiva toma su nombre de la seria de pinturas m\u00e1s identificativas de su carrera, en las que el artista muestra figuras humanas masculinas vueltas de espalda, a las que no les falta ese m\u00edtico sombrero, tan reconocible para el espectador que, con las maletas, el paraguas y la gabardina conforman el atuendo de un viajero solitario que observa el paisaje urbano o se muestran absortos contemplando figuras femeninas desnudas. <\/span><\/span><\/span><\/span><\/span><\/p>\n<p align=\"LEFT\"><span style=\"color: #000000;\"><span style=\"font-family: Bookman Old Style, Bookman Old Style, sans-serif;\"><span style=\"font-size: medium;\"><span style=\"color: #524641;\"><span style=\"font-family: Noto Sans, Noto Sans, sans-serif;\">La er\u00f3tica del cuerpo femenino en distintas posturas est\u00e1 representada tambi\u00e9n en varias de las obras que se pueden contemplar ahora en esta exposici\u00f3n.<\/span><\/span><\/span><\/span><\/span><\/p>\n<p align=\"LEFT\"><strong><span style=\"color: #000000;\"><span style=\"font-family: Bookman Old Style, Bookman Old Style, sans-serif;\"><span style=\"font-size: medium;\"><span style=\"color: #524641;\"><span style=\"font-family: Noto Sans, Noto Sans, sans-serif;\">S\u00edntesis biogr\u00e1fica del artista<\/span><\/span><\/span><\/span><\/span><\/strong><\/p>\n<p align=\"LEFT\"><span style=\"color: #000000;\"><span style=\"font-family: Bookman Old Style, Bookman Old Style, sans-serif;\"><span style=\"font-size: medium;\"><span style=\"color: #524641;\"><span style=\"font-family: Noto Sans, Noto Sans, sans-serif;\">Eduardo \u00darculo, Santurce (1938-2003): Pintor y escultor. En 1941 su familia se traslad\u00f3 a vivir a Sama de Langreo (Asturias). <\/span><\/span><\/span><\/span><\/span><\/p>\n<p align=\"LEFT\"><span style=\"color: #000000;\"><span style=\"font-family: Bookman Old Style, Bookman Old Style, sans-serif;\"><span style=\"font-size: medium;\"><span style=\"color: #524641;\"><span style=\"font-family: Noto Sans, Noto Sans, sans-serif;\">El conocimiento del Pop Art, propici\u00f3 desde finales de la d\u00e9cada de 1960, un cambio radical en su pintura hacia este estilo. En la d\u00e9cada de 1970 comenz\u00f3 la proyecci\u00f3n internacional de Eduardo \u00darculo, iniciada con su participaci\u00f3n en la XXXV edici\u00f3n de la Bienal de Venecia y la VII Bienal de Par\u00eds. <\/span><\/span><\/span><\/span><\/span><\/p>\n<p align=\"LEFT\"><span style=\"color: #000000;\"><span style=\"font-family: Bookman Old Style, Bookman Old Style, sans-serif;\"><span style=\"font-size: medium;\"><span style=\"color: #524641;\"><span style=\"font-family: Noto Sans, Noto Sans, sans-serif;\">Desde mediados de la d\u00e9cada de 1980, su obra se centr\u00f3 en la tem\u00e1tica del viaje o el viajero enfrentado con las grandes ciudades modernas, iniciada con su serie La ciudad desnuda, inaugurada en 1987 en la galer\u00eda Sen de Madrid; En 1984 Eduardo \u00darculo se adentr\u00f3 en el mundo de la escultura sintiendo especial predilecci\u00f3n por el bronce patinado. La tem\u00e1tica predominante tambi\u00e9n fue el viaje o el viajero, al menos despu\u00e9s de su estancia en Nueva York. <\/span><\/span><\/span><\/span><\/span><\/p>\n<p align=\"LEFT\"><span style=\"color: #000000;\"><span style=\"font-family: Bookman Old Style, Bookman Old Style, sans-serif;\"><span style=\"font-size: medium;\"><span style=\"color: #524641;\"><span style=\"font-family: Noto Sans, Noto Sans, sans-serif;\">Entre las esculturas realizadas por Eduardo \u00darculo, casi todas de estilo hiperrealista, cabe mencionar el grupo escult\u00f3rico realizado por encargo de la Red Nacional de los Ferrocarriles Espa\u00f1oles (RENFE) en la estaci\u00f3n madrile\u00f1a de Atocha, titulado El viajero, realizado en bronce fundido y con un peso aproximado de mil kilogramos, que representa el equipaje, motivo simb\u00f3lico y realidad tangible del viaje. <\/span><\/span><\/span><\/span><\/span><\/p>\n<div id='gallery-1' class='gallery galleryid-2128 gallery-columns-3 gallery-size-thumbnail'><figure class='gallery-item'>\n\t\t\t<div class='gallery-icon portrait'>\n\t\t\t\t<a href='https:\/\/muvacandalucia.es\/index.php\/2023\/11\/22\/gourmet-cazorla-presentara-en-su-sala-de-exposiciones-una-exposicion-de-eduardo-urculo-con-el-lema-el-enigma-del-viajero\/cinemarx-993\/'><img width=\"150\" height=\"150\" src=\"https:\/\/muvacandalucia.es\/wp-content\/uploads\/2023\/11\/cinemarx-993-150x150.jpg\" class=\"attachment-thumbnail size-thumbnail\" alt=\"\" decoding=\"async\" loading=\"lazy\" \/><\/a>\n\t\t\t<\/div><\/figure><figure class='gallery-item'>\n\t\t\t<div class='gallery-icon landscape'>\n\t\t\t\t<a href='https:\/\/muvacandalucia.es\/index.php\/2023\/11\/22\/gourmet-cazorla-presentara-en-su-sala-de-exposiciones-una-exposicion-de-eduardo-urculo-con-el-lema-el-enigma-del-viajero\/cuadro-urculo\/'><img width=\"150\" height=\"150\" src=\"https:\/\/muvacandalucia.es\/wp-content\/uploads\/2023\/11\/cuadro-urculo-150x150.jpg\" class=\"attachment-thumbnail size-thumbnail\" alt=\"\" decoding=\"async\" loading=\"lazy\" \/><\/a>\n\t\t\t<\/div><\/figure><figure class='gallery-item'>\n\t\t\t<div class='gallery-icon landscape'>\n\t\t\t\t<a href='https:\/\/muvacandalucia.es\/index.php\/2023\/11\/22\/gourmet-cazorla-presentara-en-su-sala-de-exposiciones-una-exposicion-de-eduardo-urculo-con-el-lema-el-enigma-del-viajero\/de-neimeyer\/'><img width=\"150\" height=\"150\" src=\"https:\/\/muvacandalucia.es\/wp-content\/uploads\/2023\/11\/de-neimeyer-150x150.jpg\" class=\"attachment-thumbnail size-thumbnail\" alt=\"\" decoding=\"async\" loading=\"lazy\" aria-describedby=\"gallery-1-2162\" srcset=\"https:\/\/muvacandalucia.es\/wp-content\/uploads\/2023\/11\/de-neimeyer-150x150.jpg 150w, https:\/\/muvacandalucia.es\/wp-content\/uploads\/2023\/11\/de-neimeyer.jpg 225w\" sizes=\"(max-width: 150px) 100vw, 150px\" \/><\/a>\n\t\t\t<\/div>\n\t\t\t\t<figcaption class='wp-caption-text gallery-caption' id='gallery-1-2162'>\n\t\t\t\tEl enigma del viajero\n\t\t\t\t<\/figcaption><\/figure><figure class='gallery-item'>\n\t\t\t<div class='gallery-icon portrait'>\n\t\t\t\t<a href='https:\/\/muvacandalucia.es\/index.php\/2023\/11\/22\/gourmet-cazorla-presentara-en-su-sala-de-exposiciones-una-exposicion-de-eduardo-urculo-con-el-lema-el-enigma-del-viajero\/attachment\/29\/'><img width=\"150\" height=\"150\" src=\"https:\/\/muvacandalucia.es\/wp-content\/uploads\/2023\/11\/29-150x150.png\" class=\"attachment-thumbnail size-thumbnail\" alt=\"\" decoding=\"async\" loading=\"lazy\" \/><\/a>\n\t\t\t<\/div><\/figure><figure class='gallery-item'>\n\t\t\t<div class='gallery-icon landscape'>\n\t\t\t\t<a href='https:\/\/muvacandalucia.es\/index.php\/2023\/11\/22\/gourmet-cazorla-presentara-en-su-sala-de-exposiciones-una-exposicion-de-eduardo-urculo-con-el-lema-el-enigma-del-viajero\/attachment\/28\/'><img width=\"150\" height=\"150\" src=\"https:\/\/muvacandalucia.es\/wp-content\/uploads\/2023\/11\/28-150x150.png\" class=\"attachment-thumbnail size-thumbnail\" alt=\"\" decoding=\"async\" loading=\"lazy\" \/><\/a>\n\t\t\t<\/div><\/figure><figure class='gallery-item'>\n\t\t\t<div class='gallery-icon landscape'>\n\t\t\t\t<a href='https:\/\/muvacandalucia.es\/index.php\/2023\/11\/22\/gourmet-cazorla-presentara-en-su-sala-de-exposiciones-una-exposicion-de-eduardo-urculo-con-el-lema-el-enigma-del-viajero\/attachment\/27\/'><img width=\"150\" height=\"150\" src=\"https:\/\/muvacandalucia.es\/wp-content\/uploads\/2023\/11\/27-150x150.jpg\" class=\"attachment-thumbnail size-thumbnail\" alt=\"\" decoding=\"async\" loading=\"lazy\" \/><\/a>\n\t\t\t<\/div><\/figure><figure class='gallery-item'>\n\t\t\t<div class='gallery-icon landscape'>\n\t\t\t\t<a href='https:\/\/muvacandalucia.es\/index.php\/2023\/11\/22\/gourmet-cazorla-presentara-en-su-sala-de-exposiciones-una-exposicion-de-eduardo-urculo-con-el-lema-el-enigma-del-viajero\/attachment\/26\/'><img width=\"150\" height=\"150\" src=\"https:\/\/muvacandalucia.es\/wp-content\/uploads\/2023\/11\/26-150x150.png\" class=\"attachment-thumbnail size-thumbnail\" alt=\"\" decoding=\"async\" loading=\"lazy\" \/><\/a>\n\t\t\t<\/div><\/figure><figure class='gallery-item'>\n\t\t\t<div class='gallery-icon landscape'>\n\t\t\t\t<a href='https:\/\/muvacandalucia.es\/index.php\/2023\/11\/22\/gourmet-cazorla-presentara-en-su-sala-de-exposiciones-una-exposicion-de-eduardo-urculo-con-el-lema-el-enigma-del-viajero\/attachment\/25\/'><img width=\"150\" height=\"150\" src=\"https:\/\/muvacandalucia.es\/wp-content\/uploads\/2023\/11\/25-150x150.png\" class=\"attachment-thumbnail size-thumbnail\" alt=\"\" decoding=\"async\" loading=\"lazy\" \/><\/a>\n\t\t\t<\/div><\/figure><figure class='gallery-item'>\n\t\t\t<div class='gallery-icon portrait'>\n\t\t\t\t<a href='https:\/\/muvacandalucia.es\/index.php\/2023\/11\/22\/gourmet-cazorla-presentara-en-su-sala-de-exposiciones-una-exposicion-de-eduardo-urculo-con-el-lema-el-enigma-del-viajero\/attachment\/24\/'><img width=\"150\" height=\"150\" src=\"https:\/\/muvacandalucia.es\/wp-content\/uploads\/2023\/11\/24-150x150.png\" class=\"attachment-thumbnail size-thumbnail\" alt=\"\" decoding=\"async\" loading=\"lazy\" \/><\/a>\n\t\t\t<\/div><\/figure><figure class='gallery-item'>\n\t\t\t<div class='gallery-icon landscape'>\n\t\t\t\t<a href='https:\/\/muvacandalucia.es\/index.php\/2023\/11\/22\/gourmet-cazorla-presentara-en-su-sala-de-exposiciones-una-exposicion-de-eduardo-urculo-con-el-lema-el-enigma-del-viajero\/attachment\/23\/'><img width=\"150\" height=\"150\" src=\"https:\/\/muvacandalucia.es\/wp-content\/uploads\/2023\/11\/23-150x150.png\" class=\"attachment-thumbnail size-thumbnail\" alt=\"\" decoding=\"async\" loading=\"lazy\" \/><\/a>\n\t\t\t<\/div><\/figure><figure class='gallery-item'>\n\t\t\t<div class='gallery-icon landscape'>\n\t\t\t\t<a href='https:\/\/muvacandalucia.es\/index.php\/2023\/11\/22\/gourmet-cazorla-presentara-en-su-sala-de-exposiciones-una-exposicion-de-eduardo-urculo-con-el-lema-el-enigma-del-viajero\/attachment\/22\/'><img width=\"150\" height=\"150\" src=\"https:\/\/muvacandalucia.es\/wp-content\/uploads\/2023\/11\/22-150x150.png\" class=\"attachment-thumbnail size-thumbnail\" alt=\"\" decoding=\"async\" loading=\"lazy\" \/><\/a>\n\t\t\t<\/div><\/figure><figure class='gallery-item'>\n\t\t\t<div class='gallery-icon portrait'>\n\t\t\t\t<a href='https:\/\/muvacandalucia.es\/index.php\/2023\/11\/22\/gourmet-cazorla-presentara-en-su-sala-de-exposiciones-una-exposicion-de-eduardo-urculo-con-el-lema-el-enigma-del-viajero\/attachment\/21\/'><img width=\"150\" height=\"150\" src=\"https:\/\/muvacandalucia.es\/wp-content\/uploads\/2023\/11\/21-150x150.png\" class=\"attachment-thumbnail size-thumbnail\" alt=\"\" decoding=\"async\" loading=\"lazy\" \/><\/a>\n\t\t\t<\/div><\/figure><figure class='gallery-item'>\n\t\t\t<div class='gallery-icon landscape'>\n\t\t\t\t<a href='https:\/\/muvacandalucia.es\/index.php\/2023\/11\/22\/gourmet-cazorla-presentara-en-su-sala-de-exposiciones-una-exposicion-de-eduardo-urculo-con-el-lema-el-enigma-del-viajero\/attachment\/20\/'><img width=\"150\" height=\"150\" src=\"https:\/\/muvacandalucia.es\/wp-content\/uploads\/2023\/11\/20-150x150.png\" class=\"attachment-thumbnail size-thumbnail\" alt=\"\" decoding=\"async\" loading=\"lazy\" \/><\/a>\n\t\t\t<\/div><\/figure><figure class='gallery-item'>\n\t\t\t<div class='gallery-icon landscape'>\n\t\t\t\t<a href='https:\/\/muvacandalucia.es\/index.php\/2023\/11\/22\/gourmet-cazorla-presentara-en-su-sala-de-exposiciones-una-exposicion-de-eduardo-urculo-con-el-lema-el-enigma-del-viajero\/attachment\/19\/'><img width=\"150\" height=\"150\" src=\"https:\/\/muvacandalucia.es\/wp-content\/uploads\/2023\/11\/19-150x150.png\" class=\"attachment-thumbnail size-thumbnail\" alt=\"\" decoding=\"async\" loading=\"lazy\" \/><\/a>\n\t\t\t<\/div><\/figure><figure class='gallery-item'>\n\t\t\t<div class='gallery-icon landscape'>\n\t\t\t\t<a href='https:\/\/muvacandalucia.es\/index.php\/2023\/11\/22\/gourmet-cazorla-presentara-en-su-sala-de-exposiciones-una-exposicion-de-eduardo-urculo-con-el-lema-el-enigma-del-viajero\/attachment\/18\/'><img width=\"150\" height=\"150\" src=\"https:\/\/muvacandalucia.es\/wp-content\/uploads\/2023\/11\/18-150x150.jpg\" class=\"attachment-thumbnail size-thumbnail\" alt=\"\" decoding=\"async\" loading=\"lazy\" \/><\/a>\n\t\t\t<\/div><\/figure><figure class='gallery-item'>\n\t\t\t<div class='gallery-icon landscape'>\n\t\t\t\t<a href='https:\/\/muvacandalucia.es\/index.php\/2023\/11\/22\/gourmet-cazorla-presentara-en-su-sala-de-exposiciones-una-exposicion-de-eduardo-urculo-con-el-lema-el-enigma-del-viajero\/attachment\/17\/'><img width=\"150\" height=\"150\" src=\"https:\/\/muvacandalucia.es\/wp-content\/uploads\/2023\/11\/17-150x150.png\" class=\"attachment-thumbnail size-thumbnail\" alt=\"\" decoding=\"async\" loading=\"lazy\" \/><\/a>\n\t\t\t<\/div><\/figure><figure class='gallery-item'>\n\t\t\t<div class='gallery-icon landscape'>\n\t\t\t\t<a href='https:\/\/muvacandalucia.es\/index.php\/2023\/11\/22\/gourmet-cazorla-presentara-en-su-sala-de-exposiciones-una-exposicion-de-eduardo-urculo-con-el-lema-el-enigma-del-viajero\/attachment\/16\/'><img width=\"150\" height=\"150\" src=\"https:\/\/muvacandalucia.es\/wp-content\/uploads\/2023\/11\/16-150x150.png\" class=\"attachment-thumbnail size-thumbnail\" alt=\"\" decoding=\"async\" loading=\"lazy\" \/><\/a>\n\t\t\t<\/div><\/figure><figure class='gallery-item'>\n\t\t\t<div class='gallery-icon landscape'>\n\t\t\t\t<a href='https:\/\/muvacandalucia.es\/index.php\/2023\/11\/22\/gourmet-cazorla-presentara-en-su-sala-de-exposiciones-una-exposicion-de-eduardo-urculo-con-el-lema-el-enigma-del-viajero\/attachment\/15\/'><img width=\"150\" height=\"150\" src=\"https:\/\/muvacandalucia.es\/wp-content\/uploads\/2023\/11\/15-150x150.png\" class=\"attachment-thumbnail size-thumbnail\" alt=\"\" decoding=\"async\" loading=\"lazy\" \/><\/a>\n\t\t\t<\/div><\/figure><figure class='gallery-item'>\n\t\t\t<div class='gallery-icon landscape'>\n\t\t\t\t<a href='https:\/\/muvacandalucia.es\/index.php\/2023\/11\/22\/gourmet-cazorla-presentara-en-su-sala-de-exposiciones-una-exposicion-de-eduardo-urculo-con-el-lema-el-enigma-del-viajero\/attachment\/14\/'><img width=\"150\" height=\"150\" src=\"https:\/\/muvacandalucia.es\/wp-content\/uploads\/2023\/11\/14-150x150.png\" class=\"attachment-thumbnail size-thumbnail\" alt=\"\" decoding=\"async\" loading=\"lazy\" \/><\/a>\n\t\t\t<\/div><\/figure><figure class='gallery-item'>\n\t\t\t<div class='gallery-icon landscape'>\n\t\t\t\t<a href='https:\/\/muvacandalucia.es\/index.php\/2023\/11\/22\/gourmet-cazorla-presentara-en-su-sala-de-exposiciones-una-exposicion-de-eduardo-urculo-con-el-lema-el-enigma-del-viajero\/attachment\/13\/'><img width=\"150\" height=\"150\" src=\"https:\/\/muvacandalucia.es\/wp-content\/uploads\/2023\/11\/13-150x150.png\" class=\"attachment-thumbnail size-thumbnail\" alt=\"\" decoding=\"async\" loading=\"lazy\" \/><\/a>\n\t\t\t<\/div><\/figure><figure class='gallery-item'>\n\t\t\t<div class='gallery-icon landscape'>\n\t\t\t\t<a href='https:\/\/muvacandalucia.es\/index.php\/2023\/11\/22\/gourmet-cazorla-presentara-en-su-sala-de-exposiciones-una-exposicion-de-eduardo-urculo-con-el-lema-el-enigma-del-viajero\/attachment\/12\/'><img width=\"150\" height=\"150\" src=\"https:\/\/muvacandalucia.es\/wp-content\/uploads\/2023\/11\/12-150x150.png\" class=\"attachment-thumbnail size-thumbnail\" alt=\"\" decoding=\"async\" loading=\"lazy\" \/><\/a>\n\t\t\t<\/div><\/figure><figure class='gallery-item'>\n\t\t\t<div class='gallery-icon landscape'>\n\t\t\t\t<a href='https:\/\/muvacandalucia.es\/index.php\/2023\/11\/22\/gourmet-cazorla-presentara-en-su-sala-de-exposiciones-una-exposicion-de-eduardo-urculo-con-el-lema-el-enigma-del-viajero\/attachment\/11\/'><img width=\"150\" height=\"150\" src=\"https:\/\/muvacandalucia.es\/wp-content\/uploads\/2023\/11\/11-150x150.png\" class=\"attachment-thumbnail size-thumbnail\" alt=\"\" decoding=\"async\" loading=\"lazy\" \/><\/a>\n\t\t\t<\/div><\/figure><figure class='gallery-item'>\n\t\t\t<div class='gallery-icon portrait'>\n\t\t\t\t<a href='https:\/\/muvacandalucia.es\/index.php\/2023\/11\/22\/gourmet-cazorla-presentara-en-su-sala-de-exposiciones-una-exposicion-de-eduardo-urculo-con-el-lema-el-enigma-del-viajero\/attachment\/10\/'><img width=\"150\" height=\"150\" src=\"https:\/\/muvacandalucia.es\/wp-content\/uploads\/2023\/11\/10-150x150.png\" class=\"attachment-thumbnail size-thumbnail\" alt=\"\" decoding=\"async\" loading=\"lazy\" \/><\/a>\n\t\t\t<\/div><\/figure><figure class='gallery-item'>\n\t\t\t<div class='gallery-icon portrait'>\n\t\t\t\t<a href='https:\/\/muvacandalucia.es\/index.php\/2023\/11\/22\/gourmet-cazorla-presentara-en-su-sala-de-exposiciones-una-exposicion-de-eduardo-urculo-con-el-lema-el-enigma-del-viajero\/attachment\/9\/'><img width=\"150\" height=\"150\" src=\"https:\/\/muvacandalucia.es\/wp-content\/uploads\/2023\/11\/9-150x150.png\" class=\"attachment-thumbnail size-thumbnail\" alt=\"\" decoding=\"async\" loading=\"lazy\" \/><\/a>\n\t\t\t<\/div><\/figure><figure class='gallery-item'>\n\t\t\t<div class='gallery-icon portrait'>\n\t\t\t\t<a href='https:\/\/muvacandalucia.es\/index.php\/2023\/11\/22\/gourmet-cazorla-presentara-en-su-sala-de-exposiciones-una-exposicion-de-eduardo-urculo-con-el-lema-el-enigma-del-viajero\/attachment\/8\/'><img width=\"150\" height=\"150\" src=\"https:\/\/muvacandalucia.es\/wp-content\/uploads\/2023\/11\/8-150x150.png\" class=\"attachment-thumbnail size-thumbnail\" alt=\"\" decoding=\"async\" loading=\"lazy\" \/><\/a>\n\t\t\t<\/div><\/figure><figure class='gallery-item'>\n\t\t\t<div class='gallery-icon portrait'>\n\t\t\t\t<a href='https:\/\/muvacandalucia.es\/index.php\/2023\/11\/22\/gourmet-cazorla-presentara-en-su-sala-de-exposiciones-una-exposicion-de-eduardo-urculo-con-el-lema-el-enigma-del-viajero\/attachment\/7\/'><img width=\"150\" height=\"150\" src=\"https:\/\/muvacandalucia.es\/wp-content\/uploads\/2023\/11\/7-150x150.png\" class=\"attachment-thumbnail size-thumbnail\" alt=\"\" decoding=\"async\" loading=\"lazy\" \/><\/a>\n\t\t\t<\/div><\/figure><figure class='gallery-item'>\n\t\t\t<div class='gallery-icon portrait'>\n\t\t\t\t<a href='https:\/\/muvacandalucia.es\/index.php\/2023\/11\/22\/gourmet-cazorla-presentara-en-su-sala-de-exposiciones-una-exposicion-de-eduardo-urculo-con-el-lema-el-enigma-del-viajero\/attachment\/6\/'><img width=\"150\" height=\"150\" src=\"https:\/\/muvacandalucia.es\/wp-content\/uploads\/2023\/11\/6-150x150.png\" class=\"attachment-thumbnail size-thumbnail\" alt=\"\" decoding=\"async\" loading=\"lazy\" \/><\/a>\n\t\t\t<\/div><\/figure><figure class='gallery-item'>\n\t\t\t<div class='gallery-icon landscape'>\n\t\t\t\t<a href='https:\/\/muvacandalucia.es\/index.php\/2023\/11\/22\/gourmet-cazorla-presentara-en-su-sala-de-exposiciones-una-exposicion-de-eduardo-urculo-con-el-lema-el-enigma-del-viajero\/attachment\/5\/'><img width=\"150\" height=\"150\" src=\"https:\/\/muvacandalucia.es\/wp-content\/uploads\/2023\/11\/5-150x150.jpg\" class=\"attachment-thumbnail size-thumbnail\" alt=\"\" decoding=\"async\" loading=\"lazy\" \/><\/a>\n\t\t\t<\/div><\/figure><figure class='gallery-item'>\n\t\t\t<div class='gallery-icon portrait'>\n\t\t\t\t<a href='https:\/\/muvacandalucia.es\/index.php\/2023\/11\/22\/gourmet-cazorla-presentara-en-su-sala-de-exposiciones-una-exposicion-de-eduardo-urculo-con-el-lema-el-enigma-del-viajero\/attachment\/4\/'><img width=\"150\" height=\"150\" src=\"https:\/\/muvacandalucia.es\/wp-content\/uploads\/2023\/11\/4-150x150.png\" class=\"attachment-thumbnail size-thumbnail\" alt=\"\" decoding=\"async\" loading=\"lazy\" \/><\/a>\n\t\t\t<\/div><\/figure><figure class='gallery-item'>\n\t\t\t<div class='gallery-icon portrait'>\n\t\t\t\t<a href='https:\/\/muvacandalucia.es\/index.php\/2023\/11\/22\/gourmet-cazorla-presentara-en-su-sala-de-exposiciones-una-exposicion-de-eduardo-urculo-con-el-lema-el-enigma-del-viajero\/attachment\/3\/'><img width=\"150\" height=\"150\" src=\"https:\/\/muvacandalucia.es\/wp-content\/uploads\/2023\/11\/3-150x150.png\" class=\"attachment-thumbnail size-thumbnail\" alt=\"\" decoding=\"async\" loading=\"lazy\" \/><\/a>\n\t\t\t<\/div><\/figure><figure class='gallery-item'>\n\t\t\t<div class='gallery-icon portrait'>\n\t\t\t\t<a href='https:\/\/muvacandalucia.es\/index.php\/2023\/11\/22\/gourmet-cazorla-presentara-en-su-sala-de-exposiciones-una-exposicion-de-eduardo-urculo-con-el-lema-el-enigma-del-viajero\/attachment\/2\/'><img width=\"150\" height=\"150\" src=\"https:\/\/muvacandalucia.es\/wp-content\/uploads\/2023\/11\/2-150x150.png\" class=\"attachment-thumbnail size-thumbnail\" alt=\"\" decoding=\"async\" loading=\"lazy\" \/><\/a>\n\t\t\t<\/div><\/figure><figure class='gallery-item'>\n\t\t\t<div class='gallery-icon portrait'>\n\t\t\t\t<a href='https:\/\/muvacandalucia.es\/index.php\/2023\/11\/22\/gourmet-cazorla-presentara-en-su-sala-de-exposiciones-una-exposicion-de-eduardo-urculo-con-el-lema-el-enigma-del-viajero\/attachment\/1\/'><img width=\"150\" height=\"150\" src=\"https:\/\/muvacandalucia.es\/wp-content\/uploads\/2023\/11\/1-150x150.png\" class=\"attachment-thumbnail size-thumbnail\" alt=\"\" decoding=\"async\" loading=\"lazy\" \/><\/a>\n\t\t\t<\/div><\/figure><figure class='gallery-item'>\n\t\t\t<div class='gallery-icon portrait'>\n\t\t\t\t<a href='https:\/\/muvacandalucia.es\/index.php\/2023\/11\/22\/gourmet-cazorla-presentara-en-su-sala-de-exposiciones-una-exposicion-de-eduardo-urculo-con-el-lema-el-enigma-del-viajero\/attachment\/0\/'><img width=\"150\" height=\"150\" src=\"https:\/\/muvacandalucia.es\/wp-content\/uploads\/2023\/11\/0-150x150.png\" class=\"attachment-thumbnail size-thumbnail\" alt=\"\" decoding=\"async\" loading=\"lazy\" \/><\/a>\n\t\t\t<\/div><\/figure>\n\t\t<\/div>\n\n","protected":false},"excerpt":{"rendered":"<p>GC Espacio de Arte presentar\u00e1 el pr\u00f3ximo viernes, 24 de noviembre, a las 20 horas la exposici\u00f3n del pintor y escultor santurzano Eduardo \u00darculo que bajo el t\u00edtulo de \u201cEl&hellip;<\/p>\n","protected":false},"author":1,"featured_media":2161,"comment_status":"open","ping_status":"open","sticky":false,"template":"","format":"standard","meta":[],"categories":[352],"tags":[353,354,356,355],"jetpack_featured_media_url":"https:\/\/muvacandalucia.es\/wp-content\/uploads\/2023\/11\/cuadro-urculo.jpg","_links":{"self":[{"href":"https:\/\/muvacandalucia.es\/index.php\/wp-json\/wp\/v2\/posts\/2128"}],"collection":[{"href":"https:\/\/muvacandalucia.es\/index.php\/wp-json\/wp\/v2\/posts"}],"about":[{"href":"https:\/\/muvacandalucia.es\/index.php\/wp-json\/wp\/v2\/types\/post"}],"author":[{"embeddable":true,"href":"https:\/\/muvacandalucia.es\/index.php\/wp-json\/wp\/v2\/users\/1"}],"replies":[{"embeddable":true,"href":"https:\/\/muvacandalucia.es\/index.php\/wp-json\/wp\/v2\/comments?post=2128"}],"version-history":[{"count":4,"href":"https:\/\/muvacandalucia.es\/index.php\/wp-json\/wp\/v2\/posts\/2128\/revisions"}],"predecessor-version":[{"id":2166,"href":"https:\/\/muvacandalucia.es\/index.php\/wp-json\/wp\/v2\/posts\/2128\/revisions\/2166"}],"wp:featuredmedia":[{"embeddable":true,"href":"https:\/\/muvacandalucia.es\/index.php\/wp-json\/wp\/v2\/media\/2161"}],"wp:attachment":[{"href":"https:\/\/muvacandalucia.es\/index.php\/wp-json\/wp\/v2\/media?parent=2128"}],"wp:term":[{"taxonomy":"category","embeddable":true,"href":"https:\/\/muvacandalucia.es\/index.php\/wp-json\/wp\/v2\/categories?post=2128"},{"taxonomy":"post_tag","embeddable":true,"href":"https:\/\/muvacandalucia.es\/index.php\/wp-json\/wp\/v2\/tags?post=2128"}],"curies":[{"name":"wp","href":"https:\/\/api.w.org\/{rel}","templated":true}]}}