{"id":2088,"date":"2023-03-20T11:21:58","date_gmt":"2023-03-20T11:21:58","guid":{"rendered":"https:\/\/muvacandalucia.es\/?p=2088"},"modified":"2023-03-20T19:57:39","modified_gmt":"2023-03-20T19:57:39","slug":"la-obra-de-paco-banos-en-la-coleccion-de-su-hijo-luis-banos","status":"publish","type":"post","link":"https:\/\/muvacandalucia.es\/index.php\/2023\/03\/20\/la-obra-de-paco-banos-en-la-coleccion-de-su-hijo-luis-banos\/","title":{"rendered":"La obra de Paco Ba\u00f1os en la colecci\u00f3n de su hijo Luis Ba\u00f1os"},"content":{"rendered":"<p>Del estudio de las obras expuestas en la cl\u00ednica de Luis Ba\u00f1os, se desprende que, de los trabajos que obran en poder de la familia, treinta y tres se hallan al alcance del p\u00fablico en una visita al local de la cl\u00ednica. En realidad, el alcance de \u00e9sta es limitado porque algunas de las obras se encuentran en salas de cura o despachos no abiertos al p\u00fablico que pretenda acceder a ellas aunque pueden ser visitadas libremente esperando que el despacho est\u00e9 desocupado y puedan ser acompa\u00f1ados por personal de la cl\u00ednica.<\/p>\n<p align=\"JUSTIFY\">La iluminaci\u00f3n es, en general, correcta, pero es imposible controlar otras variables como la humedad ambiental o la poluci\u00f3n por lo que la conservaci\u00f3n de las obras corre peligro a medio\/largo plazo aunque actualmente todas presentan un buen estado.<\/p>\n<figure id=\"attachment_2098\" aria-describedby=\"caption-attachment-2098\" style=\"width: 2560px\" class=\"wp-caption alignnone\"><img decoding=\"async\" loading=\"lazy\" class=\"size-full wp-image-2098\" src=\"https:\/\/muvacandalucia.es\/wp-content\/uploads\/2023\/03\/IMG_1976-scaled.jpg\" alt=\"Alguna de las obras expuestas\" width=\"2560\" height=\"1920\" srcset=\"https:\/\/muvacandalucia.es\/wp-content\/uploads\/2023\/03\/IMG_1976-scaled.jpg 2560w, https:\/\/muvacandalucia.es\/wp-content\/uploads\/2023\/03\/IMG_1976-300x225.jpg 300w, https:\/\/muvacandalucia.es\/wp-content\/uploads\/2023\/03\/IMG_1976-1024x768.jpg 1024w, https:\/\/muvacandalucia.es\/wp-content\/uploads\/2023\/03\/IMG_1976-768x576.jpg 768w, https:\/\/muvacandalucia.es\/wp-content\/uploads\/2023\/03\/IMG_1976-1536x1152.jpg 1536w, https:\/\/muvacandalucia.es\/wp-content\/uploads\/2023\/03\/IMG_1976-2048x1536.jpg 2048w\" sizes=\"(max-width: 2560px) 100vw, 2560px\" \/><figcaption id=\"caption-attachment-2098\" class=\"wp-caption-text\">Alguna de las obras expuestas<\/figcaption><\/figure>\n<p align=\"JUSTIFY\">A fin de permitir una visi\u00f3n general de la obra de Ba\u00f1os en la cl\u00ednica se ha elaborado un inventario que podr\u00e1 descargar aqu\u00ed.<\/p>\n<p align=\"JUSTIFY\">La carencia de nombres propios para la mayor\u00eda de las obras (designadas en su mayor\u00eda como \u201cSin t\u00edtulo\u201d) nos ha llevado a utilizar en algunos casos nombres relativos a sus caracter\u00edsticas serializ\u00e1ndolos. Por ejemplo, los dibujos de desnudos masculinos han sido inventariados como \u201cEstudio anat\u00f3mico masculino\u201d y numerado del 1 al 4.<\/p>\n<p align=\"JUSTIFY\">En la obra expuesta encontramos ejemplos de cada una de las etapas del pintor, aunque Ba\u00f1os es un artista que no descarta etapas pasando de una a otra, sino que, seg\u00fan Emilia Mar\u00edn en la entrevista preparatoria de este trabajo,<\/p>\n<p align=\"JUSTIFY\"><span style=\"font-size: small;\">Paco lleg\u00f3 a compaginar la figuraci\u00f3n y la abstracci\u00f3n. Ten\u00eda varias l\u00edneas de creaci\u00f3n y las segu\u00eda indistintamente. Esto lo podemos apreciar al observar estas tres obras de la misma \u00e9poca: <\/span><span style=\"font-size: small;\"><i>Mineros de Linares<\/i><\/span><span style=\"font-size: small;\"> de 1957, <\/span><span style=\"font-size: small;\"><i>Motivos humanos<\/i><\/span><span style=\"font-size: small;\"> de 1957, <\/span><span style=\"font-size: small;\"><i>Naufragio<\/i><\/span><span style=\"font-size: small;\"> de 1958 y <\/span><span style=\"font-size: small;\"><i>Sin t\u00edtulo<\/i><\/span><span style=\"font-size: small;\"> de 1958. (Anexo III, 4).<\/span><\/p>\n<p align=\"JUSTIFY\">No ser\u00e1 f\u00e1cil, pues, una clasificaci\u00f3n de las obras exclusivamente por tema, cronolog\u00eda, l\u00ednea de creaci\u00f3n o materiales, porque el pintor era capaz de simultanear varias de ellas.<\/p>\n<p align=\"JUSTIFY\">Los ocho dibujos que hemos titulado <i>Estudio Anat\u00f3mico<\/i> (femenino o masculino numerados del uno al ocho) pertenecen claramente a la etapa de formaci\u00f3n del pintor. Son estudios realizados al natural con toda probabilidad como trabajos realizados en las sesiones nocturnas del C\u00edrculo de Bellas Artes de Madrid que frecuenta simult\u00e1neamente a su asistencia a clases en San Fernando. Son las obras de un dibujante nato, con un acabado acad\u00e9mico y reveladoras de un profundo conocimiento de las formas anat\u00f3micas datadas todas ellas entre 1949 y 1952.<\/p>\n<figure id=\"attachment_2099\" aria-describedby=\"caption-attachment-2099\" style=\"width: 1920px\" class=\"wp-caption alignnone\"><img decoding=\"async\" loading=\"lazy\" class=\"size-full wp-image-2099\" src=\"https:\/\/muvacandalucia.es\/wp-content\/uploads\/2023\/03\/IMG_1969-scaled.jpg\" alt=\"Desde la Recepci\u00f3n\" width=\"1920\" height=\"2560\" srcset=\"https:\/\/muvacandalucia.es\/wp-content\/uploads\/2023\/03\/IMG_1969-scaled.jpg 1920w, https:\/\/muvacandalucia.es\/wp-content\/uploads\/2023\/03\/IMG_1969-225x300.jpg 225w, https:\/\/muvacandalucia.es\/wp-content\/uploads\/2023\/03\/IMG_1969-768x1024.jpg 768w, https:\/\/muvacandalucia.es\/wp-content\/uploads\/2023\/03\/IMG_1969-1152x1536.jpg 1152w, https:\/\/muvacandalucia.es\/wp-content\/uploads\/2023\/03\/IMG_1969-1536x2048.jpg 1536w\" sizes=\"(max-width: 1920px) 100vw, 1920px\" \/><figcaption id=\"caption-attachment-2099\" class=\"wp-caption-text\">Desde la Recepci\u00f3n<\/figcaption><\/figure>\n<p align=\"JUSTIFY\">Expuesto en el despacho de su hijo destaca un lienzo de 1945, incluso anterior a esa etapa en la Academia de San Fernando, en el que, con diecisiete a\u00f1os, Paco Ba\u00f1os se autorretrata. Con este lienzo se cierra la presencia en la cl\u00ednica de la etapa figurativa m\u00e1s acad\u00e9mica del pintor linarense.<\/p>\n<p align=\"JUSTIFY\">La influencia del muralismo que ha absorvido pr\u00e1cticamente al artista durante la d\u00e9cada de los 50 del siglo XX la encontramos en sus <i>Cabeza de Cristo<\/i> y <i>Cabeza de la Virgen<\/i> expuestas en la Recepci\u00f3n de la cl\u00ednica (fechadas ambas a principios de los a\u00f1os 60 y referenciadas como CU1 y CU4 en nuestro inventario). Ambos lienzos ponen de manifiesto su adopci\u00f3n del neocubismo como veh\u00edculo de transmisi\u00f3n de su lenguaje limitando el modelado de la figura al encadenamiento de planos y a la esquematizaci\u00f3n de la figura que hab\u00eda demostrado dominar en su murales. Sus figuras sentadas (CU11 y 12) <span style=\"font-size: medium;\">del <\/span><span style=\"font-size: medium;\"><i>Minero de Linares<\/i><\/span><span style=\"font-size: medium;\"> y <\/span><span style=\"font-size: medium;\"><i>La delgaducha<\/i><\/span><span style=\"font-size: medium;\"> de 1963 y 1958 respectivamente son, igualmente, buenos ejemplos de esta tendencia.<\/span><\/p>\n<p align=\"JUSTIFY\"><span style=\"font-size: medium;\">De la misma \u00e9poca, un bodeg\u00f3n de 1960 -con la referencia CU5 en nuestro inventario inclu\u00eddo en el Anexo II- de formas esquem\u00e1ticas en el que se aprecia la simplificaci\u00f3n formal heredera del cubismo nos recuerda que el artista abarcaba a\u00fan toda la tem\u00e1tica que hab\u00eda cultivado en su juventud a\u00fan ensayando en ella nuevos lenguajes en claro contraste con su <\/span><span style=\"font-size: medium;\"><i>Rinc\u00f3n en el desv\u00e1n<\/i><\/span><span style=\"font-size: medium;\"> de 1950.<\/span><\/p>\n<p align=\"JUSTIFY\"><span style=\"font-size: medium;\"><span id=\"Marco4\" dir=\"LTR\">L<\/span>os temas relacionados con los mineros y la miner\u00eda de su tierra natal, cargados de sentimiento y fuerza se hallan representados por su <\/span><span style=\"font-size: medium;\"><i>Familia de mineros<\/i><\/span><span style=\"font-size: medium;\"> (CU3) de 1977 con el mismo dramatismo y sensibilidad que ya hab\u00eda puesto en <\/span><span style=\"font-size: medium;\"><i>Motivos humanos<\/i><\/span><span style=\"font-size: medium;\"> (1957) cuya referencia en nuestro inventario es CU19.<\/span><\/p>\n<figure id=\"attachment_2100\" aria-describedby=\"caption-attachment-2100\" style=\"width: 2560px\" class=\"wp-caption alignnone\"><img decoding=\"async\" loading=\"lazy\" class=\"size-full wp-image-2100\" src=\"https:\/\/muvacandalucia.es\/wp-content\/uploads\/2023\/03\/IMG_1978-scaled.jpg\" alt=\"El corredor que lleva a Administraci\u00f3n\" width=\"2560\" height=\"1920\" srcset=\"https:\/\/muvacandalucia.es\/wp-content\/uploads\/2023\/03\/IMG_1978-scaled.jpg 2560w, https:\/\/muvacandalucia.es\/wp-content\/uploads\/2023\/03\/IMG_1978-300x225.jpg 300w, https:\/\/muvacandalucia.es\/wp-content\/uploads\/2023\/03\/IMG_1978-1024x768.jpg 1024w, https:\/\/muvacandalucia.es\/wp-content\/uploads\/2023\/03\/IMG_1978-768x576.jpg 768w, https:\/\/muvacandalucia.es\/wp-content\/uploads\/2023\/03\/IMG_1978-1536x1152.jpg 1536w, https:\/\/muvacandalucia.es\/wp-content\/uploads\/2023\/03\/IMG_1978-2048x1536.jpg 2048w\" sizes=\"(max-width: 2560px) 100vw, 2560px\" \/><figcaption id=\"caption-attachment-2100\" class=\"wp-caption-text\">El corredor que lleva a Administraci\u00f3n<\/figcaption><\/figure>\n<p align=\"JUSTIFY\"><span style=\"font-size: medium;\">Los finales de la d\u00e9cada de los 50 ver\u00e1n el nacimiento de su obra abstracta lo que no supondr\u00e1 una ruptura con el pasado, sino una acumulaci\u00f3n de l\u00edneas de trabajo que simultanear\u00e1 pasando de la una a la otra sin transici\u00f3n. <\/span><\/p>\n<p align=\"JUSTIFY\"><span style=\"font-size: medium;\">Las obras, pues, abarcan todas las l\u00edneas de trabajo de Ba\u00f1os a lo largo de su trayectoria art\u00edstica y se distribuyen, adem\u00e1s de forma bastante homog\u00e9nea como se puede ver en el gr\u00e1fico adjunto aunque es apreciable el bache existente en la d\u00e9cada de los a\u00f1os 80 de siglo pasado que cuenta solamente con una obra.<\/span><\/p>\n<p align=\"JUSTIFY\"><span style=\"font-size: medium;\">El resto de su trabajo presente en la exposici\u00f3n abarca diferentes variantes que van desde la abstracci\u00f3n m\u00e1s pura con tendencia al constructivismo y la abstracci\u00f3n figurativa en la que las figuras se desmaterializan para adquirir nuevos valores de expresividad renunciando a las proporciones y la verosimilitud en beneficio de la fuerza expresiva con un cierto tono de expresinismo abstracto. Su abstracci\u00f3n pasa por la disoluci\u00f3n de las formas sobre el fondo, el uso de texturas de los propios materiales desde finales de la d\u00e9cada de los 60 como en <\/span><span style=\"font-size: medium;\"><i>Formas arqueol\u00f3gicas<\/i><\/span><span style=\"font-size: medium;\"> (CU3) o en CU16, 21 y 22 de nuestro inventario<\/span><span style=\"font-size: medium;\">.<\/span><\/p>\n<p align=\"JUSTIFY\"><span style=\"font-size: medium;\">A partir de los a\u00f1os 70, Ba\u00f1os experimentar\u00e1 sobre los campos del color y los materiales con la abstracci\u00f3n espacialista que apreciamos en CU6 (<\/span><span style=\"font-size: medium;\"><i>Futurismo espacial<\/i><\/span><span style=\"font-size: medium;\">), 7 (<\/span><span style=\"font-size: medium;\"><i>Victoria<\/i><\/span><span style=\"font-size: medium;\">) y 13 que se prolongar\u00e1 m\u00e1s all\u00e1 de la d\u00e9cada y hasta sus \u00faltimas obras en las que \u00e9sta se combina con una particular abstracci\u00f3n geom\u00e9trica como en CU23 y 24.<\/span><\/p>\n<p align=\"JUSTIFY\"><span style=\"font-size: medium;\">A lo largo de toda su trayectoria profesional, Ba\u00f1os utiliza diferentes t\u00e9cnicas que aplica indistintamente a lienzo, tablex y muro, como el acr\u00edlico en una arriesgada apuesta por en su utilizaci\u00f3n mural que supera la prueba en la Ermita de la Virgen de Linarejos aunque necesitada de retoques restaurativos.<\/span><\/p>\n<p align=\"JUSTIFY\">&lt;&lt; <a href=\"https:\/\/muvacandalucia.es\/index.php\/2023\/03\/20\/un-analisis-de-la-bibliografia-y-hemeroteca-disponibles-sobre-francisco-banos\/\"><span style=\"font-size: small;\">Un an\u00e1lisis de la bibliograf\u00eda y hemeroteca disponibles sobre Francisco Ba\u00f1os<\/span><\/a><\/p>\n<p><span style=\"font-size: small;\">OTROS ART\u00cdCULOS DE LA COLECCI\u00d3N<\/span><\/p>\n<p><a href=\"https:\/\/muvacandalucia.es\/index.php\/2023\/03\/20\/paco-banos-linarense-universal-1\/\">Paco Ba\u00f1os, linarense universal (1)<\/a><\/p>\n<p><a href=\"https:\/\/muvacandalucia.es\/index.php\/2023\/03\/20\/paco-banos-linarense-universal-2\/\">Paco Ba\u00f1os, linarense universal (2)<\/a><\/p>\n<p><a href=\"https:\/\/muvacandalucia.es\/index.php\/2023\/03\/20\/paco-banos-linarense-universal-3\/\">Paco Ba\u00f1os, linarense universal (3)<\/a><\/p>\n<p><a href=\"https:\/\/muvacandalucia.es\/index.php\/2023\/03\/20\/paco-banos-linarense-universal-4\/\">Paco Ba\u00f1os, linarense universal (4)<\/a><\/p>\n<h2 class=\"western\"><\/h2>\n<p><b>BIBLIOGRAF\u00cdA<\/b><\/p>\n<p>Almansa Moreno, J. M. y Mart\u00edn Robles, J. M. (dir.) (2016). <em>50 a\u00f1os de artes pl\u00e1sticas en Ja\u00e9n. Creaci\u00f3n, medios y espacios (1960-2010)<\/em>. Ja\u00e9n: Instituto de Estudios Giennenses, Diputaci\u00f3n Provincial de Ja\u00e9n. ISBN 978-84-92876-59-4 pp 75-79<\/p>\n<p>Camacho Conde, J. A. (2006). Francisco Ba\u00f1os Martos, el pintor sublime de Linares. <i>Bolet\u00edn del Instituto de Estudios Giennenses<\/i>, (194), 15-46<\/p>\n<p>Leis S\u00e1nchez, V. (2012). Aproximaci\u00f3n al panorama bibliogr\u00e1fico linarense sobre ciencias sociales (1950-2007). En <i>Actas I Congreso de Historia de Linares<\/i> (pp. 439-452). Centro de Estudios Linarenses.<\/p>\n<p>Mart\u00ednez Aguilar, L. (2014). <i>Historia art\u00edstica y social de los edificios linarenses<\/i>. Serv. Publicaciones Universidad de Ja\u00e9n y Centro de Estudios Linarenses, 2014<\/p>\n<p>Ram\u00edrez, Pablo (Coord.). 2004. <i>Ba\u00f1os. La ley de la buena forma<\/i>. Universidad de Ja\u00e9n. Servicio de Publicaciones.<\/p>\n<p>Viribay Abad, M. (2011). Aproximaci\u00f3n a la pintura en Ja\u00e9n: 1900-1960. <i>Bolet\u00edn del Instituto de Estudios Giennenses<\/i>, (204), 367-428.<\/p>\n<p lang=\"zxx\"><b>PRENSA<\/b><\/p>\n<p>Aldea Bustos, M. \u00abInauguraci\u00f3n del mural El Juego de Francisco Ba\u00f1os\u00bb. Diario Ja\u00e9n [Ja\u00e9n], 18 de marzo de 2004, p. 49.<\/p>\n<p>Aldea Bustos, M. \u00abLos murales la Libertad y El Juego recuperan su antiguo esplendor\u00bb. Diario Ja\u00e9n [Ja\u00e9n], 19 de marzo de 2004, p. 77.<\/p>\n","protected":false},"excerpt":{"rendered":"<p>Del estudio de las obras expuestas en la cl\u00ednica de Luis Ba\u00f1os, se desprende que, de los trabajos que obran en poder de la familia, treinta y tres se hallan&hellip;<\/p>\n","protected":false},"author":1,"featured_media":2097,"comment_status":"open","ping_status":"open","sticky":false,"template":"","format":"standard","meta":[],"categories":[3,346],"tags":[349,348,14,350],"jetpack_featured_media_url":"https:\/\/muvacandalucia.es\/wp-content\/uploads\/2023\/03\/IMG_1974-scaled.jpg","_links":{"self":[{"href":"https:\/\/muvacandalucia.es\/index.php\/wp-json\/wp\/v2\/posts\/2088"}],"collection":[{"href":"https:\/\/muvacandalucia.es\/index.php\/wp-json\/wp\/v2\/posts"}],"about":[{"href":"https:\/\/muvacandalucia.es\/index.php\/wp-json\/wp\/v2\/types\/post"}],"author":[{"embeddable":true,"href":"https:\/\/muvacandalucia.es\/index.php\/wp-json\/wp\/v2\/users\/1"}],"replies":[{"embeddable":true,"href":"https:\/\/muvacandalucia.es\/index.php\/wp-json\/wp\/v2\/comments?post=2088"}],"version-history":[{"count":4,"href":"https:\/\/muvacandalucia.es\/index.php\/wp-json\/wp\/v2\/posts\/2088\/revisions"}],"predecessor-version":[{"id":2118,"href":"https:\/\/muvacandalucia.es\/index.php\/wp-json\/wp\/v2\/posts\/2088\/revisions\/2118"}],"wp:featuredmedia":[{"embeddable":true,"href":"https:\/\/muvacandalucia.es\/index.php\/wp-json\/wp\/v2\/media\/2097"}],"wp:attachment":[{"href":"https:\/\/muvacandalucia.es\/index.php\/wp-json\/wp\/v2\/media?parent=2088"}],"wp:term":[{"taxonomy":"category","embeddable":true,"href":"https:\/\/muvacandalucia.es\/index.php\/wp-json\/wp\/v2\/categories?post=2088"},{"taxonomy":"post_tag","embeddable":true,"href":"https:\/\/muvacandalucia.es\/index.php\/wp-json\/wp\/v2\/tags?post=2088"}],"curies":[{"name":"wp","href":"https:\/\/api.w.org\/{rel}","templated":true}]}}