{"id":2086,"date":"2023-03-20T12:09:25","date_gmt":"2023-03-20T12:09:25","guid":{"rendered":"https:\/\/muvacandalucia.es\/?p=2086"},"modified":"2023-03-24T10:38:31","modified_gmt":"2023-03-24T10:38:31","slug":"un-analisis-de-la-bibliografia-y-hemeroteca-disponibles-sobre-francisco-banos","status":"publish","type":"post","link":"https:\/\/muvacandalucia.es\/index.php\/2023\/03\/20\/un-analisis-de-la-bibliografia-y-hemeroteca-disponibles-sobre-francisco-banos\/","title":{"rendered":"Un an\u00e1lisis de la  bibliograf\u00eda y hemeroteca disponibles sobre Francisco Ba\u00f1os"},"content":{"rendered":"<p align=\"JUSTIFY\"><span style=\"font-size: medium;\">La informaci\u00f3n existente sobre Francisco Ba\u00f1os nos presenta un panorama relativamente limitado. En lo relativo a publicaciones acad\u00e9micas encontramos referencias al autor en obras del alcance de <\/span><em><span style=\"font-size: medium;\">50 a\u00f1os de artes pl\u00e1sticas en Ja\u00e9n. Creaci\u00f3n, medios y espacios (1960-2010)<\/span><\/em><em><span style=\"font-size: medium;\"> avalado por las firmas de los profesores Jos\u00e9 Manuel Almansa Moreno y Juan Manuel Mart\u00edn Robles de la Universidad de Ja\u00e9n y un sobresaliente grupo de investigadores que muestra una semblanza del autor tan ajustada al espacio como se puede esperar en una obra de las dimensiones y objetivos que se plantea \u00e9sta.<\/span><\/em><\/p>\n<p align=\"JUSTIFY\"><em><span style=\"font-size: medium;\">Autores como el grabador y pintor Miguel Viribay Abad o Jos\u00e9 Antonio Camacho Conde, profesor Ayudante Doctor del Departamento de Psicolog\u00eda Evolutiva y de la Educaci\u00f3n de la Universidad de Granada dedican interesantes art\u00edculos al artista linarense en los cuales hemos encontrado sobresalientes an\u00e1lisis de la vida y obra del Ba\u00f1os especialmente centrados en su faceta como muralista que es especialmente detallada en el trabajo de Camacho Conde. Ambos trabajos ser\u00e1n publicados por el Instituto de Estudios Giennenses lo que nos da una idea del inter\u00e9s que despierta la figura de artista en medios provinciales.<\/span><\/em><\/p>\n<p align=\"JUSTIFY\"><em><span style=\"font-size: medium;\">Sin embargo, una de las obras de mayor inter\u00e9s ser\u00e1 sin duda el cat\u00e1logo de la retrospectiva realizada en Valencia y Ja\u00e9n de enero a abril de 2004 que recoge casi la totalidad de su obra dado que el fallecimiento del pintor tuvo lugar apenas dos a\u00f1os despu\u00e9s de la celebraci\u00f3n de las exposiciones <\/span><\/em><span style=\"font-size: medium;\">(Ram\u00edrez, 2012, 449) y que cuenta con art\u00edculos tem\u00e1ticos redactados por prestigiosas firmas.<\/span><\/p>\n<p align=\"JUSTIFY\"><span style=\"font-size: medium;\">Por lo dem\u00e1s, el panorama bibliogr\u00e1fico es muy reducido y no conocemos ninguna monograf\u00eda que estudie en detalle la obra del autor. Especialmente, la obra de caballete.<\/span><\/p>\n<p align=\"JUSTIFY\"><span style=\"font-size: medium;\">En la red, es posible encontrar referencias a la figura y obra de Francisco Ba\u00f1os con motivo de su fallecimiento o de alguna exposici\u00f3n importante como la se\u00f1alada anteriormente de 2004.<\/span><\/p>\n<p align=\"JUSTIFY\"><span style=\"font-size: medium;\">Un an\u00e1lisis detenido de la hemeroteca nos permite rescatar informaciones publicadas en prensa escrita desde sus primeros a\u00f1os como pintor hasta la actualidad. Especialmente en la prensa provincial. <\/span><\/p>\n<p align=\"JUSTIFY\"><span style=\"font-size: medium;\">As\u00ed, en Diario Ja\u00e9n encontramos m\u00faltiples referencias a Ba\u00f1os en la hemeroteca microfilmada de esta publicaci\u00f3n existente en el Instituto de Estudios Giennenses en la que, hasta 1972 podemos encontrar diez publicaciones entre 1963 y 1972 que, desgraciadamente, son dif\u00edcilmente aprovechables dada la escasa calidad de las reproducciones obtenidas para este trabajo que carecen de resoluci\u00f3n hasta hacer ilegible el texto.<\/span><\/p>\n<p align=\"JUSTIFY\"><span style=\"font-size: medium;\">En el caso de las referencias en este mismo diario existentes en el archivo en papel desde 1973 y las apariciones de la figura del pintor en la edici\u00f3n digital de Diario Ja\u00e9n, la calidad es perfecta y hemos podido recoger otras veintiseis referencias en este caso del m\u00e1ximo inter\u00e9s que relacionamos en el anexo de prensa.<\/span><\/p>\n<p align=\"JUSTIFY\"><span style=\"font-size: medium;\">En Diario Ideal encontramos otras once referencias en el periodo comprendido entre 1969 y 2006, pero llegada esa fecha, la digitalizaci\u00f3n del hist\u00f3rico del periodo nos ha permitido rescatar 21 art\u00edculos publicados entre 2006 y la actualidad lo que nos da una idea m\u00e1s precisa de la importancia adjudicada al autor, incluso despu\u00e9s de su fallecimiento.<\/span><\/p>\n<p align=\"JUSTIFY\"><span style=\"font-size: medium;\">El Diario El Pa\u00eds y el Diario de C\u00f3rdoba tambi\u00e9n se ocupan de Francisco Ba\u00f1os coincidiendo con s<\/span><span style=\"font-size: medium;\"><span id=\"Marco1\" dir=\"LTR\"><\/span>u fallecimiento.<\/span><\/p>\n<p align=\"JUSTIFY\"><span style=\"font-size: medium;\">La d\u00e9cada de los 70 del siglo pasado ser\u00e1 la \u00e9poca m\u00e1s fecunda en informaci\u00f3n impresa acerca del pintor linarense en la prensa provincial debido a sus obras murales en la ermita de la Virgen de Linarejos que le ocupar\u00e1n toda la d\u00e9cada y aportar\u00e1n tres art\u00edculos sobre el pintor y su participaci\u00f3n en exposiciones locales especialmente la de la inauguraci\u00f3n de <\/span><span style=\"font-size: medium;\"><i>Eduma<\/i><\/span><span style=\"font-size: medium;\"> en 1999. Por supuesto, no faltan los art\u00edculos de homenaje al artista y las entrevistas. Encontramos ocho art\u00edculos en Diario Ja\u00e9n y dos m\u00e1s, escritos por Carmen Berm\u00fadez, en Diario Ideal.<\/span><\/p>\n<p align=\"JUSTIFY\"><span style=\"font-size: medium;\">En la siguiente d\u00e9cada, los momentos en los que su figura muestra una mayor relevancia informativa coincidir\u00e1n con algunos reportajes como el realizado por Vicente Oya en 1982 para diario Ja\u00e9n que, con seis art\u00edculos publicados en d\u00edas correlativos en la contraportada de los correspondientes n\u00fameros, entre el d\u00eda nueve y el catorce de marzo, cubre todo el espectro de la obra de Ba\u00f1os hasta esa fecha en la profundidad que cabe de esperar de la brillante pluma de Oya Rodr\u00edguez (y de la relaci\u00f3n de \u00e9ste con el pintor) para una publicaci\u00f3n de divulgaci\u00f3n.<\/span><\/p>\n<p align=\"JUSTIFY\"><span style=\"font-size: medium;\">La presencia en medios del artista se limita a dos art\u00edculos de Miguel Viribay en Diario Ja\u00e9n durante la d\u00e9cada de los 90 debido fundamentalmente a la distancia entre el lugar de trabajo habitual del artista en Valencia y un relativa disminuci\u00f3n de su participaci\u00f3n en muestras y exposiciones, aunque es de destacar en este \u00e1mbito la exposici\u00f3n de obras de 15 artistas en la Galer\u00eda Eduma, en 1999, en la que las obras de Ba\u00f1os constituyen el n\u00facleo de la atenci\u00f3n de la mayor\u00eda de los visitantes.<\/span><\/p>\n<p align=\"JUSTIFY\"><span style=\"font-size: medium;\">La primera d\u00e9cada del siglo XXI se convierte en el periodo m\u00e1s fecundo en lo que a noticias se refiere. Sin duda, ser\u00e1 el fallecimiento del artista, en marzo de 2006, la noticia que m\u00e1s provocar\u00e1 una elevaci\u00f3n de los \u00edndices de informaciones aparecidas en medios. El Pa\u00eds y Diario de C\u00f3rdoba reflejan el tr\u00e1gico momento en sus p\u00e1ginas y los Diarios provinciales glosan la figura del artista en varios art\u00edculos a lo largo de la d\u00e9cada en homenaje al pintor. Otro foco de atenci\u00f3n lo constituir\u00e1n las restauraciones de sus trabajos en la iglesia de Adaro o en el colegio Alcal\u00e1 Venceslada (mural El Juego) y el \u201crescate\u201d de sus terracotas en el Cine Olympia. Diario Ja\u00e9n dedica trece art\u00edculos al artista y a las noticias mencionadas y Diario Ideal otras doce informaciones sobre la misma tem\u00e1tica.<\/span><\/p>\n<p><span style=\"font-size: medium;\"><i><span style=\"font-size: small;\">Tabla 2: Apariciones por a\u00f1os. Fuente: elaboraci\u00f3n propia<\/span><\/i><\/span><\/p>\n<p align=\"JUSTIFY\"><span style=\"font-size: medium;\">Es justo admitir que la irrupci\u00f3n de la inform\u00e1tica, las tecnolog\u00edas de la informaci\u00f3n y las redes sociales tendr\u00e1n a partir de esta d\u00e9cada mucho que ver con el repunte de informaciones aparecidas en los medios ya que la aparici\u00f3n de diarios digitales y la posibilidad de acceder a ellos incluso muchos a\u00f1os despu\u00e9s de la publicaci\u00f3n del art\u00edculo original har\u00e1n posible que la extensi\u00f3n y el alcance de los escritos sea mayor que el disponible en prensa escrita y la posibilidad de acceder a estos se multiplique. Merece menci\u00f3n especial en este aspecto la digitalizaci\u00f3n de toda la informaci\u00f3n de Diario Ideal desde 2006 que facilita enormemente el acceso exahustivo a las referencias.<\/span><\/p>\n<p align=\"JUSTIFY\"><span style=\"font-size: medium;\">Esta explosi\u00f3n de recursos hace que, sin ir m\u00e1s lejos, en el citado Diario Ideal, aparezcan 12 art\u00edculos sobre la obra, restauraciones y referencias al pintor en el periodo comprendido entre 2010 y 2021. <\/span><\/p>\n<p><span style=\"font-family: Times New Roman, serif;\"><span style=\"font-size: medium;\"><b>ANEXO I: <\/b><\/span><\/span><span style=\"font-family: Times New Roman, serif;\"><span style=\"font-size: medium;\">Art\u00edculos de prensa.<\/span><\/span><\/p>\n<p><span style=\"font-family: Times New Roman, serif;\"><span style=\"font-size: medium;\"><b>Diario Ja\u00e9n<\/b><\/span><\/span><span style=\"font-family: Times New Roman, serif;\"><span style=\"font-size: medium;\"> (Biblioteca Instituto de Estudios Giennenses visitado 3 de marzo de 2022)<\/span><\/span><\/p>\n<p><span style=\"font-family: Times New Roman, serif;\"><span style=\"font-size: medium;\">En Microfilm (hasta 1972)<\/span><\/span><\/p>\n<p><span style=\"font-family: Times New Roman, serif;\"><span style=\"font-size: medium;\">D\u00e9cada de los &#8217;60<\/span><\/span><\/p>\n<ol>\n<li><span style=\"font-family: Times New Roman, serif;\"><span style=\"font-size: medium;\">\u00abNueva iglesia de la Empresa Nacional Adaro, en Linares\u00bb. Ja\u00e9n (Ja\u00e9n), 15 de mayo de 1963, p. 7<\/span><\/span><\/li>\n<li><span style=\"font-family: Times New Roman, serif;\"><span style=\"font-size: medium;\">OYA RODR\u00cdGUEZ, Vicente . \u00abLo que dicen cuatro pintores de Ja\u00e9n\u00bb. Diario Ja\u00e9n (Ja\u00e9n), 17 de octubre de 1963.<br \/>\n\u00abEl barro b\u00edblico reza en Tiscar\u00bb. Diario Ja\u00e9n (Ja\u00e9n), 15 de diciembre de 1964, s. p. pag 17<\/span><\/span><\/li>\n<li><span style=\"font-family: Times New Roman, serif;\"><span style=\"font-size: medium;\">\u00abEl Grupo Ja\u00e9n de pintores expondr\u00e1, pr\u00f3ximamente, en Granada\u00bb. Diario Ja\u00e9n (Ja\u00e9n), 8 de enero de 1967, p. 2.<\/span><\/span><\/li>\n<li><span style=\"font-family: Times New Roman, serif;\"><span style=\"font-size: medium;\">\u00abLos pintores del \u201cGrupo Ja\u00e9n\u201d triunfan en Granada\u00bb. Diario Ja\u00e9n (Ja\u00e9n), 13 de enero de 1967, p. 2.<\/span><\/span><\/li>\n<\/ol>\n<p><span style=\"font-family: Times New Roman, serif;\"><span style=\"font-size: medium;\">D\u00e9cada de los &#8217;70<\/span><\/span><\/p>\n<ol start=\"5\">\n<li><span style=\"font-family: Times New Roman, serif;\"><span style=\"font-size: medium;\">L.: \u00abNuestro reportaje, hoy\u00bb. Diario Ja\u00e9n (Ja\u00e9n), 30 de mayo de 1970, p. 3, 6.<\/span><\/span><\/li>\n<li><span style=\"font-family: Times New Roman, serif;\"><span style=\"font-size: medium;\">IB\u00c1\u00d1EZ CONDE, Carlos. \u00abUna exposici\u00f3n antol\u00f3gica\u00bb. Diario Ja\u00e9n (Ja\u00e9n), 10 de junio de 1970, p. 14 y contraportada.<\/span><\/span><\/li>\n<li><span style=\"font-family: Times New Roman, serif;\"><span style=\"font-size: medium;\">IB\u00c1\u00d1EZ CONDE, Carlos: \u00abAnte la XXV Exposici\u00f3n de Pintura\u00bb. Diario Ja\u00e9n (Ja\u00e9n), 27 de junio de 1970, p. 10.<\/span><\/span><\/li>\n<li><span style=\"font-family: Times New Roman, serif;\"><span style=\"font-size: medium;\">CORBELL\u00c1, Carmen. \u00abManifestaciones de Francisco Ba\u00f1os en torno a su pintura\u00bb. Diario Ja\u00e9n (Ja\u00e9n), 11 de junio de 1971, p. 9.<\/span><\/span><\/li>\n<li><span style=\"font-family: Times New Roman, serif;\"><span style=\"font-size: medium;\">\u00abPaco Ba\u00f1os va a decorar la b\u00f3veda y cruceros del Santuario\u00bb. Diario Ja\u00e9n (Ja\u00e9n), 1 de agosto de 1970, p. 9.<\/span><\/span><\/li>\n<li><span style=\"font-family: Times New Roman, serif;\"><span style=\"font-size: medium;\">IB\u00c1\u00d1EZ CONDE, Carlos: \u00abAnte la XXV Exposici\u00f3n de Pintura\u00bb. Diario Ja\u00e9n (Ja\u00e9n), 27 de junio de 1970, p. 10.<\/span><\/span><\/li>\n<\/ol>\n<p><span style=\"font-family: Times New Roman, serif;\"><span style=\"font-size: medium;\">Diario Ja\u00e9n en papel (Im\u00e1genes disponibles de PDF. Descargar)<\/span><\/span><\/p>\n<ol start=\"11\">\n<li><span style=\"font-family: Times New Roman, serif;\"><span style=\"font-size: medium;\">\u00abLos murales de Paco Ba\u00f1os en la Ermita de la Virgen de Linarejos\u00bb. Diario Ja\u00e9n (Ja\u00e9n), 18 de octubre de 1979, p. 18.<\/span><\/span><\/li>\n<li><span style=\"font-family: Times New Roman, serif;\"><span style=\"font-size: medium;\">\u00abPaco Ba\u00f1os entreg\u00f3 su obra para la ermita\u00bb. Diario Ja\u00e9n (Ja\u00e9n), 22 de agosto de 1979, p. 15.<\/span><\/span><\/li>\n<li><span style=\"font-family: Times New Roman, serif;\"><span style=\"font-size: medium;\">GIJ\u00d3N, E.: \u00abNueva sala de exposiciones para Linares\u00bb, Diario Ja\u00e9n (Ja\u00e9n), 3 de febrero de 1979, p. 11.<\/span><\/span><\/li>\n<\/ol>\n<p><span style=\"font-family: Times New Roman, serif;\"><span style=\"font-size: medium;\">D\u00e9cada de los &#8217;80 <\/span><\/span><\/p>\n<ol start=\"14\">\n<li><span style=\"font-family: Times New Roman, serif;\"><span style=\"font-size: medium;\">\u00abEn octubre, exposi<\/span><\/span><span style=\"font-family: Times New Roman, serif;\"><span style=\"font-size: medium;\">ci\u00f3n de Paco Ba\u00f1os\u00bb. Diario Ja\u00e9n (Ja\u00e9n), 17 de enero de 1982, p. 19. <\/span><\/span><\/li>\n<li><span style=\"font-family: Times New Roman, serif;\"><span style=\"font-size: medium;\">OYA RODR\u00cdGUEZ, Vicente. \u00abUna vida en seis cap\u00edtulos: Paco Ba\u00f1os I\u00bb. Diario Ja\u00e9n (Ja\u00e9n), 9 de marzo de 1982, s. p. P. 32<\/span><\/span><\/li>\n<li><span style=\"font-family: Times New Roman, serif;\"><span style=\"font-size: medium;\">OYA RODR\u00cdGUEZ, Vicente. \u00abUna vida en seis cap\u00edtulos: Paco Ba\u00f1os II\u00bb. Diario Ja\u00e9n (Ja\u00e9n), 10 de marzo de 1982, s. p. 28<\/span><\/span><\/li>\n<li><span style=\"font-family: Times New Roman, serif;\"><span style=\"font-size: medium;\">OYA RODR\u00cdGUEZ, Vicente. \u00abUna vida en seis cap\u00edtulos: Paco Ba\u00f1os III\u00bb. Diario Ja\u00e9n (Ja\u00e9n), 11 de marzo de 1982, s. p. 28<\/span><\/span><\/li>\n<li><span style=\"font-family: Times New Roman, serif;\"><span style=\"font-size: medium;\">OYA RODR\u00cdGUEZ, Vicente. \u00abUna vida en seis cap\u00edtulos: Paco Ba\u00f1os IV\u00bb. Diario Ja\u00e9n (Ja\u00e9n), 12 de marzo de 1982, s. p. 28<\/span><\/span><\/li>\n<li><span style=\"font-family: Times New Roman, serif;\"><span style=\"font-size: medium;\">OYA RODR\u00cdGUEZ, Vicente. \u00abUna vida en seis cap\u00edtulos: Paco Ba\u00f1os V. Diario Ja\u00e9n (Ja\u00e9n), 13 de marzo de 1982, s. p. 28<\/span><\/span><\/li>\n<li><span style=\"font-family: Times New Roman, serif;\"><span style=\"font-size: medium;\">OYA RODR\u00cdGUEZ, Vicente. \u00abUna vida en seis cap\u00edtulos: Paco Ba\u00f1os VI\u00bb. Diario Ja\u00e9n (Ja\u00e9n), 14 de marzo de 1982, s. p. 32<\/span><\/span><\/li>\n<li><span style=\"font-family: Times New Roman, serif;\"><span style=\"font-size: medium;\">\u00abPaco Ba\u00f1os en Linares\u00bb. Diario Ja\u00e9n (Ja\u00e9n), 9 de enero de 1983, p. 13.<\/span><\/span><\/li>\n<li><span style=\"font-family: Times New Roman, serif;\"><span style=\"font-size: medium;\">PEDR\u00d3S, Ram\u00f3n. \u00abInaugurada en la U.P. la exposici\u00f3n-homenaje a Manuel \u00c1ngeles Ortiz\u00bb. Diario Ja\u00e9n (Ja\u00e9n), 6 de junio de 1984, p. 4.<\/span><\/span><\/li>\n<li><span style=\"font-family: Times New Roman, serif;\"><span style=\"font-size: medium;\">D\u00e9cada de los 90<\/span><\/span><\/li>\n<li><span style=\"font-family: Times New Roman, serif;\"><span style=\"font-size: medium;\">LE\u00d3N, Jes\u00fas. \u201cLa sala Eduma re\u00fane en una muestra pl\u00e1stica a 14 artistas\u201d. Diario Ja\u00e9n (Ja\u00e9n), 23 de Diciembre de 1999, p. 30.<\/span><\/span><\/li>\n<li><span style=\"font-family: Times New Roman, serif;\"><span style=\"font-size: medium;\">VIRIBAY, Miguel. \u00abGaler\u00eda: Francisco Ba\u00f1os\u201d. Diario Ja\u00e9n (Ja\u00e9n), 10 de Febrero de 1999, p. 31.<\/span><\/span><\/li>\n<li><span style=\"font-family: Times New Roman, serif;\"><span style=\"font-size: medium;\">VIRIBAY<\/span><\/span><span style=\"font-family: Times New Roman, serif;\"><span style=\"font-size: medium;\">, Miguel. \u00abGaler\u00eda: Francisco Ba\u00f1os\u00bb. Diario Ja\u00e9n (Ja\u00e9n), 17 de Noviembre de 1999, p. 33.<\/span><\/span><\/li>\n<\/ol>\n<p><span style=\"font-family: Times New Roman, serif;\"><span style=\"font-size: medium;\">D\u00e9cada de los 2000<\/span><\/span><\/p>\n<ol start=\"27\">\n<li><span style=\"font-family: Times New Roman, serif;\"><span style=\"font-size: medium;\">LE\u00d3N, Jes\u00fas.<\/span><\/span><span style=\"font-family: Times New Roman, serif;\"><span style=\"font-size: medium;\"> \u00abEl arte en primer plano\u00bb. Diario Ja\u00e9n (Ja\u00e9n), 19 de febrero de 2001, p. 16.<\/span><\/span><\/li>\n<li><span style=\"font-family: Times New Roman, serif;\"><span style=\"font-size: medium;\">ALDEA BUSTOS, M. \u00abEl Museo acoge una antol\u00f3gica del artista linarense Francisco Ba\u00f1os\u00bb.Diario Ja\u00e9n (Ja\u00e9n), 26 de febrero de 2004, p. 83.<\/span><\/span><\/li>\n<li><span style=\"font-family: Times New Roman, serif;\"><span style=\"font-size: medium;\">ALDEA BUSTOS, M. \u00abProfundizar en la obra art\u00edstica de Paco Ba\u00f1os\u00bb. Diario Ja\u00e9n (Ja\u00e9n), 11 de marzo de 2004, p. 60.<\/span><\/span><\/li>\n<li><span style=\"font-family: Times New Roman, serif;\"><span style=\"font-size: medium;\">ALDEA BUSTOS, M. \u00abInauguraci\u00f3n del mural El Juego de Francisco Ba\u00f1os\u00bb. Diario Ja\u00e9n (Ja\u00e9n), 18 de marzo de 2004, p. 49.<\/span><\/span><\/li>\n<li><span style=\"font-family: Times New Roman, serif;\"><span style=\"font-size: medium;\">ALDEA BUSTOS, M. \u00abLos murales la Libertad y El Juego recuperan su antiguo esplendor\u00bb. Diario Ja\u00e9n (Ja\u00e9n), 19 de marzo de 2004, p. 77.<\/span><\/span><\/li>\n<li><span style=\"font-family: Times New Roman, serif;\"><span style=\"font-size: medium;\">BA\u00d1OS, Francisco Luis. \u00abEl Museo Provincial de Ja\u00e9n acoge desde hoy la exposici\u00f3n \u201cBa\u00f1os: la ley de la buena forma\u201d, sobre el pintor linarense\u00bb. Diario Ja\u00e9n (Ja\u00e9n), 25 de febrero de 2004, pp. 29-30.<\/span><\/span><\/li>\n<li><span style=\"font-family: Times New Roman, serif;\"><span style=\"font-size: medium;\">MERINO, Antonia. \u00abEl Museo acoge el 25 de este mes una antol\u00f3gica de Francisco Ba\u00f1os\u00bb. Diario Ja\u00e9n (Ja\u00e9n), 21 de febrero de 2004, p.59.<\/span><\/span><\/li>\n<li><span style=\"font-family: Times New Roman, serif;\"><span style=\"font-size: medium;\">ESTURILLO, Javier. \u00abAdios a una mente privilegiada\u00bb. Diario Ja\u00e9n (Ja\u00e9n), 29 de marzo de 2006, p. 25.<\/span><\/span><\/li>\n<li><span style=\"font-family: Times New Roman, serif;\"><span style=\"font-size: medium;\">ALDEA BUSTOS, M. \u00abHoy en Ja\u00e9n\u00bb. Diario Ja\u00e9n (Ja\u00e9n), 3 de mayo de 2007, p. 53.<\/span><\/span><\/li>\n<li><span style=\"font-family: Times New Roman, serif;\"><span style=\"font-size: medium;\">M. \u00c1. R.: \u00abUn Museo vivo para conocer la obra y el legado de Paco Ba\u00f1os\u00bb. Diario Ja\u00e9n (Ja\u00e9n), 19 de diciembre de 2008, p. 42.<\/span><\/span><\/li>\n<li><span style=\"font-family: Times New Roman, serif;\"><span style=\"font-size: medium;\">SORIANO, M. \u00abNuevo impulso a la Bienal 3 d3e Pintura Francisco Ba\u00f1os\u00bb. Diario Ja\u00e9n (Ja\u00e9n), 31 de enero de 2008, p. 27.<\/span><\/span><\/li>\n<li><span style=\"font-family: Times New Roman, serif;\"><span style=\"font-size: medium;\">Pintura Francisco Ba\u00f1os\u00bb. Diario Ja\u00e9n (Ja\u00e9n), 31 de enero de 2008, p. 27.<\/span><\/span><\/li>\n<li><span style=\"font-family: Times New Roman, serif;\"><span style=\"font-size: medium;\">VIRIBAY, . \u00abEl universo m\u00e1s intimista de Paco Ba\u00f1os\u00bb. Diario Ja\u00e9n (Ja\u00e9n), 7 de mayo de 2008, p. 35.<\/span><\/span><\/li>\n<li><span style=\"font-family: Times New Roman, serif;\"><span style=\"font-size: medium;\">\u00abEl Ba\u00f1os menos conocido\u00bb. Diario Ja\u00e9n (Ja\u00e9n), 23 de diciembre de 2009, s. p. P 68<\/span><\/span><\/li>\n<\/ol>\n<p><span style=\"font-family: Times New Roman, serif;\"><span style=\"font-size: medium;\">D\u00e9cada de los 2010<\/span><\/span><\/p>\n<ol start=\"41\">\n<li><span style=\"font-family: Times New Roman, serif;\"><span style=\"font-size: medium;\">VIRIBAY, Miguel. \u00abIndagaci\u00f3n en el dibujo y color de Carmen Berm\u00fadez\u00bb. Diario Ja\u00e9n (Ja\u00e9n), 1 de mayo de 2010, p. 44.<\/span><\/span><\/li>\n<li><span style=\"font-family: Times New Roman, serif;\"><span style=\"font-size: medium;\">Diario Ja\u00e9n en la web<\/span><\/span><\/li>\n<li><span style=\"font-family: Times New Roman, serif;\"><span style=\"font-size: medium;\">22 septiembre 2014 <\/span><\/span><span style=\"color: #000080;\"><span lang=\"zxx\"><u><span style=\"font-family: Times New Roman, serif;\"><span style=\"font-size: medium;\">El legado de Paco Ba\u00f1os<\/span><\/span><\/u><\/span><\/span><\/li>\n<li><span style=\"font-family: Times New Roman, serif;\"><span style=\"font-size: medium;\">29 marzo <\/span><\/span><span style=\"font-family: Times New Roman, serif;\"><span style=\"font-size: medium;\">2015 <\/span><\/span><span style=\"color: #000080;\"><span lang=\"zxx\"><u><a href=\"https:\/\/www.diariojaen.es\/historico\/la-terracota-de-francisco-banos-reluce-en-el-posito-XADJ76356\"><span style=\"font-family: Times New Roman, serif;\"><span style=\"font-size: medium;\">La terracota de Francisco Ba\u00f1os \u201creluce\u201d en El P\u00f3sito<\/span><\/span><\/a><\/u><\/span><\/span><\/li>\n<\/ol>\n<p><span style=\"font-family: Times New Roman, serif;\"><span style=\"font-size: medium;\">Hemeroteca <\/span><\/span><span style=\"font-family: Times New Roman, serif;\"><span style=\"font-size: medium;\"><b>DIARIO IDEAL<\/b><\/span><\/span><\/p>\n<ul>\n<li><span style=\"color: #000000;\"><span style=\"font-family: Times New Roman, serif;\"><span style=\"font-size: medium;\">GUERRERO PALOMO. Lorenzo. \u00abEl grupo de Ja\u00e9n \u201cEcl\u00e9ptico\u201d, rezuma arte y sirve did\u00e1cticamente a la juventud\u00bb. Ideal (Granada), 13 de abril de 1969, s. p.<\/span><\/span><\/span><\/li>\n<li><span style=\"color: #000000;\"><span style=\"font-family: Times New Roman, serif;\"><span style=\"font-size: medium;\">MENDUI\u00d1A, Ignacio Q. \u00abEl pintor linarense, Paco Ba\u00f1os ha presentado los bocetos proyectados para la decoraci\u00f3n pict\u00f3rica de la b\u00f3veda del crucero de la Patrona\u00bb. Ideal (Ja\u00e9n), 7 de agosto de 1969, s. p.<\/span><\/span><\/span><\/li>\n<li><span style=\"color: #000000;\"><span style=\"font-family: Times New Roman, serif;\"><span style=\"font-size: medium;\">MART\u00cdNEZ, C\u00e9sar. \u00abRotundo \u00e9xito del \u201cGrupo Ja\u00e9n\u201d en C\u00f3rdoba\u00bb. Ideal (Ja\u00e9n), 1 de febrero de 1969, p. 6.<\/span><\/span><\/span><\/li>\n<li><span style=\"color: #000000;\"><span style=\"font-family: Times New Roman, serif;\"><span style=\"font-size: medium;\">M<\/span><\/span><\/span><span style=\"font-family: Times New Roman, serif;\"><span style=\"font-size: medium;\">ART\u00cdNEZ, C\u00e9sar. \u00ab\u201cEl Grupo Ja\u00e9n se presentar\u00e1 hoy en Algeciras\u00bb. Ideal (Ja\u00e9n), 15 de febrero de 1969, s. p.<\/span><\/span><\/li>\n<li><span style=\"font-family: Times New Roman, serif;\"><span style=\"font-size: medium;\">BERM\u00daDEZ, Carmen. \u00abTres pintores de Ja\u00e9n en la Exposici\u00f3n Nacional de Arte Contempor\u00e1neo\u00bb. Ideal (Ja\u00e9n), 10 de enero de 1973, p. 11.<\/span><\/span><\/li>\n<li><span style=\"font-family: Times New Roman, serif;\"><span style=\"font-size: medium;\">BERM\u00daDEZ, Carmen. \u00abInaugurada la exposici\u00f3n \u201cArte de hoy en Ja\u00e9n\u201d\u00bb. Ideal (Ja\u00e9n), 28 de mayo de 1974, p. 9.<\/span><\/span><\/li>\n<li><span style=\"font-family: Times New Roman, serif;\"><span style=\"font-size: medium;\">BERM\u00daDEZ, Carmen. \u00abPaco Ba\u00f1os est\u00e1 acabando de pintar la b\u00f3veda m\u00e1s asombrosa de la provincia\u00bb. Ideal (Ja\u00e9n), 17 de septiembre de 1976, p. 13.<\/span><\/span><\/li>\n<li><span style=\"font-family: Times New Roman, serif;\"><span style=\"font-size: medium;\">GARC\u00cdA CA\u00d1O, Pablo. \u00abUn poblado y una iglesia para los mineros\u00bb Ideal (Ja\u00e9n), 17 de agosto de 2008 p. 14. <\/span><\/span><span style=\"color: #000080;\"><span lang=\"zxx\"><u><a href=\"https:\/\/www.ideal.es\/jaen\/20080817\/linares\/poblado-iglesia-para-mineros-20080817.html\"><span style=\"font-family: Times New Roman, serif;\"><span style=\"font-size: medium;\">https:\/\/www.ideal.es\/jaen\/20080817\/linares\/poblado-iglesia-para-mineros-20080817.html<\/span><\/span><\/a><\/u><\/span><\/span><\/li>\n<li><span style=\"font-family: Times New Roman, serif;\"><span style=\"font-size: medium;\">T\u00c9LLEZ, I. \u00abEl Museo Andr\u00e9s Segovia acoge un homenaje al pintor Francisco Ba\u00f1os\u00bb Ideal (Ja\u00e9n), 25 de abril de 2008, p. 46<\/span><\/span><\/li>\n<li><span style=\"font-family: Times New Roman, serif;\"><span style=\"font-size: medium;\">T\u00c9LLEZ, Irene. \u00abLa terracota de Ba\u00f1os espera fondos para iniciar su recuperaci\u00f3n\u00bb Ideal (Ja\u00e9n), 5 de julio de 2009, p. 18. <\/span><\/span><span style=\"color: #000080;\"><span lang=\"zxx\"><u><a href=\"https:\/\/www.ideal.es\/jaen\/20090705\/linares\/terracota-banos-espera-fondos-20090705.html\"><span style=\"font-family: Times New Roman, serif;\"><span style=\"font-size: medium;\">https:\/\/www.ideal.es\/jaen\/20090705\/linares\/terracota-banos-espera-fondos-20090705.html<\/span><\/span><\/a><\/u><\/span><\/span><\/li>\n<li><span style=\"color: #000000;\"><span style=\"font-family: Times New Roman, serif;\"><span style=\"font-size: medium;\">T\u00c9LLEZ, Irene. \u00abResturan el emblema de Ba\u00f1os\u00bb Ideal (Ja\u00e9n), 9 de agosto de 2009, p. 16.<\/span><\/span><\/span><\/li>\n<\/ul>\n<p><span style=\"font-family: Times New Roman, serif;\"><span style=\"font-size: medium;\">Hemeroteca digital <\/span><\/span><span style=\"font-family: Times New Roman, serif;\"><span style=\"font-size: medium;\"><b>DIARIO IDEAL<\/b><\/span><\/span><span style=\"font-family: Times New Roman, serif;\"><span style=\"font-size: medium;\"> visitado el 6 de marzo de 2022 <\/span><\/span><\/p>\n<p><span style=\"font-family: Times New Roman, serif;\"><span style=\"font-size: medium;\">2006<\/span><\/span><\/p>\n<ol>\n<li><span style=\"font-family: Times New Roman, serif;\"><span style=\"font-size: medium;\">30-03-2006 <\/span><\/span><span style=\"color: #000080;\"><span lang=\"zxx\"><u><a href=\"https:\/\/www.ideal.es\/jaen\/pg060330\/prensa\/noticias\/Tribuna_Jaen\/200603\/30\/JAE-OPI-203.html\"><span style=\"font-family: Times New Roman, serif;\"><span style=\"font-size: medium;\">Paco Ba\u00f1os: el linarense, el artista, el amigo (in memoriam) <\/span><\/span><\/a><\/u><\/span><\/span><\/li>\n<li><span style=\"font-family: Times New Roman, serif;\"><span style=\"font-size: medium;\">30-03-2006 <\/span><\/span><span style=\"color: #000080;\"><span lang=\"zxx\"><u><a href=\"https:\/\/www.ideal.es\/granada\/pg060330\/prensa\/noticias\/Local_Jaen\/200603\/30\/JAE-SUBARTICLE-190.html\"><span style=\"font-family: Times New Roman, serif;\"><span style=\"font-size: medium;\">Recuerdo a Paco Ba\u00f1os <\/span><\/span><\/a><\/u><\/span><\/span><\/li>\n<li><span style=\"font-family: Times New Roman, serif;\"><span style=\"font-size: medium;\">30-03-2006 <\/span><\/span><span style=\"color: #000080;\"><span lang=\"zxx\"><u><a href=\"https:\/\/www.ideal.es\/jaen\/pg060330\/prensa\/noticias\/Local_Jaen\/200603\/30\/JAE-LOC-189.html\"><span style=\"font-family: Times New Roman, serif;\"><span style=\"font-size: medium;\">Reconocimiento institucional a Francisco Ba\u00f1os <\/span><\/span><\/a><\/u><\/span><\/span><\/li>\n<li><span style=\"font-family: Times New Roman, serif;\"><span style=\"font-size: medium;\">11-06-2006 <\/span><\/span><span style=\"color: #000080;\"><span lang=\"zxx\"><u><a href=\"https:\/\/www.ideal.es\/jaen\/pg060611\/prensa\/noticias\/Local_Jaen\/200606\/11\/JAE-LOC-112.html\"><span style=\"font-family: Times New Roman, serif;\"><span style=\"font-size: medium;\">En memoria del maestro Francisco Ba\u00f1os <\/span><\/span><\/a><\/u><\/span><\/span><\/li>\n<li><span style=\"font-family: Times New Roman, serif;\"><span style=\"font-size: medium;\">30-03-2006 <\/span><\/span><span style=\"color: #000080;\"><span lang=\"zxx\"><u><a href=\"https:\/\/www.ideal.es\/jaen\/pg060330\/prensa\/noticias\/Tribuna_Jaen\/200603\/30\/JAE-OPI-203.html\"><span style=\"font-family: Times New Roman, serif;\"><span style=\"font-size: medium;\">Paco Ba\u00f1os: el linarense, el artista, el amigo (in memoriam) <\/span><\/span><\/a><\/u><\/span><\/span><\/li>\n<\/ol>\n<p><span style=\"color: #000080;\"><span lang=\"zxx\"><span style=\"font-family: Times New Roman, serif;\"><span style=\"font-size: medium;\">2007<\/span><\/span><\/span><\/span><\/p>\n<ol start=\"6\">\n<li><span style=\"font-family: Times New Roman, serif;\"><span style=\"font-size: medium;\">17-04-2007 <\/span><\/span><span style=\"color: #000080;\"><span lang=\"zxx\"><u><a href=\"https:\/\/www.ideal.es\/jaen\/prensa\/20070417\/vivir\/exposicion-reivindica-obra-intima_20070417.html\"><span style=\"font-family: Times New Roman, serif;\"><span style=\"font-size: medium;\">Una exposici\u00f3n reivindica la obra \u00edntima de Paco Ba\u00f1os <\/span><\/span><\/a><\/u><\/span><\/span><\/li>\n<\/ol>\n<p><span style=\"color: #000080;\"><span lang=\"zxx\"><span style=\"font-family: Times New Roman, serif;\"><span style=\"font-size: medium;\">2009<\/span><\/span><\/span><\/span><\/p>\n<ol start=\"7\">\n<li><span style=\"font-family: Times New Roman, serif;\"><span style=\"font-size: medium;\">21-12-2009 L<\/span><\/span><span style=\"color: #000080;\"><span lang=\"zxx\"><u><a href=\"https:\/\/www.ideal.es\/jaen\/20091221\/cultura\/figura-paco-banos-dibujante-20091221.html\"><span style=\"font-family: Times New Roman, serif;\"><span style=\"font-size: medium;\">a figura de Paco Ba\u00f1os dibujanteL se redescubre con una nueva visi\u00f3n <\/span><\/span><\/a><\/u><\/span><\/span><\/li>\n<li><span style=\"font-family: Times New Roman, serif;\"><span style=\"font-size: medium;\">21-12-2009 <\/span><\/span><span style=\"color: #000080;\"><span lang=\"zxx\"><u><a href=\"https:\/\/www.ideal.es\/jaen\/20091221\/cultura\/figura-paco-banos-dibujante-20091221.html\"><span style=\"font-family: Times New Roman, serif;\"><span style=\"font-size: medium;\">La figura de Paco Ba\u00f1os dibujante se redescubre con una nueva visi\u00f3n <\/span><\/span><\/a><\/u><\/span><\/span><\/li>\n<li><span style=\"color: #000080;\"><span lang=\"zxx\"><span style=\"color: #000000;\"><span style=\"font-family: Times New Roman, serif;\"><span style=\"font-size: medium;\">05-03-2009 <\/span><\/span><\/span><\/span><\/span><span style=\"color: #000080;\"><span lang=\"zxx\"><u><a href=\"https:\/\/www.ideal.es\/jaen\/20090305\/linares\/recuperar-murales-olympia-ronda-20090305.html\"><span style=\"font-family: Times New Roman, serif;\"><span style=\"font-size: medium;\">Recuperar los murales del Olympia ronda los 30.000 euros <\/span><\/span><\/a><\/u><\/span><\/span><\/li>\n<\/ol>\n<p><span style=\"color: #000080;\"><span lang=\"zxx\"><span style=\"font-family: Times New Roman, serif;\"><span style=\"font-size: medium;\">2010<\/span><\/span><\/span><\/span><\/p>\n<ol start=\"10\">\n<li><span style=\"color: #000080;\"><span lang=\"zxx\"><span style=\"color: #000000;\"><span style=\"font-family: Times New Roman, serif;\"><span style=\"font-size: medium;\">25-03-2010 <\/span><\/span><\/span><\/span><\/span><span style=\"color: #000080;\"><span lang=\"zxx\"><u><a href=\"https:\/\/www.ideal.es\/jaen\/v\/20100325\/linares\/crisis-obliga-aparcar-proyecto-20100325.html\"><span style=\"font-family: Times New Roman, serif;\"><span style=\"font-size: medium;\">La crisis obliga a aparcar el proyecto para recuperar la obra del artista de Linares Paco Ba\u00f1os <\/span><\/span><\/a><\/u><\/span><\/span><\/li>\n<\/ol>\n<p><span style=\"color: #000080;\"><span lang=\"zxx\"><span style=\"font-family: Times New Roman, serif;\"><span style=\"font-size: medium;\">2011<\/span><\/span><\/span><\/span><\/p>\n<ol start=\"11\">\n<li><span style=\"font-family: Times New Roman, serif;\"><span style=\"font-size: medium;\">25-05-2011 <\/span><\/span><span style=\"color: #000080;\"><span lang=\"zxx\"><u><a href=\"https:\/\/www.ideal.es\/jaen\/v\/20110525\/linares\/cultura-descarta-recuperar-terracota-20110525.html\"><span style=\"font-family: Times New Roman, serif;\"><span style=\"font-size: medium;\">Cultura descarta recuperar la terracota de Ba\u00f1os este a\u00f1o <\/span><\/span><\/a><\/u><\/span><\/span><\/li>\n<\/ol>\n<p><span style=\"color: #000080;\"><span lang=\"zxx\"><span style=\"font-family: Times New Roman, serif;\"><span style=\"font-size: medium;\">2014<\/span><\/span><\/span><\/span><\/p>\n<ol start=\"12\">\n<li><span style=\"font-family: Times New Roman, serif;\"><span style=\"font-size: medium;\">10-08-2014 <\/span><\/span><span style=\"color: #000080;\"><span lang=\"zxx\"><u><a href=\"https:\/\/www.ideal.es\/jaen\/linares\/201408\/10\/ayuntamiento-pide-taller-empleo-20140809192749.html\"><span style=\"font-family: Times New Roman, serif;\"><span style=\"font-size: medium;\">El Ayuntamiento pide un taller de empleo para restaurar los murales de Paco Ba\u00f1os <\/span><\/span><\/a><\/u><\/span><\/span><\/li>\n<li><span style=\"font-family: Times New Roman, serif;\"><span style=\"font-size: medium;\">16-04-2014 <\/span><\/span><span style=\"color: #000080;\"><span lang=\"zxx\"><u><a href=\"https:\/\/www.ideal.es\/jaen\/v\/20140416\/linares\/investiga-situacion-fondos-pictoricos-20140416.html\"><span style=\"font-family: Times New Roman, serif;\"><span style=\"font-size: medium;\">El CEL investiga la situaci\u00f3n de los fondo pict\u00f3ricos municipales <\/span><\/span><\/a><\/u><\/span><\/span><\/li>\n<li><span style=\"font-family: Times New Roman, serif;\"><span style=\"font-size: medium;\">26-12-2014 <\/span><\/span><span style=\"color: #000080;\"><span lang=\"zxx\"><u><a href=\"https:\/\/www.ideal.es\/jaen\/linares\/201412\/26\/mercado-santiago-convierte-exponente-20141226002243-v.html\"><span style=\"font-family: Times New Roman, serif;\"><span style=\"font-size: medium;\">El Mercado de Santiago se convierte en un exponente del arte linarense<\/span><\/span><\/a><\/u><\/span><\/span><\/li>\n<li><span style=\"font-family: Times New Roman, serif;\"><span style=\"font-size: medium;\">23-03-2014 <\/span><\/span><span style=\"color: #000080;\"><span lang=\"zxx\"><u><a href=\"https:\/\/www.ideal.es\/jaen\/v\/20140323\/linares\/trabajos-para-conservacion-ermita-20140323.html\"><span style=\"font-family: Times New Roman, serif;\"><span style=\"font-size: medium;\">Trabajos para la conservaci\u00f3n de la ermita del antiguo poblado minero de Adaro <\/span><\/span><\/a><\/u><\/span><\/span><\/li>\n<\/ol>\n<p><span style=\"color: #000080;\"><span lang=\"zxx\"><span style=\"font-family: Times New Roman, serif;\"><span style=\"font-size: medium;\">2015<\/span><\/span><\/span><\/span><\/p>\n<ol start=\"16\">\n<li><span style=\"font-family: Times New Roman, serif;\"><span style=\"font-size: medium;\">31-03-2015 <\/span><\/span><span style=\"color: #000080;\"><span lang=\"zxx\"><u><a href=\"https:\/\/www.ideal.es\/jaen\/linares\/201503\/31\/posito-abre-puertas-para-20150331010914-v.html\"><span style=\"font-family: Times New Roman, serif;\"><span style=\"font-size: medium;\">El P\u00f3sito abre sus puertas para presentar la terracota de Ba\u00f1os <\/span><\/span><\/a><\/u><\/span><\/span><\/li>\n<li><span style=\"font-family: Times New Roman, serif;\"><span style=\"font-size: medium;\">19-03-2015 <\/span><\/span><span style=\"color: #000080;\"><span lang=\"zxx\"><u><span style=\"font-family: Times New Roman, serif;\"><span style=\"font-size: medium;\"><a href=\"https:\/\/www.ideal.es\/jaen\/linares\/201503\/19\/terracota-paco-banos-estrena-20150319011714-v.html\">La terracota de Paco Ba\u00f1os estrena nueva ubicaci\u00f3n tras su restauraci\u00f3n integral<\/a> <\/span><\/span><\/u><\/span><\/span><\/li>\n<\/ol>\n<p><span style=\"color: #000080;\"><span lang=\"zxx\"><span style=\"font-family: Times New Roman, serif;\"><span style=\"font-size: medium;\">2017<\/span><\/span><\/span><\/span><\/p>\n<ol start=\"18\">\n<li><span style=\"font-family: Times New Roman, serif;\"><span style=\"font-size: medium;\">26-08-2017 <\/span><\/span><span style=\"color: #000080;\"><span lang=\"zxx\"><u><a href=\"https:\/\/www.ideal.es\/jaen\/linares\/pintura-paco-banos-20170826202237-nt.html\"><span style=\"font-family: Times New Roman, serif;\"><span style=\"font-size: medium;\">La pintura de Paco Ba\u00f1os en Linares <\/span><\/span><\/a><\/u><\/span><\/span><\/li>\n<\/ol>\n<p>&nbsp;<\/p>\n<p><span style=\"color: #000080;\"><span lang=\"zxx\"><span style=\"font-family: Times New Roman, serif;\"><span style=\"font-size: medium;\">2020<\/span><\/span><\/span><\/span><\/p>\n<ol start=\"19\">\n<li><span style=\"font-family: Times New Roman, serif;\"><span style=\"font-size: medium;\">14-11-2020 <\/span><\/span><span style=\"color: #000080;\"><span lang=\"zxx\"><u><a href=\"https:\/\/www.ideal.es\/jaen\/linares\/patrimonio-pictorico-ayuntamiento-20201114115817-nt.html\"><span style=\"font-family: Times New Roman, serif;\"><span style=\"font-size: medium;\">El patrimonio pict\u00f3rico del Ayuntamiento de Linares, en una muestra <\/span><\/span><\/a><\/u><\/span><\/span><\/li>\n<li><span style=\"font-family: Times New Roman, serif;\"><span style=\"font-size: medium;\">27-06-2020 <\/span><\/span><span style=\"color: #000080;\"><span lang=\"zxx\"><u><a href=\"https:\/\/www.ideal.es\/jaen\/linares\/caja-rural-financia-20200627083709-nt.html\"><span style=\"font-family: Times New Roman, serif;\"><span style=\"font-size: medium;\">Fundaci\u00f3n Caja Rural de Ja\u00e9n financiar\u00e1 la restauraci\u00f3n de las pinturas de Carulla del santuario de Linarejos <\/span><\/span><\/a><\/u><\/span><\/span><\/li>\n<\/ol>\n<p><span style=\"color: #000080;\"><span lang=\"zxx\"><span style=\"color: #000000;\"><span style=\"font-family: Times New Roman, serif;\"><span style=\"font-size: medium;\">2021<\/span><\/span><\/span><\/span><\/span><\/p>\n<ol start=\"21\">\n<li><span style=\"color: #000080;\"><span lang=\"zxx\"><span style=\"color: #000000;\"><span style=\"font-family: Times New Roman, serif;\"><span style=\"font-size: medium;\">21-02-2021 <\/span><\/span><\/span><\/span><\/span><span style=\"color: #000080;\"><span lang=\"zxx\"><u><span style=\"font-family: Times New Roman, serif;\"><span style=\"font-size: medium;\"> <a href=\"https:\/\/www.ideal.es\/jaen\/linares\/estudio-sonara-tras-20210221091808-nt.html\">&#8216;Estudio sin luz&#8217; sonar\u00e1 tras a\u00f1os de silencio en el reloj del Consistorio <\/a><\/span><\/span><\/u><\/span><\/span><\/li>\n<li><span style=\"font-family: Times New Roman, serif;\"><span style=\"font-size: medium;\">18-12-2021 <\/span><\/span><span style=\"color: #000080;\"><span lang=\"zxx\"><u><a href=\"https:\/\/www.ideal.es\/jaen\/linares\/santuario-linarejos-luce-20211217000135-nt.html\"><span style=\"font-family: Times New Roman, serif;\"><span style=\"font-size: medium;\">El Santuario de Linarejos ya luce sus pinturas murales en todo su esplendor <\/span><\/span><\/a><\/u><\/span><\/span><\/li>\n<\/ol>\n<p><span style=\"font-family: Times New Roman, serif;\"><span style=\"font-size: medium;\">Otros prensa<\/span><\/span><\/p>\n<p><span style=\"font-family: Times New Roman, serif;\"><span style=\"font-size: medium;\">El Pa\u00eds. <\/span><\/span><span style=\"font-family: Times New Roman, serif;\"><span style=\"font-size: medium;\">Gin\u00e9s Donaire, 30 de maro de 2006<\/span><\/span> <span style=\"color: #000080;\"><span lang=\"zxx\"><u><a href=\"https:\/\/www.google.com\/url?sa=t&amp;rct=j&amp;q=&amp;esrc=s&amp;source=web&amp;cd=&amp;cad=rja&amp;uact=8&amp;ved=2ahUKEwjHubPTkLH2AhVLSvEDHVYYA48QFnoECAMQAQ&amp;url=https:\/\/elpais.com\/diario\/2006\/03\/31\/andalucia\/1143757342_850215.html&amp;usg=AOvVaw3BsIKt6pypJHvTKqrZECAk\"><span style=\"font-family: Times New Roman, serif;\"><span style=\"font-size: medium;\"> El muralista linarense Francisco Ba\u00f1os muere en Valencia a los 78 a\u00f1os<\/span><\/span><\/a><\/u><\/span><\/span><\/p>\n<p>&nbsp;<\/p>\n<p><span style=\"font-family: Times New Roman, serif;\"><span style=\"font-size: medium;\">Diario de C\u00f3rdoba. 30 de marzo de 2006 <\/span><\/span><span style=\"color: #000080;\"><span lang=\"zxx\"><u><a href=\"https:\/\/www.diariocordoba.com\/cultura\/2006\/03\/30\/fallece-francisco-banos-pintor-manolete-38660241.html\"><span style=\"font-family: Times New Roman, serif;\"><span style=\"font-size: medium;\">Fallece Francisco Ba\u00f1os, pintor de Manolete en su lecho de muerte<\/span><\/span><\/a><\/u><\/span><\/span><\/p>\n<p><span style=\"font-family: Times New Roman, serif;\"><span style=\"font-size: medium;\">Otras referencias en la <\/span><\/span><span style=\"font-family: Times New Roman, serif;\"><span style=\"font-size: medium;\"><b>WEB<\/b><\/span><\/span><span style=\"font-family: Times New Roman, serif;\"><span style=\"font-size: medium;\">:<\/span><\/span><\/p>\n<p><span style=\"color: #000080;\"><span lang=\"zxx\"><u><span style=\"font-family: Times New Roman, serif;\"><span style=\"font-size: medium;\">https:\/\/www.diariojaen.es\/historico\/el-banos-menos-conocido-HWDJ46768<\/span><\/span><\/u><\/span><\/span><\/p>\n<p><span style=\"color: #000080;\"><span lang=\"zxx\"><u><span style=\"font-family: Times New Roman, serif;\"><span style=\"font-size: medium;\">https:\/\/personajescallejerojaen.blogspot.com\/2019\/12\/francisco-banos-martos-1928-2006.html?spref=pi<\/span><\/span><\/u><\/span><\/span><\/p>\n<p>&nbsp;<\/p>\n<h2 class=\"western\">&lt;&lt; <a href=\"https:\/\/muvacandalucia.es\/index.php\/2023\/03\/20\/paco-banos-linarense-universal-4\/\"><span style=\"font-size: small;\">Paco Ba\u00f1os&#8230; (4)\u00a0<\/span><\/a>\u00a0\u00a0\u00a0\u00a0\u00a0\u00a0\u00a0 <a href=\"https:\/\/muvacandalucia.es\/index.php\/2023\/03\/20\/la-obra-de-paco-banos-en-la-coleccion-de-su-hijo-luis-banos\/\"><span style=\"font-size: small;\">la colecci\u00f3n de su hijo Luis Ba\u00f1os<\/span><\/a>\u00a0&gt;&gt;<\/h2>\n<p><span style=\"font-size: small;\">OTROS ART\u00cdCULOS DE LA COLECCI\u00d3N<\/span><\/p>\n<p><a href=\"https:\/\/muvacandalucia.es\/index.php\/2023\/03\/20\/paco-banos-linarense-universal-1\/\">Paco Ba\u00f1os, linarense universal (1)<\/a><\/p>\n<p><a href=\"https:\/\/muvacandalucia.es\/index.php\/2023\/03\/20\/paco-banos-linarense-universal-2\/\">Paco Ba\u00f1os, linarense universal (2)<\/a><\/p>\n<p><a href=\"https:\/\/muvacandalucia.es\/index.php\/2023\/03\/20\/paco-banos-linarense-universal-3\/\">Paco Ba\u00f1os, linarense universal (3)<\/a><\/p>\n<h2 class=\"western\"><\/h2>\n<p><b>BIBLIOGRAF\u00cdA<\/b><\/p>\n<p>Almansa Moreno, J. M. y Mart\u00edn Robles, J. M. (dir.) (2016). <em>50 a\u00f1os de artes pl\u00e1sticas en Ja\u00e9n. Creaci\u00f3n, medios y espacios (1960-2010)<\/em>. Ja\u00e9n: Instituto de Estudios Giennenses, Diputaci\u00f3n Provincial de Ja\u00e9n. ISBN 978-84-92876-59-4 pp 75-79<\/p>\n<p>Camacho Conde, J. A. (2006). Francisco Ba\u00f1os Martos, el pintor sublime de Linares. <i>Bolet\u00edn del Instituto de Estudios Giennenses<\/i>, (194), 15-46<\/p>\n<p>Leis S\u00e1nchez, V. (2012). Aproximaci\u00f3n al panorama bibliogr\u00e1fico linarense sobre ciencias sociales (1950-2007). En <i>Actas I Congreso de Historia de Linares<\/i> (pp. 439-452). Centro de Estudios Linarenses.<\/p>\n<p>Mart\u00ednez Aguilar, L. (2014). <i>Historia art\u00edstica y social de los edificios linarenses<\/i>. Serv. Publicaciones Universidad de Ja\u00e9n y Centro de Estudios Linarenses, 2014<\/p>\n<p>Ram\u00edrez, Pablo (Coord.). 2004. <i>Ba\u00f1os. La ley de la buena forma<\/i>. Universidad de Ja\u00e9n. Servicio de Publicaciones.<\/p>\n<p>Viribay Abad, M. (2011). Aproximaci\u00f3n a la pintura en Ja\u00e9n: 1900-1960. <i>Bolet\u00edn del Instituto de Estudios Giennenses<\/i>, (204), 367-428.<\/p>\n<p lang=\"zxx\"><b>PRENSA<\/b><\/p>\n<p>Aldea Bustos, M. \u00abInauguraci\u00f3n del mural El Juego de Francisco Ba\u00f1os\u00bb. Diario Ja\u00e9n [Ja\u00e9n], 18 de marzo de 2004, p. 49.<\/p>\n<p>Aldea Bustos, M. \u00abLos murales la Libertad y El Juego recuperan su antiguo esplendor\u00bb. Diario Ja\u00e9n [Ja\u00e9n], 19 de marzo de 2004, p. 77.<\/p>\n","protected":false},"excerpt":{"rendered":"<p>La informaci\u00f3n existente sobre Francisco Ba\u00f1os nos presenta un panorama relativamente limitado. En lo relativo a publicaciones acad\u00e9micas encontramos referencias al autor en obras del alcance de 50 a\u00f1os de&hellip;<\/p>\n","protected":false},"author":1,"featured_media":0,"comment_status":"open","ping_status":"open","sticky":false,"template":"","format":"standard","meta":[],"categories":[3,346],"tags":[349,348,14,350,347],"jetpack_featured_media_url":"","_links":{"self":[{"href":"https:\/\/muvacandalucia.es\/index.php\/wp-json\/wp\/v2\/posts\/2086"}],"collection":[{"href":"https:\/\/muvacandalucia.es\/index.php\/wp-json\/wp\/v2\/posts"}],"about":[{"href":"https:\/\/muvacandalucia.es\/index.php\/wp-json\/wp\/v2\/types\/post"}],"author":[{"embeddable":true,"href":"https:\/\/muvacandalucia.es\/index.php\/wp-json\/wp\/v2\/users\/1"}],"replies":[{"embeddable":true,"href":"https:\/\/muvacandalucia.es\/index.php\/wp-json\/wp\/v2\/comments?post=2086"}],"version-history":[{"count":5,"href":"https:\/\/muvacandalucia.es\/index.php\/wp-json\/wp\/v2\/posts\/2086\/revisions"}],"predecessor-version":[{"id":2120,"href":"https:\/\/muvacandalucia.es\/index.php\/wp-json\/wp\/v2\/posts\/2086\/revisions\/2120"}],"wp:attachment":[{"href":"https:\/\/muvacandalucia.es\/index.php\/wp-json\/wp\/v2\/media?parent=2086"}],"wp:term":[{"taxonomy":"category","embeddable":true,"href":"https:\/\/muvacandalucia.es\/index.php\/wp-json\/wp\/v2\/categories?post=2086"},{"taxonomy":"post_tag","embeddable":true,"href":"https:\/\/muvacandalucia.es\/index.php\/wp-json\/wp\/v2\/tags?post=2086"}],"curies":[{"name":"wp","href":"https:\/\/api.w.org\/{rel}","templated":true}]}}