{"id":2083,"date":"2023-03-20T13:05:32","date_gmt":"2023-03-20T13:05:32","guid":{"rendered":"https:\/\/muvacandalucia.es\/?p=2083"},"modified":"2023-03-21T08:25:46","modified_gmt":"2023-03-21T08:25:46","slug":"paco-banos-linarense-universal-4","status":"publish","type":"post","link":"https:\/\/muvacandalucia.es\/index.php\/2023\/03\/20\/paco-banos-linarense-universal-4\/","title":{"rendered":"Paco Ba\u00f1os, linarense universal (4)"},"content":{"rendered":"<p align=\"JUSTIFY\"><span style=\"font-size: medium;\">Ya en los &#8217;70, el pintor linarense se introduce en la experimentaci\u00f3n sobre los campos del color y los materiales con una abstracci\u00f3n espacialista que se prolongar\u00e1 m\u00e1s all\u00e1 de la d\u00e9cada y hasta sus \u00faltimas obras en las que esta abstracci\u00f3n espacial se combina con una particular abstracci\u00f3n geom\u00e9trica (Ram\u00edrez, 2012, 76).<\/span><\/p>\n<p align=\"JUSTIFY\"><span style=\"font-size: medium;\">A sus trabajos murales y de caballete, Ba\u00f1os suma la experimentaci\u00f3n con otros materiales realizando trabajos en hierro forjado como el pantocrator y la cruz griega de la portada de la iglesia de la Empresa Nacional Adaro en Linares a lo largo de 1963 a lo que habr\u00e1 que sumar la pila bautismal, los candelabros en forma de espigas y una cruz de hierro forjado para el mismo templo. Ya en 1973, Ba\u00f1os proyecta el reloj de la fachada del Ayuntamiento de Linares con forma de guitarra vertical con las iniciales del insigne guitarrista linarense Andr\u00e9s Segovia (Almansa y Mart\u00edn, 2012, 79) y que incluye doce de las notas del preludio de <\/span><span style=\"font-size: medium;\"><i>Estudio sin luz<\/i><\/span><span style=\"font-size: medium;\"> compuesta por el guitarr\u00edsta despu\u00e9s de haber perdido la vista.<\/span><\/p>\n<figure id=\"attachment_2059\" aria-describedby=\"caption-attachment-2059\" style=\"width: 440px\" class=\"wp-caption alignnone\"><img decoding=\"async\" loading=\"lazy\" class=\"wp-image-2059 size-large\" src=\"https:\/\/muvacandalucia.es\/wp-content\/uploads\/2023\/03\/IMG_1566-1024x785.jpeg\" alt=\"Abstracto (sin t\u00edtulo). Circa 1975. Collage. 76x99\" width=\"440\" height=\"337\" srcset=\"https:\/\/muvacandalucia.es\/wp-content\/uploads\/2023\/03\/IMG_1566-1024x785.jpeg 1024w, https:\/\/muvacandalucia.es\/wp-content\/uploads\/2023\/03\/IMG_1566-300x230.jpeg 300w, https:\/\/muvacandalucia.es\/wp-content\/uploads\/2023\/03\/IMG_1566-768x589.jpeg 768w, https:\/\/muvacandalucia.es\/wp-content\/uploads\/2023\/03\/IMG_1566-1536x1178.jpeg 1536w, https:\/\/muvacandalucia.es\/wp-content\/uploads\/2023\/03\/IMG_1566.jpeg 1852w\" sizes=\"(max-width: 440px) 100vw, 440px\" \/><figcaption id=\"caption-attachment-2059\" class=\"wp-caption-text\">Abstracto (sin t\u00edtulo). Circa 1975. Collage. 76&#215;99<\/figcaption><\/figure>\n<p align=\"JUSTIFY\"><span style=\"font-size: medium;\">Ba\u00f1os es, pues, un artista integral que experimenta una coherente evoluci\u00f3n estil\u00edstica a caballo del devenir de su tiempo. Partiendo de un acad\u00e9mico, pero personal, estilo que pone de manifiesto sus extraordinarias dotes naturales para el dibujo en sus primeros a\u00f1os, su dedicaci\u00f3n al muralismo lo lleva a una esquematizaci\u00f3n de las formas, a la simplificaci\u00f3n de los detalles, que lo conducir\u00e1n por la senda del neocubismo a lo largo de los a\u00f1os cincuenta del siglo XX y, en su obra mural, hasta sus \u00faltimos trabajos murales. A partir de 1958, Ba\u00f1os reanaliza la realidad y se introduce en la abstracci\u00f3n, primero como una nueva manera de volver pensar la forma y m\u00e1s adelante como un modo de experimentar la realidad prescindiendo de la figura. En palabras de Emilia Mar\u00edn, \u201c(Paco) salta de la figuraci\u00f3n a la abstracci\u00f3n de un modo natural, casi inevitable y vuelca en la abstracci\u00f3n todo el conocimiento que el estudio del natural la hab\u00eda brindado\u201d (Anexo III, 4).<\/span><\/p>\n<h4 class=\"western\">&lt;&lt; <a href=\"https:\/\/muvacandalucia.es\/index.php\/2023\/03\/20\/paco-banos-linarense-universal-3\/\"><span style=\"font-size: small;\">Paco Ba\u00f1os&#8230; (3)\u00a0<\/span><\/a> \u00a0\u00a0\u00a0\u00a0 <a href=\"https:\/\/muvacandalucia.es\/index.php\/2023\/03\/20\/un-analisis-de-la-bibliografia-y-hemeroteca-disponibles-sobre-francisco-banos\/\"><span style=\"font-size: small;\">Un an\u00e1lisis de la bibli&#8230;.. <\/span><\/a>&gt;&gt;<\/h4>\n<p><span style=\"font-size: small;\">OTROS ART\u00cdCULOS DE LA COLECCI\u00d3N<\/span><\/p>\n<p><a href=\"https:\/\/muvacandalucia.es\/index.php\/2023\/03\/20\/paco-banos-linarense-universal-1\/\">Paco Ba\u00f1os, linarense universal (1)<\/a><\/p>\n<p><a href=\"https:\/\/muvacandalucia.es\/index.php\/2023\/03\/20\/paco-banos-linarense-universal-2\/\">Paco Ba\u00f1os, linarense universal (2)<\/a><\/p>\n<p><a href=\"https:\/\/muvacandalucia.es\/index.php\/2023\/03\/20\/la-obra-de-paco-banos-en-la-coleccion-de-su-hijo-luis-banos\/\">La obra de Paco Ba\u00f1os en la colecci\u00f3n de su hijo Luis Ba\u00f1os<\/a><\/p>\n<p><b>BIBLIOGRAF\u00cdA<\/b><\/p>\n<p>Almansa Moreno, J. M. y Mart\u00edn Robles, J. M. (dir.) (2016). <em>50 a\u00f1os de artes pl\u00e1sticas en Ja\u00e9n. Creaci\u00f3n, medios y espacios (1960-2010)<\/em>. Ja\u00e9n: Instituto de Estudios Giennenses, Diputaci\u00f3n Provincial de Ja\u00e9n. ISBN 978-84-92876-59-4 pp 75-79<\/p>\n<p>Camacho Conde, J. A. (2006). Francisco Ba\u00f1os Martos, el pintor sublime de Linares. <i>Bolet\u00edn del Instituto de Estudios Giennenses<\/i>, (194), 15-46<\/p>\n<p>Leis S\u00e1nchez, V. (2012). Aproximaci\u00f3n al panorama bibliogr\u00e1fico linarense sobre ciencias sociales (1950-2007). En <i>Actas I Congreso de Historia de Linares<\/i> (pp. 439-452). Centro de Estudios Linarenses.<\/p>\n<p>Mart\u00ednez Aguilar, L. (2014). <i>Historia art\u00edstica y social de los edificios linarenses<\/i>. Serv. Publicaciones Universidad de Ja\u00e9n y Centro de Estudios Linarenses, 2014<\/p>\n<p>Ram\u00edrez, Pablo (Coord.). 2004. <i>Ba\u00f1os. La ley de la buena forma<\/i>. Universidad de Ja\u00e9n. Servicio de Publicaciones.<\/p>\n<p>Viribay Abad, M. (2011). Aproximaci\u00f3n a la pintura en Ja\u00e9n: 1900-1960. <i>Bolet\u00edn del Instituto de Estudios Giennenses<\/i>, (204), 367-428.<\/p>\n<p lang=\"zxx\"><b>PRENSA<\/b><\/p>\n<p>Aldea Bustos, M. \u00abInauguraci\u00f3n del mural El Juego de Francisco Ba\u00f1os\u00bb. Diario Ja\u00e9n [Ja\u00e9n], 18 de marzo de 2004, p. 49.<\/p>\n<p>Aldea Bustos, M. \u00abLos murales la Libertad y El Juego recuperan su antiguo esplendor\u00bb. Diario Ja\u00e9n [Ja\u00e9n], 19 de marzo de 2004, p. 77.<\/p>\n","protected":false},"excerpt":{"rendered":"<p>Ya en los &#8217;70, el pintor linarense se introduce en la experimentaci\u00f3n sobre los campos del color y los materiales con una abstracci\u00f3n espacialista que se prolongar\u00e1 m\u00e1s all\u00e1 de&hellip;<\/p>\n","protected":false},"author":1,"featured_media":2038,"comment_status":"open","ping_status":"open","sticky":false,"template":"","format":"standard","meta":[],"categories":[3,346],"tags":[349,348,14,350,347],"jetpack_featured_media_url":"https:\/\/muvacandalucia.es\/wp-content\/uploads\/2023\/03\/IMG_1541.jpeg","_links":{"self":[{"href":"https:\/\/muvacandalucia.es\/index.php\/wp-json\/wp\/v2\/posts\/2083"}],"collection":[{"href":"https:\/\/muvacandalucia.es\/index.php\/wp-json\/wp\/v2\/posts"}],"about":[{"href":"https:\/\/muvacandalucia.es\/index.php\/wp-json\/wp\/v2\/types\/post"}],"author":[{"embeddable":true,"href":"https:\/\/muvacandalucia.es\/index.php\/wp-json\/wp\/v2\/users\/1"}],"replies":[{"embeddable":true,"href":"https:\/\/muvacandalucia.es\/index.php\/wp-json\/wp\/v2\/comments?post=2083"}],"version-history":[{"count":5,"href":"https:\/\/muvacandalucia.es\/index.php\/wp-json\/wp\/v2\/posts\/2083\/revisions"}],"predecessor-version":[{"id":2119,"href":"https:\/\/muvacandalucia.es\/index.php\/wp-json\/wp\/v2\/posts\/2083\/revisions\/2119"}],"wp:featuredmedia":[{"embeddable":true,"href":"https:\/\/muvacandalucia.es\/index.php\/wp-json\/wp\/v2\/media\/2038"}],"wp:attachment":[{"href":"https:\/\/muvacandalucia.es\/index.php\/wp-json\/wp\/v2\/media?parent=2083"}],"wp:term":[{"taxonomy":"category","embeddable":true,"href":"https:\/\/muvacandalucia.es\/index.php\/wp-json\/wp\/v2\/categories?post=2083"},{"taxonomy":"post_tag","embeddable":true,"href":"https:\/\/muvacandalucia.es\/index.php\/wp-json\/wp\/v2\/tags?post=2083"}],"curies":[{"name":"wp","href":"https:\/\/api.w.org\/{rel}","templated":true}]}}