{"id":2080,"date":"2023-03-20T17:26:34","date_gmt":"2023-03-20T17:26:34","guid":{"rendered":"https:\/\/muvacandalucia.es\/?p=2080"},"modified":"2023-03-20T19:26:05","modified_gmt":"2023-03-20T19:26:05","slug":"paco-banos-linarense-universal-3","status":"publish","type":"post","link":"https:\/\/muvacandalucia.es\/index.php\/2023\/03\/20\/paco-banos-linarense-universal-3\/","title":{"rendered":"Paco Ba\u00f1os, linarense universal (3)"},"content":{"rendered":"<p align=\"JUSTIFY\"><span style=\"font-size: medium;\">Es este el tiempo en el que, seg\u00fan nos relata Vicente Oya en su art\u00edculo de Diario Ja\u00e9n \u201c<\/span><span style=\"font-size: medium;\">Una vida en seis cap\u00edtulos: Paco Ba\u00f1os IV\u201d publicado por Diario Ja\u00e9n el 12 de marzo de 1982, (p. 28) Ba\u00f1os siente la atracci\u00f3n del hierro y en \u00e9l trabaja para dos temas ornamentales del auditorio de Ja\u00e9n. Uno de ellos, inconcreto en su contorno es din\u00e1mico en el laberito de curvas en tensi\u00f3n. El otro representa la m\u00fasica sin necesidad de s\u00edmbolos, ni perfiles en el muro que les sirve de fondo juega el papel de un contrapunto necesario y arm\u00f3nico.<\/span><\/p>\n<p align=\"JUSTIFY\"><span style=\"font-size: medium;\">El pintor linarense participa desde una posici\u00f3n destacada en la evoluci\u00f3n del estatus de las Escuelas Superiores de Bellas Artes que las llevar\u00e1 a convertirse en Facultades universitarias dentro de un ambiente conflictivo como el que envolvi\u00f3 las universidades de finales de los a\u00f1os &#8217;60 y principio de los &#8217;70 del pasado siglo en Espa\u00f1a. Desde su cargo como catedr\u00e1tico de la de Valencia, Ba\u00f1os asisti\u00f3 en primera l\u00ednea a las intensas negociaciones que condujeron al Ministro de Educaci\u00f3n Villar Palas\u00ed y a su sucesor Julio Rodr\u00edguez a llevar el proceso adelante hasta su culminaci\u00f3n como expone Santiago Rodr\u00edguez (Ram\u00edrez, 2012:57-61), de la Universidad Polit\u00e9cnica de Valencia, testigo directo de la labor de Ba\u00f1os en el proceso.<\/span><\/p>\n<p align=\"JUSTIFY\"><span style=\"font-size: medium;\">Su trayectoria pict\u00f3rica y su evoluci\u00f3n personal van a llevar a Ba\u00f1os a embarcarse en la aventura de la abstracci\u00f3n en cuya l\u00ednea encontramos obras suyas a partir de finales de los a\u00f1os 50. El germen abstracto comienza a fructificar en los ambientes de las artes pl\u00e1sticas espa\u00f1olas a partir de finales de esta d\u00e9cada entendido como una forma de romper con la est\u00e9tica oficialista del franquismo aprovechando la lenta, pero paulatina apertura del r\u00e9gimen. La mayor parte de los artistas de la \u00e9poca tienden a identificar \u201cabstracci\u00f3n\u201d con \u201cmodernidad\u201d si bien esta interpretaci\u00f3n a veces es una forma de justificar el <\/span><span style=\"font-size: medium;\"><i>aggiornamento<\/i><\/span><span style=\"font-size: medium;\"> de los procedimientos formales asumidos mim\u00e9ticamente como otra manera de hacer, como otra manera de representar la realidad mediante la estilizaci\u00f3n de la forma, la reducci\u00f3n del detalle, una medida de asc\u00e9tica sobriedad. Se trata, pues, de abstraer las formas en un pactado di\u00e1logo abstracci\u00f3n\/figuraci\u00f3n no ajeno a un cierto expresionismo que en el caso de Francisco Ba\u00f1os lo conduce a un particular itinerario pict\u00f3rico llev\u00e1ndolo a la profunda revisi\u00f3n y reajuste de un peregrinaje art\u00edstico personal (Ram\u00edrez, 2012, 71-74) que mantendr\u00e1 durante el resto de su vida sin perder de vista su asentado neocubismo manifestado en su obra mural, sus portentosas habilidades para el dibujo figurativo y una abstracci\u00f3n m\u00e1s profunda, m\u00e1s conceptual y desligada por completo de la figuraci\u00f3n que desarrollar\u00e1 diacr\u00f3nicamente en la forma de diferentes l\u00edneas de trabajo. <\/span><\/p>\n<p align=\"JUSTIFY\"><span style=\"font-size: medium;\">Ba\u00f1os inicia a finales de los a\u00f1os 50 del siglo XX una acentuada depuraci\u00f3n formal que lo lleva a la simplificaci\u00f3n de elementos y a una nueva articulaci\u00f3n de la composici\u00f3n que pasa a mostrarse plenamente geom\u00e9trica (Ram\u00edrez, 2012, 73) como afirma Rom\u00e1n de la Calle. Todo esto lleva a afirmar al pintor linarense sobre el arte abstracto que <\/span><span style=\"font-size: medium;\">\u201ces un hecho vital, influencia de la cultura y de ola ciencia de nuestros d\u00edas. Guste o no guste es una realidad del hombre ante el cosmos, en cuyas im\u00e1genes pict\u00f3ricas expresa unas veces el sentimiento del espacio, con un sentido dram\u00e1tico, como le sucede a Klimt otros con una ordenaci\u00f3n m\u00e1s matem\u00e1tica (Mondri\u00e1n). Tambi\u00e9n la imagen abstracta est\u00e1 directamente informada por las formas del microcosmos que la ciencia descubre\u201d<\/span><span style=\"font-size: medium;\"> en declaraciones del propio pintor a Felipe Oya para Diario Ja\u00e9n publicadas el 9 de marzo de 1982.<\/span><\/p>\n<figure id=\"attachment_2067\" aria-describedby=\"caption-attachment-2067\" style=\"width: 440px\" class=\"wp-caption alignnone\"><img decoding=\"async\" loading=\"lazy\" class=\"wp-image-2067 size-large\" src=\"https:\/\/muvacandalucia.es\/wp-content\/uploads\/2023\/03\/IMG_1574-1024x774.jpeg\" alt=\"Sin t\u00edtulo. 2002. Acr\u00edlico sobre tela. 60 \u00d7 73\" width=\"440\" height=\"333\" srcset=\"https:\/\/muvacandalucia.es\/wp-content\/uploads\/2023\/03\/IMG_1574-1024x774.jpeg 1024w, https:\/\/muvacandalucia.es\/wp-content\/uploads\/2023\/03\/IMG_1574-300x227.jpeg 300w, https:\/\/muvacandalucia.es\/wp-content\/uploads\/2023\/03\/IMG_1574-768x581.jpeg 768w, https:\/\/muvacandalucia.es\/wp-content\/uploads\/2023\/03\/IMG_1574-1536x1161.jpeg 1536w, https:\/\/muvacandalucia.es\/wp-content\/uploads\/2023\/03\/IMG_1574.jpeg 1943w\" sizes=\"(max-width: 440px) 100vw, 440px\" \/><figcaption id=\"caption-attachment-2067\" class=\"wp-caption-text\">Sin t\u00edtulo. 2002. Acr\u00edlico sobre tela. 60 \u00d7 73<\/figcaption><\/figure>\n<p align=\"JUSTIFY\"><span style=\"font-size: medium;\">A partir de la segunda mitad de los &#8217;60, Ba\u00f1os se sumergir\u00e1 en el llamado \u201cprincipio collage\u201d que lo llevar\u00e1 a introducir en sus composiciones abstractas materiales variados y t\u00e9cnicas mixtas en una l\u00ednea que no llegar\u00e1 a abandonar simultane\u00e1ndola con otras l\u00edneas de trabajo. Su abstracci\u00f3n se vuelve una disoluci\u00f3n de las formas sobre el fondo o en la reproducci\u00f3n de las estructuras rugosas, texturales de los propios materiales hacia finales de esta d\u00e9cada.<\/span><\/p>\n<h2 class=\"western\">&lt;&lt;<a href=\"https:\/\/muvacandalucia.es\/index.php\/2023\/03\/20\/paco-banos-linarense-universal-2\/\"><span style=\"font-size: small;\">Paco Ba\u00f1os&#8230; (2)<\/span><\/a> \u00a0\u00a0\u00a0\u00a0\u00a0\u00a0\u00a0\u00a0\u00a0 <a href=\"https:\/\/muvacandalucia.es\/index.php\/2023\/03\/20\/paco-banos-linarense-universal-4\/\"><span style=\"font-size: small;\">Paco Ba\u00f1os&#8230;&#8230;(4)<\/span><\/a> &gt;&gt;<\/h2>\n<h2><span style=\"font-size: small;\">OTROS ART\u00cdCULOS DE LA COLECCI\u00d3N<\/span><\/h2>\n<p><a href=\"https:\/\/muvacandalucia.es\/index.php\/2023\/03\/20\/paco-banos-linarense-universal-1\/\">Paco Ba\u00f1os, linarense universal (1)<\/a><\/p>\n<p><a href=\"https:\/\/muvacandalucia.es\/index.php\/2023\/03\/20\/un-analisis-de-la-bibliografia-y-hemeroteca-disponibles-sobre-francisco-banos\/\"><span style=\"font-size: medium;\">Un an\u00e1lisis de la bibliograf\u00eda y hemeroteca disponibles sobre Francisco Ba\u00f1os<\/span><\/a><\/p>\n<p><a href=\"https:\/\/muvacandalucia.es\/index.php\/2023\/03\/20\/la-obra-de-paco-banos-en-la-coleccion-de-su-hijo-luis-banos\/\"><span style=\"font-size: medium;\">La obra de Paco Ba\u00f1os en la colecci\u00f3n de su hijo Luis Ba\u00f1os<\/span><\/a><\/p>\n<h2><b>BIBLIOGRAF\u00cdA<\/b><\/h2>\n<p>Almansa Moreno, J. M. y Mart\u00edn Robles, J. M. (dir.) (2016). <em>50 a\u00f1os de artes pl\u00e1sticas en Ja\u00e9n. Creaci\u00f3n, medios y espacios (1960-2010)<\/em>. Ja\u00e9n: Instituto de Estudios Giennenses, Diputaci\u00f3n Provincial de Ja\u00e9n. ISBN 978-84-92876-59-4 pp 75-79<\/p>\n<p>Camacho Conde, J. A. (2006). Francisco Ba\u00f1os Martos, el pintor sublime de Linares. <i>Bolet\u00edn del Instituto de Estudios Giennenses<\/i>, (194), 15-46<\/p>\n<p>Leis S\u00e1nchez, V. (2012). Aproximaci\u00f3n al panorama bibliogr\u00e1fico linarense sobre ciencias sociales (1950-2007). En <i>Actas I Congreso de Historia de Linares<\/i> (pp. 439-452). Centro de Estudios Linarenses.<\/p>\n<p>Mart\u00ednez Aguilar, L. (2014). <i>Historia art\u00edstica y social de los edificios linarenses<\/i>. Serv. Publicaciones Universidad de Ja\u00e9n y Centro de Estudios Linarenses, 2014<\/p>\n<p>Ram\u00edrez, Pablo (Coord.). 2004. <i>Ba\u00f1os. La ley de la buena forma<\/i>. Universidad de Ja\u00e9n. Servicio de Publicaciones.<\/p>\n<p>Viribay Abad, M. (2011). Aproximaci\u00f3n a la pintura en Ja\u00e9n: 1900-1960. <i>Bolet\u00edn del Instituto de Estudios Giennenses<\/i>, (204), 367-428.<\/p>\n<p lang=\"zxx\"><b>PRENSA<\/b><\/p>\n<p>Aldea Bustos, M. \u00abInauguraci\u00f3n del mural El Juego de Francisco Ba\u00f1os\u00bb. Diario Ja\u00e9n [Ja\u00e9n], 18 de marzo de 2004, p. 49.<\/p>\n<p>Aldea Bustos, M. \u00abLos murales la Libertad y El Juego recuperan su antiguo esplendor\u00bb. Diario Ja\u00e9n [Ja\u00e9n], 19 de marzo de 2004, p. 77.<\/p>\n<p align=\"JUSTIFY\">\n","protected":false},"excerpt":{"rendered":"<p>Es este el tiempo en el que, seg\u00fan nos relata Vicente Oya en su art\u00edculo de Diario Ja\u00e9n \u201cUna vida en seis cap\u00edtulos: Paco Ba\u00f1os IV\u201d publicado por Diario Ja\u00e9n&hellip;<\/p>\n","protected":false},"author":1,"featured_media":2069,"comment_status":"open","ping_status":"open","sticky":false,"template":"","format":"standard","meta":[],"categories":[3,346],"tags":[349,351,348,14,350,347],"jetpack_featured_media_url":"https:\/\/muvacandalucia.es\/wp-content\/uploads\/2023\/03\/ST-abstracto-2002-Acrilico-tela-100x100-2-01.jpg","_links":{"self":[{"href":"https:\/\/muvacandalucia.es\/index.php\/wp-json\/wp\/v2\/posts\/2080"}],"collection":[{"href":"https:\/\/muvacandalucia.es\/index.php\/wp-json\/wp\/v2\/posts"}],"about":[{"href":"https:\/\/muvacandalucia.es\/index.php\/wp-json\/wp\/v2\/types\/post"}],"author":[{"embeddable":true,"href":"https:\/\/muvacandalucia.es\/index.php\/wp-json\/wp\/v2\/users\/1"}],"replies":[{"embeddable":true,"href":"https:\/\/muvacandalucia.es\/index.php\/wp-json\/wp\/v2\/comments?post=2080"}],"version-history":[{"count":5,"href":"https:\/\/muvacandalucia.es\/index.php\/wp-json\/wp\/v2\/posts\/2080\/revisions"}],"predecessor-version":[{"id":2113,"href":"https:\/\/muvacandalucia.es\/index.php\/wp-json\/wp\/v2\/posts\/2080\/revisions\/2113"}],"wp:featuredmedia":[{"embeddable":true,"href":"https:\/\/muvacandalucia.es\/index.php\/wp-json\/wp\/v2\/media\/2069"}],"wp:attachment":[{"href":"https:\/\/muvacandalucia.es\/index.php\/wp-json\/wp\/v2\/media?parent=2080"}],"wp:term":[{"taxonomy":"category","embeddable":true,"href":"https:\/\/muvacandalucia.es\/index.php\/wp-json\/wp\/v2\/categories?post=2080"},{"taxonomy":"post_tag","embeddable":true,"href":"https:\/\/muvacandalucia.es\/index.php\/wp-json\/wp\/v2\/tags?post=2080"}],"curies":[{"name":"wp","href":"https:\/\/api.w.org\/{rel}","templated":true}]}}