{"id":2034,"date":"2023-03-20T18:15:37","date_gmt":"2023-03-20T18:15:37","guid":{"rendered":"https:\/\/muvacandalucia.es\/?p=2034"},"modified":"2023-03-20T19:22:51","modified_gmt":"2023-03-20T19:22:51","slug":"paco-banos-linarense-universal-2","status":"publish","type":"post","link":"https:\/\/muvacandalucia.es\/index.php\/2023\/03\/20\/paco-banos-linarense-universal-2\/","title":{"rendered":"Paco Ba\u00f1os, linarense universal (2)"},"content":{"rendered":"<p align=\"JUSTIFY\"><span style=\"font-size: medium;\">Ba\u00f1os adquiere en este proceso una progresiva esquematizaci\u00f3n que \u201cunas veces se decanta hacia lo expresivo y otras hacia lo estructural\u201d, seg\u00fan el profesor de la Universidad Polit\u00e9cnica de Valencia Pablo Ram\u00edrez (Ram\u00edrez P\u00e9rez, 2004, 16) que pronto alcanzar\u00e1 a su obra de caballete <\/span><span style=\"font-size: medium;\"><i>expresionismo<\/i><\/span><span style=\"font-size: medium;\"> o <\/span><span style=\"font-size: medium;\"><i>geometrismo<\/i><\/span><span style=\"font-size: medium;\">, a veces, cubismo que Ba\u00f1os confiesa que estar\u00e1 presente hasta en sus \u00faltimos cuadros seg\u00fan declara el pintor a Diario Ja\u00e9n el 26 de febrero de 2004. \u201cLa pr\u00e1ctica de la mural\u00edstica le (lo) obliga a concebir un nuevo tratamiento del espacio y de las figuras, y de sus relaciones mediante el dibujo y el color\u201d- afirma Ram\u00edrez.<\/span><\/p>\n<figure id=\"attachment_2040\" aria-describedby=\"caption-attachment-2040\" style=\"width: 440px\" class=\"wp-caption alignnone\"><img decoding=\"async\" loading=\"lazy\" class=\"wp-image-2040 size-large\" src=\"https:\/\/muvacandalucia.es\/wp-content\/uploads\/2023\/03\/IMG_1543-604x1024.jpeg\" alt=\"Cabeza de Virgen, 1962, \u00d3leo sobre tablex, 50,5x30\" width=\"440\" height=\"746\" srcset=\"https:\/\/muvacandalucia.es\/wp-content\/uploads\/2023\/03\/IMG_1543-604x1024.jpeg 604w, https:\/\/muvacandalucia.es\/wp-content\/uploads\/2023\/03\/IMG_1543-177x300.jpeg 177w, https:\/\/muvacandalucia.es\/wp-content\/uploads\/2023\/03\/IMG_1543-768x1301.jpeg 768w, https:\/\/muvacandalucia.es\/wp-content\/uploads\/2023\/03\/IMG_1543-906x1536.jpeg 906w, https:\/\/muvacandalucia.es\/wp-content\/uploads\/2023\/03\/IMG_1543.jpeg 1136w\" sizes=\"(max-width: 440px) 100vw, 440px\" \/><figcaption id=\"caption-attachment-2040\" class=\"wp-caption-text\">Cabeza de Virgen, 1962, \u00d3leo sobre tablex, 50,5&#215;30<\/figcaption><\/figure>\n<p align=\"JUSTIFY\"><span style=\"font-size: medium;\">Esta experiencia como muralista le abrir\u00e1 las puertas de 1956 a los encargos del mural de la iglesia de Cristo Rey y a la serie de murales de la Jefatura Provincial del Movimiento. De los dos, podemos conocer de primera mano los de la iglesia que suponen sin duda una renovaci\u00f3n del arte sacro espa\u00f1ol de la que Ba\u00f1os ser\u00e1 un claro precursor. De la segunda intervenci\u00f3n, apenas quedan im\u00e1genes en blanco y negro de la \u00e9poca. En la actualidad, ya no son accesibles al p\u00fablico por encontrarse semiocultas y en mal estado de conservaci\u00f3n tras los anaqueles del archivo de la Comisar\u00eda de Policia de la calle Arquitecto Berges de Ja\u00e9n que ocupa en la actualidad los locales de la Jefatura Provincial del Movimimento ignorados y menospreciados como muestra del rechazo que despertar\u00eda en la incipiente democracia de los a\u00f1os 80 del pasado siglo la presencia de s\u00edmbolos asociados con el r\u00e9gimen franquista a pesar de su indudable calidad equiparable a la mejor mural\u00edstica mejicana (Ram\u00edrez P\u00e9rez, 2004,17).<\/span><\/p>\n<p align=\"JUSTIFY\"><span style=\"font-size: medium;\">A partir de 1955 y hasta 1979, Ba\u00f1os Martos realizar\u00e1 cerca de cuarenta obras murales en toda la provincia -gracias a los fondos disponibles en virtud del Concordato y del Plan Ja\u00e9n-, alguna de ellas de gran envergadura como la del Santuario de la Virgen de Linarejos con sus grandes murales del crucero (1958) y las b\u00f3vedas de ca\u00f1\u00f3n (1971-1979) de cuya finalizaci\u00f3n da cuenta diario Ja\u00e9n en su edici\u00f3n del 18 de octubre de 1979, o el mural de la iglesia parroquial de San Juan Bautista en Navas de San Juan, los murales del Colegio de los Hermanos Maristas de Ja\u00e9n, el de la iglesia del Instituto Nacional de Colonizaci\u00f3n (Santo Tom\u00e9), la pintura de la iglesia de San Jos\u00e9 Obrero (Bail\u00e9n), el mural del camar\u00edn del Santuario de la Virgen de la Fuensanta (Alcaudete), el gran mural en mosaico de la Central El\u00e9ctrica (Puente de la Cerrada), el mural del camar\u00edn en el Santuario de la Virgen de T\u00edscar (Quesada) y los dos murales situados en el presbiterio de la iglesia de San Isidoro (Valencia) y <\/span><span style=\"font-size: medium;\"><i>Los mineros<\/i><\/span><span style=\"font-size: medium;\">, en el Ayuntamiento de Linares (Almansa y Mart\u00edn, 2016, 77). <\/span><\/p>\n<p align=\"JUSTIFY\"><span style=\"font-size: medium;\">Paralelamente, la vida profesional del artista alcanza la estabilidad econ\u00f3mica anhelada por \u00e9l al conseguir trabajo estable como docente en los institutos de bachillerato de su localidad en 1961, en primer lugar, y en el instituto<\/span> <span style=\"font-size: medium;\"><i>Virgen del Carmen<\/i><\/span> <span style=\"font-size: medium;\">a partir de 1962 hasta su incorporaci\u00f3n a la c\u00e1tedra de la Escuela Superior de Bellas Artes de Valencia, en 1964, en la que fue profesor de \u201cDibujo de lo antiguo y ropajes\u201d (Almansa y Mart\u00edn, 2012, 76) simultaneando siempre esta ocupaci\u00f3n laboral con sus trabajos como muralista y en caballete lo que explica la demora en la finalizaci\u00f3n de trabajos como la b\u00f3veda del Santuario de la Virgen de Linarejos cuyos trabajos se prolongan por ocho a\u00f1os.<\/span><\/p>\n<p align=\"JUSTIFY\"><span style=\"font-size: medium;\">La actividad de Ba\u00f1os en los a\u00f1os 60 no se limita a simultanear la docencia en institutos con la pr\u00e1ctica activa de las artes pl\u00e1sticas, tanto en caballete como obra mural, sino que su participaci\u00f3n en los grupos de artistas de la \u00e9poca lo convierte en activo part\u00edcipe de la vida art\u00edstica nacional que se canaliza a trav\u00e9s de asociaciones como el Grupo Ja\u00e9n (1965) del cual es cofundador. Recibir\u00e1 el <\/span><span style=\"font-size: medium;\"><i>Olivo de Oro<\/i><\/span><span style=\"font-size: medium;\"> en 1969 concedido por los miembros del Grupo Literario \u201cEl Olivo\u201d.<\/span><\/p>\n<h4 align=\"JUSTIFY\">&lt;&lt; <a href=\"https:\/\/muvacandalucia.es\/index.php\/2023\/03\/20\/paco-banos-linarense-universal-1\/\"><span style=\"font-size: small;\">Paco Ba\u00f1os&#8230;. (1)<\/span><\/a>\u00a0\u00a0\u00a0\u00a0\u00a0\u00a0\u00a0\u00a0\u00a0\u00a0\u00a0\u00a0\u00a0\u00a0\u00a0\u00a0\u00a0\u00a0\u00a0\u00a0\u00a0\u00a0\u00a0\u00a0\u00a0\u00a0\u00a0\u00a0\u00a0 <a href=\"https:\/\/muvacandalucia.es\/index.php\/2023\/03\/20\/paco-banos-linarense-universal-3\/\"><span style=\"font-size: small;\">Paco Ba\u00f1os&#8230; (3) <\/span><\/a>&gt;&gt;<\/h4>\n<h2 class=\"western\"><a href=\"https:\/\/muvacandalucia.es\/index.php\/2023\/03\/20\/paco-banos-linarense-universal-4\/\"><span style=\"font-size: small;\">Paco Ba\u00f1os, linarense universal (4)<\/span><\/a><\/h2>\n<p><span style=\"font-size: small;\">OTROS ART\u00cdCULOS DE LA COLECCI\u00d3N<\/span><\/p>\n<h4 class=\"western\"><a href=\"https:\/\/muvacandalucia.es\/index.php\/2023\/03\/20\/paco-banos-linarense-universal-4\/\"><span style=\"font-size: medium;\">Paco Ba\u00f1os, linarense universal (4)<\/span><\/a><\/h4>\n<h4 class=\"western\"><a href=\"https:\/\/muvacandalucia.es\/index.php\/2023\/03\/20\/un-analisis-de-la-bibliografia-y-hemeroteca-disponibles-sobre-francisco-banos\/\"><span style=\"font-size: medium;\">Un an\u00e1lisis de la bibliograf\u00eda y hemeroteca disponibles sobre Francisco Ba\u00f1os<\/span><\/a><\/h4>\n<h4 class=\"western\"><a href=\"https:\/\/muvacandalucia.es\/index.php\/2023\/03\/20\/la-obra-de-paco-banos-en-la-coleccion-de-su-hijo-luis-banos\/\"><span style=\"font-size: medium;\">La obra de Paco Ba\u00f1os en la colecci\u00f3n de su hijo Luis Ba\u00f1os<\/span><\/a><\/h4>\n<p><b>BIBLIOGRAF\u00cdA<\/b><\/p>\n<p>Almansa Moreno, J. M. y Mart\u00edn Robles, J. M. (dir.) (2016). <em>50 a\u00f1os de artes pl\u00e1sticas en Ja\u00e9n. Creaci\u00f3n, medios y espacios (1960-2010)<\/em>. Ja\u00e9n: Instituto de Estudios Giennenses, Diputaci\u00f3n Provincial de Ja\u00e9n. ISBN 978-84-92876-59-4 pp 75-79<\/p>\n<p>Camacho Conde, J. A. (2006). Francisco Ba\u00f1os Martos, el pintor sublime de Linares. <i>Bolet\u00edn del Instituto de Estudios Giennenses<\/i>, (194), 15-46<\/p>\n<p>Leis S\u00e1nchez, V. (2012). Aproximaci\u00f3n al panorama bibliogr\u00e1fico linarense sobre ciencias sociales (1950-2007). En <i>Actas I Congreso de Historia de Linares<\/i> (pp. 439-452). Centro de Estudios Linarenses.<\/p>\n<p>Mart\u00ednez Aguilar, L. (2014). <i>Historia art\u00edstica y social de los edificios linarenses<\/i>. Serv. Publicaciones Universidad de Ja\u00e9n y Centro de Estudios Linarenses, 2014<\/p>\n<p>Ram\u00edrez, Pablo (Coord.). 2004. <i>Ba\u00f1os. La ley de la buena forma<\/i>. Universidad de Ja\u00e9n. Servicio de Publicaciones.<\/p>\n<p>Viribay Abad, M. (2011). Aproximaci\u00f3n a la pintura en Ja\u00e9n: 1900-1960. <i>Bolet\u00edn del Instituto de Estudios Giennenses<\/i>, (204), 367-428.<\/p>\n<p><span lang=\"zxx\"><b>PRENSA<\/b><\/span><\/p>\n<p>Aldea Bustos, M. \u00abInauguraci\u00f3n del mural El Juego de Francisco Ba\u00f1os\u00bb. Diario Ja\u00e9n [Ja\u00e9n], 18 de marzo de 2004, p. 49.<\/p>\n<p>Aldea Bustos, M. \u00abLos murales la Libertad y El Juego recuperan su antiguo esplendor\u00bb. Diario Ja\u00e9n [Ja\u00e9n], 19 de marzo de 2004, p. 77.<\/p>\n<p align=\"JUSTIFY\">\n","protected":false},"excerpt":{"rendered":"<p>Ba\u00f1os adquiere en este proceso una progresiva esquematizaci\u00f3n que \u201cunas veces se decanta hacia lo expresivo y otras hacia lo estructural\u201d, seg\u00fan el profesor de la Universidad Polit\u00e9cnica de Valencia&hellip;<\/p>\n","protected":false},"author":1,"featured_media":2057,"comment_status":"open","ping_status":"open","sticky":false,"template":"","format":"standard","meta":[],"categories":[3,346],"tags":[349,348,14,350,347],"jetpack_featured_media_url":"https:\/\/muvacandalucia.es\/wp-content\/uploads\/2023\/03\/IMG_1563.jpeg","_links":{"self":[{"href":"https:\/\/muvacandalucia.es\/index.php\/wp-json\/wp\/v2\/posts\/2034"}],"collection":[{"href":"https:\/\/muvacandalucia.es\/index.php\/wp-json\/wp\/v2\/posts"}],"about":[{"href":"https:\/\/muvacandalucia.es\/index.php\/wp-json\/wp\/v2\/types\/post"}],"author":[{"embeddable":true,"href":"https:\/\/muvacandalucia.es\/index.php\/wp-json\/wp\/v2\/users\/1"}],"replies":[{"embeddable":true,"href":"https:\/\/muvacandalucia.es\/index.php\/wp-json\/wp\/v2\/comments?post=2034"}],"version-history":[{"count":6,"href":"https:\/\/muvacandalucia.es\/index.php\/wp-json\/wp\/v2\/posts\/2034\/revisions"}],"predecessor-version":[{"id":2111,"href":"https:\/\/muvacandalucia.es\/index.php\/wp-json\/wp\/v2\/posts\/2034\/revisions\/2111"}],"wp:featuredmedia":[{"embeddable":true,"href":"https:\/\/muvacandalucia.es\/index.php\/wp-json\/wp\/v2\/media\/2057"}],"wp:attachment":[{"href":"https:\/\/muvacandalucia.es\/index.php\/wp-json\/wp\/v2\/media?parent=2034"}],"wp:term":[{"taxonomy":"category","embeddable":true,"href":"https:\/\/muvacandalucia.es\/index.php\/wp-json\/wp\/v2\/categories?post=2034"},{"taxonomy":"post_tag","embeddable":true,"href":"https:\/\/muvacandalucia.es\/index.php\/wp-json\/wp\/v2\/tags?post=2034"}],"curies":[{"name":"wp","href":"https:\/\/api.w.org\/{rel}","templated":true}]}}