{"id":2028,"date":"2023-03-20T18:31:27","date_gmt":"2023-03-20T18:31:27","guid":{"rendered":"https:\/\/muvacandalucia.es\/?p=2028"},"modified":"2023-03-20T19:18:23","modified_gmt":"2023-03-20T19:18:23","slug":"paco-banos-linarense-universal-1","status":"publish","type":"post","link":"https:\/\/muvacandalucia.es\/index.php\/2023\/03\/20\/paco-banos-linarense-universal-1\/","title":{"rendered":"Paco Ba\u00f1os, linarense universal (1)"},"content":{"rendered":"<p align=\"JUSTIFY\"><span style=\"font-size: medium;\">Francisco Ba\u00f1os Martos nace en Linares el 18 de marzo de 1928 en una familia humilde, hijo de minero y ama de casa, tercero de ocho hijos, en la perif\u00e9rica calle Numancia. Dibujante nato, inicia su carrera desde la primera infancia, incluso antes de asistir, a los ocho a\u00f1os, a un curso en la Escuela Industrial de su localidad mostrando gran inter\u00e9s por el dibujo t\u00e9cnico.<\/span><\/p>\n<p align=\"JUSTIFY\"><span style=\"font-size: medium;\">Asiduo participante en cuantos concursos y cert\u00e1menes llegan a su conocimiento, Paco Ba\u00f1os los consigue todos llamando la atenci\u00f3n de las autoridades hasta que el alcalde de Linares lo beca para iniciar su aprendizaje con Rafael Hidalgo Caviedes<\/span><sup><span style=\"font-size: medium;\"><a class=\"sdfootnoteanc\" href=\"#sdfootnote1sym\" name=\"sdfootnote1anc\">1<\/a><\/span><\/sup><span style=\"font-size: medium;\">, a quien representa en su cuadro <\/span><span style=\"font-size: medium;\"><i>Corrigiendo el maestro<\/i><\/span><span style=\"font-size: medium;\"> en 1946, en Madrid y cuya contrastada destreza es seguida por Ba\u00f1os <\/span><span style=\"font-size: medium;\">\u201cenvolvi\u00e9ndola en un concepto de color m\u00e1s aterciopelado y un mundo de cierto tipismo que despu\u00e9s abandon\u00f3\u201d en beneficio del \u201cconcepto de paleta terrosa\u201d seg\u00fan<\/span><span style=\"font-size: medium;\"> Miguel Viribay en su art\u00edculo <\/span><span style=\"font-size: medium;\"><i>El universo m\u00e1s intimista de Paco Ba\u00f1os<\/i><\/span><span style=\"font-size: medium;\"> publicado por Diario Ja\u00e9n el 7 de mayo de 2008. Adolescente a\u00fan, obtiene brillantes calificaciones en el examen de ingreso de la Escuela Superior de Bellas Artes de San Fernando y alcanza una temprana notoriedad por los retratos -a carb\u00f3n uno, sanguina el otro- del rostro del fallecido Manolete en la madrugada de aquel 29 de agosto de 1947 tendido sobre la camilla en el propio Hospital de los Marqueses de Linares, que son reproducidos por cientos de peri\u00f3dicos de la \u00e9poca.<\/span><\/p>\n<figure id=\"attachment_2030\" aria-describedby=\"caption-attachment-2030\" style=\"width: 242px\" class=\"wp-caption alignleft\"><img decoding=\"async\" loading=\"lazy\" class=\"wp-image-2030 size-medium\" src=\"https:\/\/muvacandalucia.es\/wp-content\/uploads\/2023\/01\/Autorretrato-con-hermana-en-espejo-1949-Oleo-826x1024-1-e1674477643381-242x300.webp\" alt=\"Autorretrato con hermana en espejo.1945 \u00d3leo sobre tela \" width=\"242\" height=\"300\" srcset=\"https:\/\/muvacandalucia.es\/wp-content\/uploads\/2023\/01\/Autorretrato-con-hermana-en-espejo-1949-Oleo-826x1024-1-e1674477643381-242x300.webp 242w, https:\/\/muvacandalucia.es\/wp-content\/uploads\/2023\/01\/Autorretrato-con-hermana-en-espejo-1949-Oleo-826x1024-1-e1674477643381.webp 450w\" sizes=\"(max-width: 242px) 100vw, 242px\" \/><figcaption id=\"caption-attachment-2030\" class=\"wp-caption-text\">Autorretrato con hermana en espejo.<br \/>1945<br \/>\u00d3leo sobre tela<\/figcaption><\/figure>\n<p align=\"JUSTIFY\"><span style=\"font-size: medium;\">Durante sus a\u00f1os de formaci\u00f3n, Ba\u00f1os obtiene numerosas distinciones en todos los cert\u00e1menes a los que concurre y su <\/span><span style=\"font-size: medium;\"><i>Rincon en un desv\u00e1n<\/i><\/span><span style=\"font-size: medium;\"> es seleccionado para la Exposici\u00f3n Nacional de Bellas Artes de 1950.<\/span><\/p>\n<p align=\"JUSTIFY\"><span style=\"font-size: medium;\">Su obra de estos primeros a\u00f1os, de car\u00e1cter figurativo, se caracter\u00edzar\u00e1 por la brillantez de su dibujo para el que est\u00e1 especialmente dotado. Retratos, bodegones, naturalezas muertas, paisajes<\/span><span style=\"font-size: medium;\">&#8230; lo abarca todo, pero \u201c&#8230;su inter\u00e9s por la figura humana como la gran protagonista, estilizada, plena de espiritualidad, con estudios concienzudos de anatom\u00eda, de tan innumerables matices y combinaciones de color de textura, de compensaci\u00f3n de l\u00edneas y masas, planos&#8230;\u201d<\/span><i> <\/i><span style=\"font-size: medium;\">(Camacho Conde, 2006, 17) <\/span><span style=\"font-size: medium;\">lo impregna todo.<\/span><\/p>\n<p align=\"JUSTIFY\"><span style=\"font-size: medium;\">Quiso la fortuna, o la historia, que Ba\u00f1os Martos finalizase su formaci\u00f3n en 1952 coincidiendo con los tr\u00e1mites del Concordato con la Santa Sede en un gui\u00f1o del azar que marcar\u00e1 la trayectoria del joven pintor. El Concordato tiene como inmediata consecuencia la inclusi\u00f3n de ambiciosos planes eclesi\u00e1sticos al amparo del reci\u00e9n promulgado Plan Ja\u00e9n cuya gesti\u00f3n quedar\u00e1 a cargo del santanderino Felipe Arche (gobernador provincial a la saz\u00f3n), que derramar\u00e1 sobre la provincia un importante flujo de caudales germen del mecenazgo que promover\u00e1 la carrera de varios j\u00f3venes artistas (Viribay Abad, 2011, 424).<\/span><\/p>\n<p align=\"JUSTIFY\"><span style=\"font-size: medium;\">En esta coyuntura, Francisco Ba\u00f1os, que acaba de regresar en 1954 -por motivos familiares y personales- a su localidad natal, se inicia en el muralismo con trabajos para empresas privadas hoy desaparecidas y cuyos \u00fanicos vestigios encontramos en los murales realizados para el Cine Olympia y el Hotel Cervantes as\u00ed como el del Colegio Alcal\u00e1 Venceslada de la capital restaurados en 2004 de cuya segunda inauguraci\u00f3n da cuenta diario Ja\u00e9n el 18 y el 19 de marzo de ese mismo a\u00f1o (Ram\u00edrez P\u00e9rez, 2004, 16).<\/span><\/p>\n<p align=\"JUSTIFY\">&#8212;&#8212;&#8212;&#8212;&#8212;&#8212;&#8212;&#8212;&#8212;&#8212;&#8212;&#8212;&#8212;&#8212;&#8212;&#8212;&#8212;&#8212;&#8212;&#8212;&#8212;&#8212;&#8212;&#8212;&#8212;&#8212;-<\/p>\n<div id=\"sdfootnote1\">\n<p class=\"sdfootnote\" align=\"JUSTIFY\"><a class=\"sdfootnotesym\" href=\"#sdfootnote1anc\" name=\"sdfootnote1sym\">1<\/a>Rafael Hidalgo Caviedes (Quesada, 1864-Madrid, 1950) realiz\u00f3 sus estudios art\u00edsticos en C\u00f3rdoba para completarlos en la Escuela de Bellas Artes de San Fernando. En 1884 fue pensionado por la Diputaci\u00f3n de Ja\u00e9n para ir a Roma. Ejerci\u00f3 la mayor parte de su carrera en Madrid como restaurador del Museo Arqueol\u00f3gico y como profesor en la Escuela de Artes e Industrias. En 1898 fue nombrado subdirector del Museo de Arte Moderno al cargo de tareas de conservaci\u00f3n y restauraci\u00f3n hasta su jubilaci\u00f3n. Hidalgo Caviedes cultiv\u00f3 un realismo decimon\u00f3nico con f\u00f3rmulas afines al luminismo y tem\u00e1tica a menudo andaluza.<\/p>\n<h2 class=\"western\"><a href=\"https:\/\/muvacandalucia.es\/index.php\/2023\/03\/20\/paco-banos-linarense-universal-2\/\"><span style=\"font-size: small;\">Paco Ba\u00f1os, linarense universal (2)<\/span><\/a>\u00a0&gt;&gt;<\/h2>\n<h2 class=\"western\">OTROS ART\u00cdCULOS DE LA COLECCI\u00d3N<\/h2>\n<h2 class=\"western\"><a href=\"https:\/\/muvacandalucia.es\/index.php\/2023\/03\/20\/paco-banos-linarense-universal-3\/\"><span style=\"font-size: small;\">Paco Ba\u00f1os, linarense universal (3)<\/span><\/a><\/h2>\n<h2 class=\"western\"><a href=\"https:\/\/muvacandalucia.es\/index.php\/2023\/03\/20\/paco-banos-linarense-universal-4\/\"><span style=\"font-size: small;\">Paco Ba\u00f1os, linarense universal (4)<\/span><\/a><\/h2>\n<h2 class=\"western\"><a href=\"https:\/\/muvacandalucia.es\/index.php\/2023\/03\/20\/un-analisis-de-la-bibliografia-y-hemeroteca-disponibles-sobre-francisco-banos\/\"><span style=\"font-size: small;\">Un an\u00e1lisis de la bibliograf\u00eda y hemeroteca disponibles sobre Francisco Ba\u00f1os<\/span><\/a><\/h2>\n<h2 class=\"western\"><a href=\"https:\/\/muvacandalucia.es\/index.php\/2023\/03\/20\/la-obra-de-paco-banos-en-la-coleccion-de-su-hijo-luis-banos\/\"><span style=\"font-size: small;\">La obra de Paco Ba\u00f1os en la colecci\u00f3n de su hijo Luis Ba\u00f1os<\/span><\/a><\/h2>\n<\/div>\n<p><span style=\"font-size: medium;\"><b>BIBLIOGRAF\u00cdA<\/b><\/span><\/p>\n<p><span style=\"font-size: medium;\">Almansa Moreno, J. M. y Mart\u00edn Robles, J. M. (dir.) (2016). <\/span><em><span style=\"font-size: medium;\">50 a\u00f1os de artes pl\u00e1sticas en Ja\u00e9n. Creaci\u00f3n, medios y espacios (1960-2010)<\/span><\/em><span style=\"font-size: medium;\">. Ja\u00e9n: Instituto de Estudios Giennenses, Diputaci\u00f3n Provincial de Ja\u00e9n. ISBN 978-84-92876-59-4 pp 75-79<\/span><\/p>\n<p><span style=\"font-size: medium;\">Camacho Conde, J. A. (2006). Francisco Ba\u00f1os Martos, el pintor sublime de Linares. <\/span><span style=\"font-size: medium;\"><i>Bolet\u00edn del Instituto de Estudios Giennenses<\/i><\/span><span style=\"font-size: medium;\">, (194), 15-46<\/span><\/p>\n<p><span style=\"font-size: medium;\">Leis S\u00e1nchez, V. (2012). Aproximaci\u00f3n al panorama bibliogr\u00e1fico linarense sobre ciencias sociales (1950-2007). En <\/span><span style=\"font-size: medium;\"><i>Actas I Congreso de Historia de Linares<\/i><\/span><span style=\"font-size: medium;\"> (pp. 439-452). Centro de Estudios Linarenses. <\/span><\/p>\n<p><span style=\"font-size: medium;\">Mart\u00ednez Aguilar, L. (2014). <\/span><span style=\"font-size: medium;\"><i>Historia art\u00edstica y social de los edificios linarenses<\/i><\/span><span style=\"font-size: medium;\">. Serv. Publicaciones Universidad de Ja\u00e9n y Centro de Estudios Linarenses, 2014<\/span><\/p>\n<p><span style=\"font-size: medium;\">Ram\u00edrez, Pablo (Coord.). 2004. <\/span><span style=\"font-size: medium;\"><i>Ba\u00f1os. La ley de la buena forma<\/i><\/span><span style=\"font-size: medium;\">. Universidad de Ja\u00e9n. Servicio de Publicaciones.<\/span><\/p>\n<p><span style=\"font-size: medium;\">Viribay Abad, M. (2011). Aproximaci\u00f3n a la pintura en Ja\u00e9n: 1900-1960. <\/span><span style=\"font-size: medium;\"><i>Bolet\u00edn del Instituto de Estudios Giennenses<\/i><\/span><span style=\"font-size: medium;\">, (204), 367-428.<\/span><\/p>\n<p><span style=\"color: #000080;\"><span lang=\"zxx\"><span style=\"color: #000000;\"><span style=\"font-size: medium;\"><b>PRENSA<\/b><\/span><\/span><\/span><\/span><\/p>\n<p><span style=\"font-size: medium;\">Aldea Bustos, M. \u00abInauguraci\u00f3n del mural El Juego de Francisco Ba\u00f1os\u00bb. Diario Ja\u00e9n [Ja\u00e9n], 18 de marzo de 2004, p. 49.<\/span><\/p>\n<p><span style=\"font-size: medium;\">Aldea Bustos, M. \u00abLos murales la Libertad y El Juego recuperan su antiguo esplendor\u00bb. Diario Ja\u00e9n [Ja\u00e9n], 19 de marzo de 2004, p. 77.<\/span><\/p>\n","protected":false},"excerpt":{"rendered":"<p>Francisco Ba\u00f1os Martos nace en Linares el 18 de marzo de 1928 en una familia humilde, hijo de minero y ama de casa, tercero de ocho hijos, en la perif\u00e9rica&hellip;<\/p>\n","protected":false},"author":1,"featured_media":2029,"comment_status":"open","ping_status":"open","sticky":false,"template":"","format":"standard","meta":[],"categories":[3],"tags":[],"jetpack_featured_media_url":"https:\/\/muvacandalucia.es\/wp-content\/uploads\/2023\/01\/Paco-Banos.jpg","_links":{"self":[{"href":"https:\/\/muvacandalucia.es\/index.php\/wp-json\/wp\/v2\/posts\/2028"}],"collection":[{"href":"https:\/\/muvacandalucia.es\/index.php\/wp-json\/wp\/v2\/posts"}],"about":[{"href":"https:\/\/muvacandalucia.es\/index.php\/wp-json\/wp\/v2\/types\/post"}],"author":[{"embeddable":true,"href":"https:\/\/muvacandalucia.es\/index.php\/wp-json\/wp\/v2\/users\/1"}],"replies":[{"embeddable":true,"href":"https:\/\/muvacandalucia.es\/index.php\/wp-json\/wp\/v2\/comments?post=2028"}],"version-history":[{"count":5,"href":"https:\/\/muvacandalucia.es\/index.php\/wp-json\/wp\/v2\/posts\/2028\/revisions"}],"predecessor-version":[{"id":2110,"href":"https:\/\/muvacandalucia.es\/index.php\/wp-json\/wp\/v2\/posts\/2028\/revisions\/2110"}],"wp:featuredmedia":[{"embeddable":true,"href":"https:\/\/muvacandalucia.es\/index.php\/wp-json\/wp\/v2\/media\/2029"}],"wp:attachment":[{"href":"https:\/\/muvacandalucia.es\/index.php\/wp-json\/wp\/v2\/media?parent=2028"}],"wp:term":[{"taxonomy":"category","embeddable":true,"href":"https:\/\/muvacandalucia.es\/index.php\/wp-json\/wp\/v2\/categories?post=2028"},{"taxonomy":"post_tag","embeddable":true,"href":"https:\/\/muvacandalucia.es\/index.php\/wp-json\/wp\/v2\/tags?post=2028"}],"curies":[{"name":"wp","href":"https:\/\/api.w.org\/{rel}","templated":true}]}}