{"id":1991,"date":"2021-07-24T10:42:51","date_gmt":"2021-07-24T10:42:51","guid":{"rendered":"https:\/\/muvacandalucia.es\/?p=1991"},"modified":"2021-07-16T10:57:15","modified_gmt":"2021-07-16T10:57:15","slug":"el-humanoide-inqueto-y-desobediente","status":"publish","type":"post","link":"https:\/\/muvacandalucia.es\/index.php\/2021\/07\/24\/el-humanoide-inqueto-y-desobediente\/","title":{"rendered":"24 Van Turbo: el humanoide inquieto y desobediente"},"content":{"rendered":"<figure id=\"attachment_1996\" aria-describedby=\"caption-attachment-1996\" style=\"width: 528px\" class=\"wp-caption alignnone\"><img decoding=\"async\" loading=\"lazy\" class=\"size-full wp-image-1996\" src=\"https:\/\/muvacandalucia.es\/wp-content\/uploads\/2021\/07\/Lekker-Moi.jpg\" alt=\"\u00d3leo sobre lienzo \u201cLekker Moi\u201d 24 x 19 cm\" width=\"528\" height=\"669\" srcset=\"https:\/\/muvacandalucia.es\/wp-content\/uploads\/2021\/07\/Lekker-Moi.jpg 528w, https:\/\/muvacandalucia.es\/wp-content\/uploads\/2021\/07\/Lekker-Moi-237x300.jpg 237w\" sizes=\"(max-width: 528px) 100vw, 528px\" \/><figcaption id=\"caption-attachment-1996\" class=\"wp-caption-text\">\u00d3leo sobre lienzo<br \/>\u201cLekker Moi\u201d<br \/>24 x 19 cm<\/figcaption><\/figure>\n<p style=\"text-align: justify;\"><span style=\"color: #808080;\">Se define a s\u00ed mismo como &#8220;humanoide, raza homo sapiens del planeta tierra, nacido en Sevilla&#8221;. Sumergido en un contexto de artistas y profesores de arte, Marcos \u00c1lvarez o Van Turbo desarroll\u00f3 una profunda sensibilidad con respecto a las artes pl\u00e1sticas.<br \/>\nPintura inquieta y desobediente a los formalismos y a las zonas de confort. No se siente identificado con la palabra estilo; deseado y buscado por la sociedad, es una gran c\u00e1rcel para alcanzar el pleno sentimiento de libertad y un condicionamiento para la propia personalidad.<br \/>\n<em>\u201cPuedo llegar a decir que ni quiero, ni busco, ni tengo estilo alguno<\/em>\u201d.<\/span><\/p>\n<figure id=\"attachment_1992\" aria-describedby=\"caption-attachment-1992\" style=\"width: 772px\" class=\"wp-caption alignnone\"><img decoding=\"async\" loading=\"lazy\" class=\"size-full wp-image-1992\" src=\"https:\/\/muvacandalucia.es\/wp-content\/uploads\/2021\/07\/Marcos-Alvarez.jpg\" alt=\"Marcos \u00c1lvarez\" width=\"772\" height=\"773\" srcset=\"https:\/\/muvacandalucia.es\/wp-content\/uploads\/2021\/07\/Marcos-Alvarez.jpg 772w, https:\/\/muvacandalucia.es\/wp-content\/uploads\/2021\/07\/Marcos-Alvarez-300x300.jpg 300w, https:\/\/muvacandalucia.es\/wp-content\/uploads\/2021\/07\/Marcos-Alvarez-150x150.jpg 150w, https:\/\/muvacandalucia.es\/wp-content\/uploads\/2021\/07\/Marcos-Alvarez-768x769.jpg 768w\" sizes=\"(max-width: 772px) 100vw, 772px\" \/><figcaption id=\"caption-attachment-1992\" class=\"wp-caption-text\">Marcos \u00c1lvarez<\/figcaption><\/figure>\n<figure id=\"attachment_1993\" aria-describedby=\"caption-attachment-1993\" style=\"width: 587px\" class=\"wp-caption alignnone\"><img decoding=\"async\" loading=\"lazy\" class=\"size-full wp-image-1993\" src=\"https:\/\/muvacandalucia.es\/wp-content\/uploads\/2021\/07\/Sor-Sobras.jpg\" alt=\"\u00d3leo sobre lienzo \u201cSor Sobras\u201d 24 x 19 cm\" width=\"587\" height=\"734\" srcset=\"https:\/\/muvacandalucia.es\/wp-content\/uploads\/2021\/07\/Sor-Sobras.jpg 587w, https:\/\/muvacandalucia.es\/wp-content\/uploads\/2021\/07\/Sor-Sobras-240x300.jpg 240w\" sizes=\"(max-width: 587px) 100vw, 587px\" \/><figcaption id=\"caption-attachment-1993\" class=\"wp-caption-text\">\u00d3leo sobre lienzo<br \/>\u201cSor Sobras\u201d<br \/>24 x 19 cm<\/figcaption><\/figure>\n","protected":false},"excerpt":{"rendered":"<p>Se define a s\u00ed mismo como &#8220;humanoide, raza homo sapiens del planeta tierra, nacido en Sevilla&#8221;. Sumergido en un contexto de artistas y profesores de arte, Marcos \u00c1lvarez o Van&hellip;<\/p>\n","protected":false},"author":1,"featured_media":1993,"comment_status":"open","ping_status":"open","sticky":false,"template":"","format":"standard","meta":[],"categories":[308],"tags":[342,310,301],"jetpack_featured_media_url":"https:\/\/muvacandalucia.es\/wp-content\/uploads\/2021\/07\/Sor-Sobras.jpg","_links":{"self":[{"href":"https:\/\/muvacandalucia.es\/index.php\/wp-json\/wp\/v2\/posts\/1991"}],"collection":[{"href":"https:\/\/muvacandalucia.es\/index.php\/wp-json\/wp\/v2\/posts"}],"about":[{"href":"https:\/\/muvacandalucia.es\/index.php\/wp-json\/wp\/v2\/types\/post"}],"author":[{"embeddable":true,"href":"https:\/\/muvacandalucia.es\/index.php\/wp-json\/wp\/v2\/users\/1"}],"replies":[{"embeddable":true,"href":"https:\/\/muvacandalucia.es\/index.php\/wp-json\/wp\/v2\/comments?post=1991"}],"version-history":[{"count":4,"href":"https:\/\/muvacandalucia.es\/index.php\/wp-json\/wp\/v2\/posts\/1991\/revisions"}],"predecessor-version":[{"id":1998,"href":"https:\/\/muvacandalucia.es\/index.php\/wp-json\/wp\/v2\/posts\/1991\/revisions\/1998"}],"wp:featuredmedia":[{"embeddable":true,"href":"https:\/\/muvacandalucia.es\/index.php\/wp-json\/wp\/v2\/media\/1993"}],"wp:attachment":[{"href":"https:\/\/muvacandalucia.es\/index.php\/wp-json\/wp\/v2\/media?parent=1991"}],"wp:term":[{"taxonomy":"category","embeddable":true,"href":"https:\/\/muvacandalucia.es\/index.php\/wp-json\/wp\/v2\/categories?post=1991"},{"taxonomy":"post_tag","embeddable":true,"href":"https:\/\/muvacandalucia.es\/index.php\/wp-json\/wp\/v2\/tags?post=1991"}],"curies":[{"name":"wp","href":"https:\/\/api.w.org\/{rel}","templated":true}]}}